{"id":12948,"date":"2017-02-15T10:51:36","date_gmt":"2017-02-15T10:51:36","guid":{"rendered":"https:\/\/www.basquemtb.com\/?p=12948"},"modified":"2020-12-09T11:26:47","modified_gmt":"2020-12-09T11:26:47","slug":"hire-bikes-old-and-new","status":"publish","type":"post","link":"https:\/\/www.basquemtb.com\/de\/leihfahrrader-alt-und-neu\/","title":{"rendered":"Leihfahrr\u00e4der: Alt und Neu"},"content":{"rendered":"<h2>basqueMTB Leihfahrr\u00e4der | Orbea Rallon<\/h2>\n<div class=\"text-fullscreen\">\n\nLetzten Monat haben wir unsere Leihfahrr\u00e4der von 2016 verkauft und eine brandneue Leihfahrradflotte f\u00fcr 2017 gekauft. Lesen Sie weiter, um herauszufinden, was wir mit unseren Mountainbikes am Ende der Saison tun und welche Fahrr\u00e4der wir f\u00fcr 2017 gekauft haben.\n\n<\/div>\n<div class=\"text-fullscreen\">\n\nWir k\u00fcmmern uns sehr gut um unsere Leihfahrr\u00e4der, und es war toll zu sehen, wie gut sie am Ende der Saison aussahen. Alle Fahrr\u00e4der sind mit Invisiframe abgedeckt und werden einmal pro Woche von einem Mechaniker \u00fcberpr\u00fcft. Alles, was abgenutzt ist oder nicht mehr gut funktioniert, wird gewartet oder ausgetauscht. Da wir die Fahrr\u00e4der nur im Rahmen unserer Touren ausleihen, ist immer ein F\u00fchrer dabei, der sich um die Fahrr\u00e4der k\u00fcmmert. Am Ende der Saison haben wir einen umfangreichen Service mit folgenden Punkten durchgef\u00fchrt:\n<ul>\n \t<li>Entfernen Sie den Invisiframe und \u00fcberpr\u00fcfen Sie den Rahmen vollst\u00e4ndig.<\/li>\n \t<li>Tauschen Sie den Antriebsstrang gegen einen neuen aus.<\/li>\n \t<li>Kompletter, professioneller Sto\u00dfd\u00e4mpfer- und Gabelservice. Auf dieser Grundlage haben wir 2 D\u00e4mpfer und 1 Gabel ersetzt, so dass die neuen Fahrr\u00e4der mit neuen D\u00e4mpfern und Gabeln geliefert wurden.<\/li>\n \t<li>Ersetzen Sie alle Rahmenlager.<\/li>\n \t<li>Neue Reifen, wo sie abgenutzt waren.<\/li>\n \t<li>\u00dcberpr\u00fcfen Sie alle Komponenten und ersetzen Sie sie bei Bedarf. In diesem Jahr haben wir 2 Kurbeln und 2 Schaltwerke ersetzt, die sich nicht richtig bewegten.<\/li>\n \t<li>Neue Griffe.<\/li>\n \t<li>Tiefenreinigung durch unseren OCD-Mechaniker. (Sollte selbstverst\u00e4ndlich sein!)<\/li>\n<\/ul>\n<\/div>\n<div class=\"text-fullscreen\">\n\nUnten sehen Sie einige Bilder von den Leihfahrr\u00e4dern, kurz bevor wir sie ihren neuen Besitzern \u00fcbergeben haben.\n\n<\/div>\n<div class=\"text-fullscreen\">\n\nWir hatten gro\u00dfes Interesse am Verkauf dieser Fahrr\u00e4der. F\u00fcr 2017 kaufen wir mehr Leihr\u00e4der, k\u00f6nnen Sie sehen <a href=\"https:\/\/www.basquemtb.com\/de\/was-enthalten-ist\/mountainbike-verleih\/\">Vollst\u00e4ndige Angaben zu unserer Mietflotte auf der Buchungsseite<\/a>und wir werden diese etwa im November-Dezember verkaufen. Wenn Sie daran interessiert sind, ein Fahrrad von uns zu kaufen, melden Sie sich einfach bei uns, um Ihr Interesse zu bekunden. Wir k\u00f6nnen oft verkaufen Fahrr\u00e4der mitten in der Saison als auch, wenn Sie interessiert sind, einfach in Kontakt treten.\n\n<\/div>\n<table>\n<tbody>\n<tr>\n<td><a href=\"https:\/\/www.basquemtb.com\/wp-content\/uploads\/basquemtb-hire-bikes-3-of-11.jpg\" rel=\"attachment wp-att-12959\"><img decoding=\"async\" class=\"aligncenter size-full wp-image-12959\" src=\"https:\/\/www.basquemtb.com\/wp-content\/uploads\/basquemtb-hire-bikes-3-of-11.jpg\" alt=\"San Sebastian Mountainbike-Verleih\" width=\"1200\" height=\"900\" srcset=\"https:\/\/www.basquemtb.com\/wp-content\/uploads\/basquemtb-hire-bikes-3-of-11.jpg 1200w, https:\/\/www.basquemtb.com\/wp-content\/uploads\/basquemtb-hire-bikes-3-of-11-300x225.jpg 300w, https:\/\/www.basquemtb.com\/wp-content\/uploads\/basquemtb-hire-bikes-3-of-11-150x113.jpg 150w, https:\/\/www.basquemtb.com\/wp-content\/uploads\/basquemtb-hire-bikes-3-of-11-1024x768.jpg 1024w\" sizes=\"(max-width: 1200px) 100vw, 1200px\" \/><\/a><\/td>\n<td><a href=\"https:\/\/www.basquemtb.com\/wp-content\/uploads\/basquemtb-hire-bikes-4-of-11.jpg\" rel=\"attachment wp-att-12958\"><img decoding=\"async\" class=\"aligncenter size-full wp-image-12958\" src=\"https:\/\/www.basquemtb.com\/wp-content\/uploads\/basquemtb-hire-bikes-4-of-11.jpg\" alt=\"San Sebastian Mountainbike-Verleih\" width=\"1200\" height=\"900\" srcset=\"https:\/\/www.basquemtb.com\/wp-content\/uploads\/basquemtb-hire-bikes-4-of-11.jpg 1200w, https:\/\/www.basquemtb.com\/wp-content\/uploads\/basquemtb-hire-bikes-4-of-11-300x225.jpg 300w, https:\/\/www.basquemtb.com\/wp-content\/uploads\/basquemtb-hire-bikes-4-of-11-150x113.jpg 150w, https:\/\/www.basquemtb.com\/wp-content\/uploads\/basquemtb-hire-bikes-4-of-11-1024x768.jpg 1024w\" sizes=\"(max-width: 1200px) 100vw, 1200px\" \/><\/a><\/td>\n<td><a href=\"https:\/\/www.basquemtb.com\/wp-content\/uploads\/basquemtb-hire-bikes-6-of-11.jpg\" rel=\"attachment wp-att-12956\"><img decoding=\"async\" class=\"aligncenter size-full wp-image-12956\" src=\"https:\/\/www.basquemtb.com\/wp-content\/uploads\/basquemtb-hire-bikes-6-of-11.jpg\" alt=\"San Sebastian Mountainbike-Verleih\" width=\"1200\" height=\"900\" srcset=\"https:\/\/www.basquemtb.com\/wp-content\/uploads\/basquemtb-hire-bikes-6-of-11.jpg 1200w, https:\/\/www.basquemtb.com\/wp-content\/uploads\/basquemtb-hire-bikes-6-of-11-300x225.jpg 300w, https:\/\/www.basquemtb.com\/wp-content\/uploads\/basquemtb-hire-bikes-6-of-11-150x113.jpg 150w, https:\/\/www.basquemtb.com\/wp-content\/uploads\/basquemtb-hire-bikes-6-of-11-1024x768.jpg 1024w\" sizes=\"(max-width: 1200px) 100vw, 1200px\" \/><\/a><\/td>\n<\/tr>\n<tr>\n<td><a href=\"https:\/\/www.basquemtb.com\/wp-content\/uploads\/basquemtb-hire-bikes-7-of-11.jpg\" rel=\"attachment wp-att-12955\"><img decoding=\"async\" class=\"aligncenter size-full wp-image-12955\" src=\"https:\/\/www.basquemtb.com\/wp-content\/uploads\/basquemtb-hire-bikes-7-of-11.jpg\" alt=\"San Sebastian Mountainbike-Verleih\" width=\"900\" height=\"1200\" srcset=\"https:\/\/www.basquemtb.com\/wp-content\/uploads\/basquemtb-hire-bikes-7-of-11.jpg 900w, https:\/\/www.basquemtb.com\/wp-content\/uploads\/basquemtb-hire-bikes-7-of-11-225x300.jpg 225w, https:\/\/www.basquemtb.com\/wp-content\/uploads\/basquemtb-hire-bikes-7-of-11-113x150.jpg 113w, https:\/\/www.basquemtb.com\/wp-content\/uploads\/basquemtb-hire-bikes-7-of-11-768x1024.jpg 768w\" sizes=\"(max-width: 900px) 100vw, 900px\" \/><\/a><\/td>\n<td><a href=\"https:\/\/www.basquemtb.com\/wp-content\/uploads\/basquemtb-hire-bikes-11-of-11.jpg\" rel=\"attachment wp-att-12949\"><img decoding=\"async\" class=\"aligncenter size-full wp-image-12949\" src=\"https:\/\/www.basquemtb.com\/wp-content\/uploads\/basquemtb-hire-bikes-11-of-11.jpg\" alt=\"basquemtb-mietfahrr\u00e4der (11 von 11)\" width=\"900\" height=\"1200\" srcset=\"https:\/\/www.basquemtb.com\/wp-content\/uploads\/basquemtb-hire-bikes-11-of-11.jpg 900w, https:\/\/www.basquemtb.com\/wp-content\/uploads\/basquemtb-hire-bikes-11-of-11-225x300.jpg 225w, https:\/\/www.basquemtb.com\/wp-content\/uploads\/basquemtb-hire-bikes-11-of-11-113x150.jpg 113w, https:\/\/www.basquemtb.com\/wp-content\/uploads\/basquemtb-hire-bikes-11-of-11-768x1024.jpg 768w\" sizes=\"(max-width: 900px) 100vw, 900px\" \/><\/a><\/td>\n<td><a href=\"https:\/\/www.basquemtb.com\/wp-content\/uploads\/basquemtb-hire-bikes-1-of-11.jpg\" rel=\"attachment wp-att-12963\"><img decoding=\"async\" class=\"aligncenter size-full wp-image-12963\" src=\"https:\/\/www.basquemtb.com\/wp-content\/uploads\/basquemtb-hire-bikes-1-of-11.jpg\" alt=\"San Sebastian Mountainbike-Verleih\" width=\"900\" height=\"1200\" srcset=\"https:\/\/www.basquemtb.com\/wp-content\/uploads\/basquemtb-hire-bikes-1-of-11.jpg 900w, https:\/\/www.basquemtb.com\/wp-content\/uploads\/basquemtb-hire-bikes-1-of-11-225x300.jpg 225w, https:\/\/www.basquemtb.com\/wp-content\/uploads\/basquemtb-hire-bikes-1-of-11-113x150.jpg 113w, https:\/\/www.basquemtb.com\/wp-content\/uploads\/basquemtb-hire-bikes-1-of-11-768x1024.jpg 768w\" sizes=\"(max-width: 900px) 100vw, 900px\" \/><\/a><\/td>\n<\/tr>\n<tr>\n<td><a href=\"https:\/\/www.basquemtb.com\/wp-content\/uploads\/basquemtb-hire-bikes-8-of-11.jpg\" rel=\"attachment wp-att-12953\"><img decoding=\"async\" class=\"aligncenter size-full wp-image-12953\" src=\"https:\/\/www.basquemtb.com\/wp-content\/uploads\/basquemtb-hire-bikes-8-of-11.jpg\" alt=\"San Sebastian Mountainbike-Verleih\" width=\"1200\" height=\"900\" srcset=\"https:\/\/www.basquemtb.com\/wp-content\/uploads\/basquemtb-hire-bikes-8-of-11.jpg 1200w, https:\/\/www.basquemtb.com\/wp-content\/uploads\/basquemtb-hire-bikes-8-of-11-300x225.jpg 300w, https:\/\/www.basquemtb.com\/wp-content\/uploads\/basquemtb-hire-bikes-8-of-11-150x113.jpg 150w, https:\/\/www.basquemtb.com\/wp-content\/uploads\/basquemtb-hire-bikes-8-of-11-1024x768.jpg 1024w\" sizes=\"(max-width: 1200px) 100vw, 1200px\" \/><\/a><\/td>\n<td><a href=\"https:\/\/www.basquemtb.com\/wp-content\/uploads\/basquemtb-hire-bikes-10-of-11.jpg\" rel=\"attachment wp-att-12950\"><img decoding=\"async\" class=\"aligncenter size-full wp-image-12950\" src=\"https:\/\/www.basquemtb.com\/wp-content\/uploads\/basquemtb-hire-bikes-10-of-11.jpg\" alt=\"San Sebastian Mountainbike-Verleih\" width=\"1200\" height=\"900\" srcset=\"https:\/\/www.basquemtb.com\/wp-content\/uploads\/basquemtb-hire-bikes-10-of-11.jpg 1200w, https:\/\/www.basquemtb.com\/wp-content\/uploads\/basquemtb-hire-bikes-10-of-11-300x225.jpg 300w, https:\/\/www.basquemtb.com\/wp-content\/uploads\/basquemtb-hire-bikes-10-of-11-150x113.jpg 150w, https:\/\/www.basquemtb.com\/wp-content\/uploads\/basquemtb-hire-bikes-10-of-11-1024x768.jpg 1024w\" sizes=\"(max-width: 1200px) 100vw, 1200px\" \/><\/a><\/td>\n<td><a href=\"https:\/\/www.basquemtb.com\/wp-content\/uploads\/basquemtb-hire-bikes-2-of-11.jpg\" rel=\"attachment wp-att-12961\"><img decoding=\"async\" class=\"aligncenter size-full wp-image-12961\" src=\"https:\/\/www.basquemtb.com\/wp-content\/uploads\/basquemtb-hire-bikes-2-of-11.jpg\" alt=\"San Sebastian Mountainbike-Verleih\" width=\"1200\" height=\"675\" srcset=\"https:\/\/www.basquemtb.com\/wp-content\/uploads\/basquemtb-hire-bikes-2-of-11.jpg 1200w, https:\/\/www.basquemtb.com\/wp-content\/uploads\/basquemtb-hire-bikes-2-of-11-300x169.jpg 300w, https:\/\/www.basquemtb.com\/wp-content\/uploads\/basquemtb-hire-bikes-2-of-11-150x84.jpg 150w, https:\/\/www.basquemtb.com\/wp-content\/uploads\/basquemtb-hire-bikes-2-of-11-1024x576.jpg 1024w\" sizes=\"(max-width: 1200px) 100vw, 1200px\" \/><\/a><\/td>\n<\/tr>\n<\/tbody>\n<\/table>","protected":false},"excerpt":{"rendered":"<p>Leihfahrradflotte, raus mit dem Alten und rein mit dem Neuen. <\/p>","protected":false},"author":1,"featured_media":12961,"comment_status":"closed","ping_status":"closed","sticky":false,"template":"","format":"standard","meta":{"_monsterinsights_skip_tracking":false,"_monsterinsights_sitenote_active":false,"_monsterinsights_sitenote_note":"","_monsterinsights_sitenote_category":0,"footnotes":""},"categories":[612],"tags":[744,743,566],"class_list":["post-12948","post","type-post","status-publish","format-standard","has-post-thumbnail","hentry","category-mtb-holiday","tag-hire-bikes","tag-mountain-bike-hire","tag-orbea-rallon-2"],"featured_image_src":"https:\/\/www.basquemtb.com\/wp-content\/uploads\/basquemtb-hire-bikes-2-of-11-600x400.jpg","featured_image_src_square":"https:\/\/www.basquemtb.com\/wp-content\/uploads\/basquemtb-hire-bikes-2-of-11-600x600.jpg","author_info":{"display_name":"admin","author_link":"https:\/\/www.basquemtb.com\/de\/author\/admin\/"},"_links":{"self":[{"href":"https:\/\/www.basquemtb.com\/de\/wp-json\/wp\/v2\/posts\/12948","targetHints":{"allow":["GET"]}}],"collection":[{"href":"https:\/\/www.basquemtb.com\/de\/wp-json\/wp\/v2\/posts"}],"about":[{"href":"https:\/\/www.basquemtb.com\/de\/wp-json\/wp\/v2\/types\/post"}],"author":[{"embeddable":true,"href":"https:\/\/www.basquemtb.com\/de\/wp-json\/wp\/v2\/users\/1"}],"replies":[{"embeddable":true,"href":"https:\/\/www.basquemtb.com\/de\/wp-json\/wp\/v2\/comments?post=12948"}],"version-history":[{"count":0,"href":"https:\/\/www.basquemtb.com\/de\/wp-json\/wp\/v2\/posts\/12948\/revisions"}],"wp:featuredmedia":[{"embeddable":true,"href":"https:\/\/www.basquemtb.com\/de\/wp-json\/wp\/v2\/media\/12961"}],"wp:attachment":[{"href":"https:\/\/www.basquemtb.com\/de\/wp-json\/wp\/v2\/media?parent=12948"}],"wp:term":[{"taxonomy":"category","embeddable":true,"href":"https:\/\/www.basquemtb.com\/de\/wp-json\/wp\/v2\/categories?post=12948"},{"taxonomy":"post_tag","embeddable":true,"href":"https:\/\/www.basquemtb.com\/de\/wp-json\/wp\/v2\/tags?post=12948"}],"curies":[{"name":"wp","href":"https:\/\/api.w.org\/{rel}","templated":true}]}}