{"id":4446,"date":"2011-12-19T12:35:14","date_gmt":"2011-12-19T12:35:14","guid":{"rendered":"http:\/\/localhost\/basquemtb\/?p=4446"},"modified":"2011-12-26T21:22:33","modified_gmt":"2011-12-26T21:22:33","slug":"basquemtb-mountain-bike-tour-on-the-coast-near-bilbao","status":"publish","type":"post","link":"https:\/\/www.basquemtb.com\/de\/mountainbike-tour-im-baskenland-an-der-kuste-bei-bilbao\/","title":{"rendered":"Mountainbike-Tour an der K\u00fcste nahe Bilbao"},"content":{"rendered":"<table border=\"0\">\r\n<tbody>\r\n<tr>\r\n<td>[singlepic id=\u201d2514\u2033 w=590px float=center\u201d]<\/td>\r\n<\/tr>\r\n<tr>\r\n<td style=\"text-align: center;\"><span style=\"color: #888888;\"><em>Atemberaubende Ausblicke entlang der gesamten K\u00fcste.<\/em><\/span><\/td>\r\n<\/tr>\r\n<\/tbody>\r\n<\/table>\r\nAm Mittwoch baute ich einen Mountainbike-Trail in einem nebligen Wald. Am Donnerstag war ich auf einem Berg, hoch \u00fcber den Wolken, und dachte \u00fcber eine lange felsige Abfahrt nach. Am Sonntag fuhren wir mit unseren R\u00e4dern auf perfekten Singletrails entlang der K\u00fcste, in der N\u00e4he von Bilbao, auf einer epischen 52 km langen Strecke. Was soll ich sagen, ich liebe das Baskenland und es muss sicher nah am Mountainbike-Himmel sein! Lesen Sie weiter f\u00fcr mehr \u00fcber die Strecke vom Sonntag, oder einfach nur, um die Bilder von einem der sch\u00f6nsten Orte Spaniens zu sehen. <!--more-->\r\n<table border=\"0\">\r\n<tbody>\r\n<tr>\r\n<td>[singlepic id=\u201d2512\u2033 w=290px float=center\u201d]<\/td>\r\n<td>[singlepic id=\u201d2517\u2033 w=290px float=center\u201d]<\/td>\r\n<\/tr>\r\n<tr>\r\n<td style=\"text-align: center;\"><span style=\"color: #888888;\"><em>Die Stadt auf Singletrails verlassen!<\/em><\/span><\/td>\r\n<td style=\"text-align: center;\"><span style=\"color: #888888;\"><em>Tolle Aussicht und nette Gipfel.<\/em><\/span><\/td>\r\n<\/tr>\r\n<\/tbody>\r\n<\/table>\r\nF\u00fcr 2012 bieten wir einen Mountainbike-Urlaub an der K\u00fcste nach Bilbao an. Beginnend in Spanien, direkt an der franz\u00f6sischen Grenze, werden wir mit dem Rad den ganzen Weg fahren und dabei so nah wie m\u00f6glich an der K\u00fcste bleiben. Der Urlaub wird komplett von Amaia begleitet, und jeden Tag wird sie alternative Aktivit\u00e4ten f\u00fcr Partner oder Personen anbieten, die eine Pause vom Mountainbiken w\u00fcnschen. Amaia wird uns die Kultur, das Essen und die Getr\u00e4nke dieses Teils Spaniens auf eine Weise zeigen, wie es nur eine Einheimische kann. Der Urlaub ist fast fertig, wir stecken jedoch noch die letzten Details in den Reiseplan. Ich hatte dies einem Freund, Mark aus Bilbao, erw\u00e4hnt und er bot an, mir seine lokalen Trails zu zeigen. Diese Trails werden Teil des letzten Tages unserer Tour bilden, wenn wir nach Bilbao hineinfahren.\r\n<table border=\"0\">\r\n<tbody>\r\n<tr>\r\n<td>[singlepic id=\u201d2515\u2033 w=290px float=center\u201d]<\/td>\r\n<td>[singlepic id=\u201d2527\u2033 w=290px float=center\u201d]<\/td>\r\n<\/tr>\r\n<tr>\r\n<td style=\"text-align: center;\"><span style=\"color: #888888;\"><em>Singletrail mit Aussicht. Und Konsequenzen.<\/em><\/span><\/td>\r\n<td style=\"text-align: center;\"><span style=\"color: #888888;\"><em>Der Blick \u00fcber den Hafen von Bilbao.<\/em><\/span><\/td>\r\n<\/tr>\r\n<\/tbody>\r\n<\/table>\r\nObwohl die Sonne schien, war es f\u00fcr diese Gegend Spaniens kalt, und unsere \u00fcblichen Rituale vor der Fahrt \u2013 Kaffee, Geplauder und Herumgetr\u00f6del \u2013 waren ungew\u00f6hnlich kurz, da wir unbedingt losfahren und uns aufw\u00e4rmen wollten. Zum Aufw\u00e4rmen machten wir eine kurze Runde um Marks Haus, mit harten Anstiegen und einigen vorbereiteten DH-Strecken. Die Route war nett, aber nichts Spektakul\u00e4res, obwohl es mir gelang, als Erster Blut zu lassen, als mir am Drop das Pedal abrutschte. Es war sch\u00f6n, sich ein bisschen aufzuw\u00e4rmen, aber wir waren begierig darauf, zum Kern der Fahrt zu gelangen: dem K\u00fcsten-Singletrack.\r\n<table border=\"0\">\r\n<tbody>\r\n<tr>\r\n<td colspan=\"2\">[singlepic id=\u201d2513\u2033 w=590px float=center\u201d]<\/td>\r\n<\/tr>\r\n<tr>\r\n<td style=\"text-align: center;\" colspan=\"2\"><span style=\"color: #888888;\"><em>Gefaltete und geschichtete Gesteinsformationen.<\/em><\/span><\/td>\r\n<\/tr>\r\n<tr>\r\n<td>[singlepic id=\u201d2516\u2033 w=290px float=center\u201d]<\/td>\r\n<td>[singlepic id=\u201d2518\u2033 w=290px float=center\u201d]<\/td>\r\n<\/tr>\r\n<tr>\r\n<td style=\"text-align: center;\"><span style=\"color: #888888;\"><em>Schwierig, sich auf die Trails zu konzentrieren.<\/em><\/span><\/td>\r\n<td style=\"text-align: center;\"><span style=\"color: #888888;\"><em>Schwungvolle, steinige Singletrails.<\/em><\/span><\/td>\r\n<\/tr>\r\n<\/tbody>\r\n<\/table>\r\nSobald wir die K\u00fcste erreichten, war es offensichtlich, dass uns eine besondere Mountainbike-Tour bevorstand. Obwohl wir uns noch am Stadtrand befanden, verlief sch\u00f6ner, technischer Singletrack entlang der Klippen. Es war atemberaubend und bald waren wir alle den Singletrack entlang gesprintet, zwischen den zahlreichen Fotostopps hindurch. Wenn es einen Nachteil gab, dann war es die Anzahl der Leute, aber alle waren cool und sprangen l\u00e4chelnd aus dem Weg. Der Grund f\u00fcr den Andrang war, dass es ein sonniger Sonntag war und die \u00fcbliche Zeit f\u00fcr einen Spaziergang vor dem Mittagessen.\r\n<table border=\"0\">\r\n<tbody>\r\n<tr>\r\n<td>[singlepic id=\u201d2519\u2033 w=290px float=center\u201d]<\/td>\r\n<td>[singlepic id=2520 w=290px float=center]<\/td>\r\n<\/tr>\r\n<tr>\r\n<td style=\"text-align: center;\"><em><span style=\"color: #888888;\">In dieser Stadt gibt es Bier.<\/span><\/em><\/td>\r\n<td style=\"text-align: center;\"><span style=\"color: #888888;\"><em>Das f\u00fchlte sich viel knapper an, als es aussieht!<\/em><\/span><\/td>\r\n<\/tr>\r\n<\/tbody>\r\n<\/table>\r\nAls wir uns etwas weiter von der Stadt entfernten, nahm die Zahl der Menschen stark ab. Die Wege schienen sich auch zu \u00f6ffnen, und die Abfahrten, obwohl kurz, hatten einen magischen Flow. Es war fast wie ein Pump-Track mit \u00fcberh\u00f6hten Kurven, kleinen Doubles und Drops und Dips, die man hochpumpen konnte. Kurz gesagt, es war ein unglaubliches Fahrerlebnis. Die Anstiege und Abfahrten waren alle kurz, mit H\u00f6henunterschieden von etwa 100-200 m, und alles schien danach zu schreien, mit hundertprozentiger Anstrengung angegriffen zu werden.\r\n<table border=\"0\">\r\n<tbody>\r\n<tr>\r\n<td colspan=\"2\">[singlepic id=\u201d2522\u2033 w=590px float=center\u201d]<\/td>\r\n<\/tr>\r\n<tr>\r\n<td style=\"text-align: center;\" colspan=\"2\"><span style=\"color: #888888;\"><em>Den Leuchtturm hinaufklettern.<\/em><\/span><\/td>\r\n<\/tr>\r\n<tr>\r\n<td>[singlepic id=\u201d2528\u2033 w=290px float=center\u201d]<\/td>\r\n<td>[singlepic id=\u201d2521\u2033 w=290px float=center\u201d]<\/td>\r\n<\/tr>\r\n<tr>\r\n<td style=\"text-align: center;\"><span style=\"color: #888888;\"><em>Klettern (vom Van weg) im Abendlicht.<\/em><\/span><\/td>\r\n<td style=\"text-align: center;\"><span style=\"color: #888888;\"><em>Bob. Nah am Rand.<\/em><\/span><\/td>\r\n<\/tr>\r\n<\/tbody>\r\n<\/table>\r\nAls wir die K\u00fcste entlang fuhren, kamen wir an einigen kleinen K\u00fcstenst\u00e4dten vorbei. In einer dieser St\u00e4dte hielten wir an, a\u00dfen etwas und tankten Kaffee nach. Alle waren m\u00fcde, wollten aber weiter die K\u00fcste entlangfahren, also brachen wir nach dem Essen wieder auf. Ich bin froh, dass wir das getan haben. Unser Anstieg begann auf Beton und wurde dann zu einem Singletrail, alles mit dem Fahrrad machbar, aber hart. Niemand schaffte es ohne einen Aussetzer nach oben. Es w\u00e4re den Aufstieg allein schon f\u00fcr die Aussicht wert gewesen, jedoch war die Abfahrt von hier aus fantastisch. Sie begann steinig und wurde dann sehr steinig, aber schnell und hart mit vielen kleinen Abs\u00e4tzen und Spr\u00fcngen. Ein v\u00f6lliger Kontrast zu dem, was wir bisher gefahren waren, und ein enorm angenehmer dazu. Am Ende der Abfahrt war offensichtlich, dass die Sonne dem Horizont nahe war. Wir sprachen dar\u00fcber, ob wir den Zug zur\u00fcck zum Van nehmen sollten, aber alle genossen die Trails und wollten die letzten Kilometer Singletrail des Tages herausholen. Und aus unseren Beinen!\r\n<table border=\"0\">\r\n<tbody>\r\n<tr>\r\n<td>[singlepic id=\u201d2524\u2033 w=590px float=center\u201d]<\/td>\r\n<\/tr>\r\n<tr>\r\n<td style=\"text-align: center;\"><span style=\"color: #888888;\"><em>Es wird dunkel.<\/em><\/span><\/td>\r\n<\/tr>\r\n<\/tbody>\r\n<\/table>\r\nAn der K\u00fcste entlang zu fahren, w\u00e4hrend die Sonne untergeht, war etwas Besonderes. Ich glaube nicht, dass ich es besser beschreiben kann als das. Die Aussichten und die Wege waren genau richtig. Kurze, steile Anstiege, gefolgt von kurvenreichen Abfahrten. An einem Punkt habe ich einen perfekten kleinen Sprung gemacht und bin direkt an der n\u00e4chsten Kurve vorbeigeflogen und habe mich kaputt gelacht. Ich glaube, jeder hatte mal so einen Moment. Irgendwann bogen wir von der K\u00fcste ab und fuhren auf einem gewundenen Singletrack in den Wald hinein. Die Sonne war inzwischen schon fast untergegangen. Der Trail war perfekt, aber was mir in Erinnerung geblieben ist, waren die vielen M\u00e4nner im Wald. Es ist ein bekanntes Gebiet f\u00fcr schwule M\u00e4nner, die dort unterwegs sind, aber diese M\u00e4nner waren alle \u00e4lter und hingen nur noch im Wald herum, um mit unbekannten Partnern zu t\u00e4ndeln. Ich fand es traurig, dass sie ihr Leben so leben m\u00fcssen und sich nicht vor Freunden und Familie outen k\u00f6nnen. Doch trotz meiner Traurigkeit lie\u00df ich mich nicht beirren und kurbelte mit dem Fahrrad so schnell durch den Wald, wie ich mich traute; ich musste nicht der Schnellste sein, aber ich wollte auch nicht der Langsamste sein! Wir kamen aus dem Wald heraus und pl\u00f6tzlich war unsere epische Fahrt zu Ende. M\u00fcde, gl\u00fccklich, staubbedeckt, blutend, durstig. Ich k\u00f6nnte noch mehr sagen, aber ihr wisst wahrscheinlich, wie wir uns f\u00fchlten! Es war eine weitere epische Mountainbiketour, die durch ihren Kontrast zum Rest der Woche der Perfektion noch n\u00e4her kam.\r\n<table border=\"0\">\r\n<tbody>\r\n<tr>\r\n<td>[singlepic id=2525 w=590px float=center]<\/td>\r\n<\/tr>\r\n<tr>\r\n<td style=\"text-align: center;\"><span style=\"color: #888888;\"><em>Ist es schon dunkel?<\/em><\/span><\/td>\r\n<\/tr>\r\n<tr>\r\n<td>[singlepic id=\u201d2523\u2033 w=590px float=center\u201d]<\/td>\r\n<\/tr>\r\n<tr>\r\n<td style=\"text-align: center;\"><span style=\"color: #888888;\"><em>Die untergehende Sonne an der K\u00fcste. <\/em><\/span><\/td>\r\n<\/tr>\r\n<\/tbody>\r\n<\/table>","protected":false},"excerpt":{"rendered":"<p>Mountainbiken an der K\u00fcste in der N\u00e4he von Bilbao.<\/p>","protected":false},"author":1,"featured_media":4457,"comment_status":"open","ping_status":"open","sticky":false,"template":"","format":"standard","meta":{"_monsterinsights_skip_tracking":false,"_monsterinsights_sitenote_active":false,"_monsterinsights_sitenote_note":"","_monsterinsights_sitenote_category":0,"footnotes":""},"categories":[],"tags":[],"class_list":["post-4446","post","type-post","status-publish","format-standard","has-post-thumbnail","hentry"],"featured_image_src":"https:\/\/www.basquemtb.com\/wp-content\/uploads\/basquemtb-mountain-bike-tour-on-the-coast-near-bilbao-1.jpg","featured_image_src_square":"https:\/\/www.basquemtb.com\/wp-content\/uploads\/basquemtb-mountain-bike-tour-on-the-coast-near-bilbao-1.jpg","author_info":{"display_name":"admin","author_link":"https:\/\/www.basquemtb.com\/de\/author\/admin\/"},"_links":{"self":[{"href":"https:\/\/www.basquemtb.com\/de\/wp-json\/wp\/v2\/posts\/4446","targetHints":{"allow":["GET"]}}],"collection":[{"href":"https:\/\/www.basquemtb.com\/de\/wp-json\/wp\/v2\/posts"}],"about":[{"href":"https:\/\/www.basquemtb.com\/de\/wp-json\/wp\/v2\/types\/post"}],"author":[{"embeddable":true,"href":"https:\/\/www.basquemtb.com\/de\/wp-json\/wp\/v2\/users\/1"}],"replies":[{"embeddable":true,"href":"https:\/\/www.basquemtb.com\/de\/wp-json\/wp\/v2\/comments?post=4446"}],"version-history":[{"count":0,"href":"https:\/\/www.basquemtb.com\/de\/wp-json\/wp\/v2\/posts\/4446\/revisions"}],"wp:featuredmedia":[{"embeddable":true,"href":"https:\/\/www.basquemtb.com\/de\/wp-json\/wp\/v2\/media\/4457"}],"wp:attachment":[{"href":"https:\/\/www.basquemtb.com\/de\/wp-json\/wp\/v2\/media?parent=4446"}],"wp:term":[{"taxonomy":"category","embeddable":true,"href":"https:\/\/www.basquemtb.com\/de\/wp-json\/wp\/v2\/categories?post=4446"},{"taxonomy":"post_tag","embeddable":true,"href":"https:\/\/www.basquemtb.com\/de\/wp-json\/wp\/v2\/tags?post=4446"}],"curies":[{"name":"wp","href":"https:\/\/api.w.org\/{rel}","templated":true}]}}