{"id":45341,"date":"2007-01-06T11:07:58","date_gmt":"2007-01-06T11:07:58","guid":{"rendered":"https:\/\/www.basquemtb.com\/?p=45341"},"modified":"2025-01-06T11:08:36","modified_gmt":"2025-01-06T11:08:36","slug":"pyrenees-odyssey-welcome-pack","status":"publish","type":"post","link":"https:\/\/www.basquemtb.com\/de\/willkommenspaket-pyrenaen-odyssee\/","title":{"rendered":"Pyren\u00e4en-Odyssee Willkommenspaket"},"content":{"rendered":"<div class=\"wp-block-rank-math-toc-block text-fullscreen-list\" id=\"rank-math-toc\"><h2>Inhaltsverzeichnis<\/h2><nav><ul><li><a href=\"#general-information\">Allgemeine Informationen<\/a><\/li><li><a href=\"#payment-terms-and-conditions\">Zahlungsbedingungen<\/a><\/li><li><a href=\"#insurance-and-emergency-details\">Versicherungs- und Notfalldetails.<\/a><\/li><li><a href=\"#travel-and-transfer-information\">Reise- und Transferinformationen.<\/a><\/li><li><a href=\"#travel-check-in-check-out-driving-directions\">Reisen \/ Check-In Check-Out \/ Anfahrtsbeschreibung<\/a><\/li><li><a href=\"#accommodation-facilities\">Unterkunft &amp; Ausstattung<\/a><\/li><li><a href=\"#the-riding-number-of-uplifts\">Die Fahrten \/ Anzahl der Aufz\u00fcge<\/a><\/li><li><a href=\"#rental-bikes\">Mietfahrr\u00e4der<\/a><\/li><li><a href=\"#equipment-needed-and-recommended\">Ben\u00f6tigte und empfohlene Ausr\u00fcstung<\/a><\/li><li><a href=\"#backcountry-pyrenees-related-pages\">PYREN\u00c4EN-ODYSSEE | VERWANDTE SEITEN<\/a><\/li><li><a href=\"#or-check-our-latest-stories\">Oder lesen Sie unsere neuesten Geschichten<\/a><\/li><\/ul><\/nav><\/div>\n\n\n\n<h2 class=\"wp-block-heading h2_post\" id=\"general-information\">Allgemeine Informationen<\/h2>\n\n\n\n<ol class=\"wp-block-list\">\n<li class=\"text-fullscreen-list\">Hier haben Sie alle Informationen, die Sie f\u00fcr Ihren Mountainbike-Urlaub in den Pyren\u00e4en ben\u00f6tigen.<\/li>\n\n\n\n<li class=\"text-fullscreen-list\"><a href=\"https:\/\/www.basquemtb.com\/de\/was-enthalten-ist\/sich-melden\/\">Klicken Sie hier f\u00fcr Kontaktinformationen. <\/a><\/li>\n\n\n\n<li class=\"text-fullscreen-list\">Halte die Begeisterung f\u00fcr dein Abenteuer hoch! Folge uns auf Instagram. <\/li>\n<\/ol>\n\n\n\n<div style=\"background-color:#f0f0f0\" class=\"wp-block-genesis-blocks-gb-container gb-block-container\"><div class=\"gb-container-inside\"><div class=\"gb-container-content\">\n<div id=\"sb_instagram\"  class=\"sbi sbi_mob_col_3 sbi_tab_col_3 sbi_col_6 sbi_width_resp\" style=\"padding-bottom: 10px;\"\t data-feedid=\"*1\"  data-res=\"auto\" data-cols=\"6\" data-colsmobile=\"3\" data-colstablet=\"3\" data-num=\"12\" data-nummobile=\"6\" data-item-padding=\"5\"\t data-shortcode-atts=\"{}\"  data-postid=\"45341\" data-locatornonce=\"2678d71b71\" data-imageaspectratio=\"1:1\" data-sbi-flags=\"favorLocal\">\n\t<div class=\"sb_instagram_header  sbi_medium\"   >\n\t<a class=\"sbi_header_link\" target=\"_blank\" rel=\"nofollow noopener\" href=\"https:\/\/www.instagram.com\/basquemtb\/\" title=\"@basquemtb\">\n\t\t<div class=\"sbi_header_text\">\n\t\t\t<div class=\"sbi_header_img\"  data-avatar-url=\"https:\/\/scontent-lhr6-2.xx.fbcdn.net\/v\/t51.2885-15\/491439912_1495859091405774_853816002454634846_n.jpg?_nc_cat=100&amp;ccb=1-7&amp;_nc_sid=7d201b&amp;_nc_ohc=oBGBFZoxaMcQ7kNvwEteNsI&amp;_nc_oc=Adrf8xCOEQDrcPcWBBQ4HFxPDygKrtvxU__DgNSpsv0Y3x-pdmyIHrNXab5zT6CCV8M&amp;_nc_zt=23&amp;_nc_ht=scontent-lhr6-2.xx&amp;edm=AL-3X8kEAAAA&amp;oh=00_Af2ObnAlKWvl9c-KN62EEQbfnrqX7UVy6a2QDHY_DzQ9ag&amp;oe=69F31D0D\">\n\t\t\t\t\t\t\t\t\t<div class=\"sbi_header_img_hover\"  ><svg class=\"sbi_new_logo fa-instagram fa-w-14\" aria-hidden=\"true\" data-fa-processed=\"\" aria-label=\"Instagram\" data-prefix=\"fab\" data-icon=\"instagram\" role=\"img\" viewbox=\"0 0 448 512\">\n                    <path fill=\"currentColor\" d=\"M224.1 141c-63.6 0-114.9 51.3-114.9 114.9s51.3 114.9 114.9 114.9S339 319.5 339 255.9 287.7 141 224.1 141zm0 189.6c-41.1 0-74.7-33.5-74.7-74.7s33.5-74.7 74.7-74.7 74.7 33.5 74.7 74.7-33.6 74.7-74.7 74.7zm146.4-194.3c0 14.9-12 26.8-26.8 26.8-14.9 0-26.8-12-26.8-26.8s12-26.8 26.8-26.8 26.8 12 26.8 26.8zm76.1 27.2c-1.7-35.9-9.9-67.7-36.2-93.9-26.2-26.2-58-34.4-93.9-36.2-37-2.1-147.9-2.1-184.9 0-35.8 1.7-67.6 9.9-93.9 36.1s-34.4 58-36.2 93.9c-2.1 37-2.1 147.9 0 184.9 1.7 35.9 9.9 67.7 36.2 93.9s58 34.4 93.9 36.2c37 2.1 147.9 2.1 184.9 0 35.9-1.7 67.7-9.9 93.9-36.2 26.2-26.2 34.4-58 36.2-93.9 2.1-37 2.1-147.8 0-184.8zM398.8 388c-7.8 19.6-22.9 34.7-42.6 42.6-29.5 11.7-99.5 9-132.1 9s-102.7 2.6-132.1-9c-19.6-7.8-34.7-22.9-42.6-42.6-11.7-29.5-9-99.5-9-132.1s-2.6-102.7 9-132.1c7.8-19.6 22.9-34.7 42.6-42.6 29.5-11.7 99.5-9 132.1-9s102.7-2.6 132.1 9c19.6 7.8 34.7 22.9 42.6 42.6 11.7 29.5 9 99.5 9 132.1s2.7 102.7-9 132.1z\"><\/path>\n                <\/svg><\/div>\n\t\t\t\t\t<img decoding=\"async\"  src=\"https:\/\/www.basquemtb.com\/wp-content\/uploads\/sb-instagram-feed-images\/basquemtb.webp\" alt=\"\" width=\"50\" height=\"50\">\n\t\t\t\t\n\t\t\t\t\t\t\t<\/div>\n\n\t\t\t<div class=\"sbi_feedtheme_header_text\">\n\t\t\t\t<h3>basquemtb<\/h3>\n\t\t\t\t\t\t\t\t\t<p class=\"sbi_bio\">Gef\u00fchrter Mountainbike-Urlaub in den Pyren\u00e4en und im Baskenland mit Shuttleservice. #basquemtb<\/p>\n\t\t\t\t\t\t\t<\/div>\n\t\t<\/div>\n\t<\/a>\n<\/div>\n\n\t<div id=\"sbi_images\"  style=\"gap: 10px;\">\n\t\t<div class=\"sbi_item sbi_type_video sbi_new sbi_transition\"\n\tid=\"sbi_17865833367511685\" data-date=\"1773498359\">\n\t<div class=\"sbi_photo_wrap\">\n\t\t<a class=\"sbi_photo\" href=\"https:\/\/www.instagram.com\/reel\/DV3jwUnCJRM\/\" target=\"_blank\" rel=\"noopener nofollow\" data-full-res=\"https:\/\/scontent-lhr6-1.cdninstagram.com\/v\/t51.82787-15\/650739222_18570858232035359_6089363738622335754_n.jpg?stp=dst-jpg_e35_tt6&#038;_nc_cat=110&#038;ccb=7-5&#038;_nc_sid=18de74&#038;efg=eyJlZmdfdGFnIjoiQ0xJUFMuYmVzdF9pbWFnZV91cmxnZW4uQzMifQ%3D%3D&#038;_nc_ohc=irDRyS_70ZgQ7kNvwEVlmG-&#038;_nc_oc=Adp5iIe85H0eidEBJd3IEwc_g9O_sUJ7u-WTNOFzY_SbNnsuGO3ATx4WF-oClh-jwgw&#038;_nc_zt=23&#038;_nc_ht=scontent-lhr6-1.cdninstagram.com&#038;edm=AM6HXa8EAAAA&#038;_nc_gid=NnFd7aX4hPjc8Ofix9WnEw&#038;_nc_tpa=Q5bMBQFrr2z_fZUNs4kTkIxyLzCf3jvbClXZBofnflfv_I7AJuJ063h53hvZ3WdzxSfWJpSlzSozjTcz&#038;oh=00_Af1stDc0yr9f8G9KBpaQUTIWA2iBlrxMuHtwHbQLZvLjgA&#038;oe=69F323E7\" data-img-src-set=\"{&quot;d&quot;:&quot;https:\\\/\\\/scontent-lhr6-1.cdninstagram.com\\\/v\\\/t51.82787-15\\\/650739222_18570858232035359_6089363738622335754_n.jpg?stp=dst-jpg_e35_tt6&amp;_nc_cat=110&amp;ccb=7-5&amp;_nc_sid=18de74&amp;efg=eyJlZmdfdGFnIjoiQ0xJUFMuYmVzdF9pbWFnZV91cmxnZW4uQzMifQ%3D%3D&amp;_nc_ohc=irDRyS_70ZgQ7kNvwEVlmG-&amp;_nc_oc=Adp5iIe85H0eidEBJd3IEwc_g9O_sUJ7u-WTNOFzY_SbNnsuGO3ATx4WF-oClh-jwgw&amp;_nc_zt=23&amp;_nc_ht=scontent-lhr6-1.cdninstagram.com&amp;edm=AM6HXa8EAAAA&amp;_nc_gid=NnFd7aX4hPjc8Ofix9WnEw&amp;_nc_tpa=Q5bMBQFrr2z_fZUNs4kTkIxyLzCf3jvbClXZBofnflfv_I7AJuJ063h53hvZ3WdzxSfWJpSlzSozjTcz&amp;oh=00_Af1stDc0yr9f8G9KBpaQUTIWA2iBlrxMuHtwHbQLZvLjgA&amp;oe=69F323E7&quot;,&quot;150&quot;:&quot;https:\\\/\\\/scontent-lhr6-1.cdninstagram.com\\\/v\\\/t51.82787-15\\\/650739222_18570858232035359_6089363738622335754_n.jpg?stp=dst-jpg_e35_tt6&amp;_nc_cat=110&amp;ccb=7-5&amp;_nc_sid=18de74&amp;efg=eyJlZmdfdGFnIjoiQ0xJUFMuYmVzdF9pbWFnZV91cmxnZW4uQzMifQ%3D%3D&amp;_nc_ohc=irDRyS_70ZgQ7kNvwEVlmG-&amp;_nc_oc=Adp5iIe85H0eidEBJd3IEwc_g9O_sUJ7u-WTNOFzY_SbNnsuGO3ATx4WF-oClh-jwgw&amp;_nc_zt=23&amp;_nc_ht=scontent-lhr6-1.cdninstagram.com&amp;edm=AM6HXa8EAAAA&amp;_nc_gid=NnFd7aX4hPjc8Ofix9WnEw&amp;_nc_tpa=Q5bMBQFrr2z_fZUNs4kTkIxyLzCf3jvbClXZBofnflfv_I7AJuJ063h53hvZ3WdzxSfWJpSlzSozjTcz&amp;oh=00_Af1stDc0yr9f8G9KBpaQUTIWA2iBlrxMuHtwHbQLZvLjgA&amp;oe=69F323E7&quot;,&quot;320&quot;:&quot;https:\\\/\\\/scontent-lhr6-1.cdninstagram.com\\\/v\\\/t51.82787-15\\\/650739222_18570858232035359_6089363738622335754_n.jpg?stp=dst-jpg_e35_tt6&amp;_nc_cat=110&amp;ccb=7-5&amp;_nc_sid=18de74&amp;efg=eyJlZmdfdGFnIjoiQ0xJUFMuYmVzdF9pbWFnZV91cmxnZW4uQzMifQ%3D%3D&amp;_nc_ohc=irDRyS_70ZgQ7kNvwEVlmG-&amp;_nc_oc=Adp5iIe85H0eidEBJd3IEwc_g9O_sUJ7u-WTNOFzY_SbNnsuGO3ATx4WF-oClh-jwgw&amp;_nc_zt=23&amp;_nc_ht=scontent-lhr6-1.cdninstagram.com&amp;edm=AM6HXa8EAAAA&amp;_nc_gid=NnFd7aX4hPjc8Ofix9WnEw&amp;_nc_tpa=Q5bMBQFrr2z_fZUNs4kTkIxyLzCf3jvbClXZBofnflfv_I7AJuJ063h53hvZ3WdzxSfWJpSlzSozjTcz&amp;oh=00_Af1stDc0yr9f8G9KBpaQUTIWA2iBlrxMuHtwHbQLZvLjgA&amp;oe=69F323E7&quot;,&quot;640&quot;:&quot;https:\\\/\\\/scontent-lhr6-1.cdninstagram.com\\\/v\\\/t51.82787-15\\\/650739222_18570858232035359_6089363738622335754_n.jpg?stp=dst-jpg_e35_tt6&amp;_nc_cat=110&amp;ccb=7-5&amp;_nc_sid=18de74&amp;efg=eyJlZmdfdGFnIjoiQ0xJUFMuYmVzdF9pbWFnZV91cmxnZW4uQzMifQ%3D%3D&amp;_nc_ohc=irDRyS_70ZgQ7kNvwEVlmG-&amp;_nc_oc=Adp5iIe85H0eidEBJd3IEwc_g9O_sUJ7u-WTNOFzY_SbNnsuGO3ATx4WF-oClh-jwgw&amp;_nc_zt=23&amp;_nc_ht=scontent-lhr6-1.cdninstagram.com&amp;edm=AM6HXa8EAAAA&amp;_nc_gid=NnFd7aX4hPjc8Ofix9WnEw&amp;_nc_tpa=Q5bMBQFrr2z_fZUNs4kTkIxyLzCf3jvbClXZBofnflfv_I7AJuJ063h53hvZ3WdzxSfWJpSlzSozjTcz&amp;oh=00_Af1stDc0yr9f8G9KBpaQUTIWA2iBlrxMuHtwHbQLZvLjgA&amp;oe=69F323E7&quot;}\">\n\t\t\t<span class=\"sbi-screenreader\">Sonnige Abende an der baskischen K\u00fcste. #basquemtb #oder<\/span>\n\t\t\t\t\t\t<svg style=\"color: rgba(255,255,255,1)\" class=\"svg-inline--fa fa-play fa-w-14 sbi_playbtn\" aria-label=\"Spielen\" aria-hidden=\"true\" data-fa-processed=\"\" data-prefix=\"fa\" data-icon=\"play\" role=\"presentation\" xmlns=\"http:\/\/www.w3.org\/2000\/svg\" viewbox=\"0 0 448 512\"><path fill=\"currentColor\" d=\"M424.4 214.7L72.4 6.6C43.8-10.3 0 6.1 0 47.9V464c0 37.5 40.7 60.1 72.4 41.3l352-208c31.4-18.5 31.5-64.1 0-82.6z\"><\/path><\/svg>\t\t\t<img decoding=\"async\" src=\"https:\/\/www.basquemtb.com\/wp-content\/plugins\/instagram-feed\/img\/placeholder.png\" alt=\"Sonnige Abende an der baskischen K\u00fcste. #basquemtb #orbeawild @trailtales_\" aria-hidden=\"true\">\n\t\t<\/a>\n\t<\/div>\n<\/div><div class=\"sbi_item sbi_type_carousel sbi_new sbi_transition\"\n\tid=\"sbi_17997236648745768\" data-date=\"1773145385\">\n\t<div class=\"sbi_photo_wrap\">\n\t\t<a class=\"sbi_photo\" href=\"https:\/\/www.instagram.com\/p\/DVtCqg4iHxD\/\" target=\"_blank\" rel=\"noopener nofollow\" data-full-res=\"https:\/\/scontent-lhr8-2.cdninstagram.com\/v\/t51.82787-15\/648754694_18569904361035359_2912048204220191621_n.jpg?stp=dst-jpg_e35_tt6&#038;_nc_cat=101&#038;ccb=7-5&#038;_nc_sid=18de74&#038;efg=eyJlZmdfdGFnIjoiQ0FST1VTRUxfSVRFTS5iZXN0X2ltYWdlX3VybGdlbi5DMyJ9&#038;_nc_ohc=W_DAiukZQgEQ7kNvwHlTeEq&#038;_nc_oc=Adoogcn023gtMHZZKDPTvQ8ySdTpkTdPyVWIdXBYDPzuXiEOCvV7EakMxPT9nsMhFLA&#038;_nc_zt=23&#038;_nc_ht=scontent-lhr8-2.cdninstagram.com&#038;edm=AM6HXa8EAAAA&#038;_nc_gid=NnFd7aX4hPjc8Ofix9WnEw&#038;oh=00_Af1WQ_nI5ZjO2LTXi7ap_tVvxQwLQl6uZLcBJzYYwPnAvA&#038;oe=69F332A3\" data-img-src-set=\"{&quot;d&quot;:&quot;https:\\\/\\\/scontent-lhr8-2.cdninstagram.com\\\/v\\\/t51.82787-15\\\/648754694_18569904361035359_2912048204220191621_n.jpg?stp=dst-jpg_e35_tt6&amp;_nc_cat=101&amp;ccb=7-5&amp;_nc_sid=18de74&amp;efg=eyJlZmdfdGFnIjoiQ0FST1VTRUxfSVRFTS5iZXN0X2ltYWdlX3VybGdlbi5DMyJ9&amp;_nc_ohc=W_DAiukZQgEQ7kNvwHlTeEq&amp;_nc_oc=Adoogcn023gtMHZZKDPTvQ8ySdTpkTdPyVWIdXBYDPzuXiEOCvV7EakMxPT9nsMhFLA&amp;_nc_zt=23&amp;_nc_ht=scontent-lhr8-2.cdninstagram.com&amp;edm=AM6HXa8EAAAA&amp;_nc_gid=NnFd7aX4hPjc8Ofix9WnEw&amp;oh=00_Af1WQ_nI5ZjO2LTXi7ap_tVvxQwLQl6uZLcBJzYYwPnAvA&amp;oe=69F332A3&quot;,&quot;150&quot;:&quot;https:\\\/\\\/scontent-lhr8-2.cdninstagram.com\\\/v\\\/t51.82787-15\\\/648754694_18569904361035359_2912048204220191621_n.jpg?stp=dst-jpg_e35_tt6&amp;_nc_cat=101&amp;ccb=7-5&amp;_nc_sid=18de74&amp;efg=eyJlZmdfdGFnIjoiQ0FST1VTRUxfSVRFTS5iZXN0X2ltYWdlX3VybGdlbi5DMyJ9&amp;_nc_ohc=W_DAiukZQgEQ7kNvwHlTeEq&amp;_nc_oc=Adoogcn023gtMHZZKDPTvQ8ySdTpkTdPyVWIdXBYDPzuXiEOCvV7EakMxPT9nsMhFLA&amp;_nc_zt=23&amp;_nc_ht=scontent-lhr8-2.cdninstagram.com&amp;edm=AM6HXa8EAAAA&amp;_nc_gid=NnFd7aX4hPjc8Ofix9WnEw&amp;oh=00_Af1WQ_nI5ZjO2LTXi7ap_tVvxQwLQl6uZLcBJzYYwPnAvA&amp;oe=69F332A3&quot;,&quot;320&quot;:&quot;https:\\\/\\\/scontent-lhr8-2.cdninstagram.com\\\/v\\\/t51.82787-15\\\/648754694_18569904361035359_2912048204220191621_n.jpg?stp=dst-jpg_e35_tt6&amp;_nc_cat=101&amp;ccb=7-5&amp;_nc_sid=18de74&amp;efg=eyJlZmdfdGFnIjoiQ0FST1VTRUxfSVRFTS5iZXN0X2ltYWdlX3VybGdlbi5DMyJ9&amp;_nc_ohc=W_DAiukZQgEQ7kNvwHlTeEq&amp;_nc_oc=Adoogcn023gtMHZZKDPTvQ8ySdTpkTdPyVWIdXBYDPzuXiEOCvV7EakMxPT9nsMhFLA&amp;_nc_zt=23&amp;_nc_ht=scontent-lhr8-2.cdninstagram.com&amp;edm=AM6HXa8EAAAA&amp;_nc_gid=NnFd7aX4hPjc8Ofix9WnEw&amp;oh=00_Af1WQ_nI5ZjO2LTXi7ap_tVvxQwLQl6uZLcBJzYYwPnAvA&amp;oe=69F332A3&quot;,&quot;640&quot;:&quot;https:\\\/\\\/scontent-lhr8-2.cdninstagram.com\\\/v\\\/t51.82787-15\\\/648754694_18569904361035359_2912048204220191621_n.jpg?stp=dst-jpg_e35_tt6&amp;_nc_cat=101&amp;ccb=7-5&amp;_nc_sid=18de74&amp;efg=eyJlZmdfdGFnIjoiQ0FST1VTRUxfSVRFTS5iZXN0X2ltYWdlX3VybGdlbi5DMyJ9&amp;_nc_ohc=W_DAiukZQgEQ7kNvwHlTeEq&amp;_nc_oc=Adoogcn023gtMHZZKDPTvQ8ySdTpkTdPyVWIdXBYDPzuXiEOCvV7EakMxPT9nsMhFLA&amp;_nc_zt=23&amp;_nc_ht=scontent-lhr8-2.cdninstagram.com&amp;edm=AM6HXa8EAAAA&amp;_nc_gid=NnFd7aX4hPjc8Ofix9WnEw&amp;oh=00_Af1WQ_nI5ZjO2LTXi7ap_tVvxQwLQl6uZLcBJzYYwPnAvA&amp;oe=69F332A3&quot;}\">\n\t\t\t<span class=\"sbi-screenreader\">Postkarten von der baskischen K\u00fcste. Was denkst du?<\/span>\n\t\t\t<svg class=\"svg-inline--fa fa-clone fa-w-16 sbi_lightbox_carousel_icon\" aria-hidden=\"true\" aria-label=\"Klonen\" data-fa-pro\u0192cessed=\"\" data-prefix=\"far\" data-icon=\"clone\" role=\"img\" xmlns=\"http:\/\/www.w3.org\/2000\/svg\" viewbox=\"0 0 512 512\">\n                    <path fill=\"currentColor\" d=\"M464 0H144c-26.51 0-48 21.49-48 48v48H48c-26.51 0-48 21.49-48 48v320c0 26.51 21.49 48 48 48h320c26.51 0 48-21.49 48-48v-48h48c26.51 0 48-21.49 48-48V48c0-26.51-21.49-48-48-48zM362 464H54a6 6 0 0 1-6-6V150a6 6 0 0 1 6-6h42v224c0 26.51 21.49 48 48 48h224v42a6 6 0 0 1-6 6zm96-96H150a6 6 0 0 1-6-6V54a6 6 0 0 1 6-6h308a6 6 0 0 1 6 6v308a6 6 0 0 1-6 6z\"><\/path>\n                <\/svg>\t\t\t\t\t\t<img decoding=\"async\" src=\"https:\/\/www.basquemtb.com\/wp-content\/plugins\/instagram-feed\/img\/placeholder.png\" alt=\"Postkarten von der baskischen K\u00fcste. Was meinst du? Unsere Reisen an die baskische K\u00fcste beginnen im Juni. Wir haben hier hart gearbeitet, mit vielen neuen Trails. Von schnell und flowig bis steil und knorrig\u2026 die baskische K\u00fcste hat alles. #basquemtb #basquecoast\" aria-hidden=\"true\">\n\t\t<\/a>\n\t<\/div>\n<\/div><div class=\"sbi_item sbi_type_carousel sbi_new sbi_transition\"\n\tid=\"sbi_17998836359899274\" data-date=\"1770217447\">\n\t<div class=\"sbi_photo_wrap\">\n\t\t<a class=\"sbi_photo\" href=\"https:\/\/www.instagram.com\/p\/DUVyBUvj69l\/\" target=\"_blank\" rel=\"noopener nofollow\" data-full-res=\"https:\/\/scontent-lhr6-1.cdninstagram.com\/v\/t51.82787-15\/626511320_18557155882035359_4483437767632324946_n.jpg?stp=dst-jpg_e35_tt6&#038;_nc_cat=102&#038;ccb=7-5&#038;_nc_sid=18de74&#038;efg=eyJlZmdfdGFnIjoiQ0FST1VTRUxfSVRFTS5iZXN0X2ltYWdlX3VybGdlbi5DMyJ9&#038;_nc_ohc=o3CCRD-LEX0Q7kNvwHxCwdc&#038;_nc_oc=Ado53ET41Hyn4UTysUaeM8BQu7xg6NQga1SnzQPzEBbRlfluMlnwiI5msTLndsysYyY&#038;_nc_zt=23&#038;_nc_ht=scontent-lhr6-1.cdninstagram.com&#038;edm=AM6HXa8EAAAA&#038;_nc_gid=NnFd7aX4hPjc8Ofix9WnEw&#038;oh=00_Af318sE8M2LHKvjDDd7uPVNso2zOnNfc5zWHv0780jfKeQ&#038;oe=69F3417F\" data-img-src-set=\"{&quot;d&quot;:&quot;https:\\\/\\\/scontent-lhr6-1.cdninstagram.com\\\/v\\\/t51.82787-15\\\/626511320_18557155882035359_4483437767632324946_n.jpg?stp=dst-jpg_e35_tt6&amp;_nc_cat=102&amp;ccb=7-5&amp;_nc_sid=18de74&amp;efg=eyJlZmdfdGFnIjoiQ0FST1VTRUxfSVRFTS5iZXN0X2ltYWdlX3VybGdlbi5DMyJ9&amp;_nc_ohc=o3CCRD-LEX0Q7kNvwHxCwdc&amp;_nc_oc=Ado53ET41Hyn4UTysUaeM8BQu7xg6NQga1SnzQPzEBbRlfluMlnwiI5msTLndsysYyY&amp;_nc_zt=23&amp;_nc_ht=scontent-lhr6-1.cdninstagram.com&amp;edm=AM6HXa8EAAAA&amp;_nc_gid=NnFd7aX4hPjc8Ofix9WnEw&amp;oh=00_Af318sE8M2LHKvjDDd7uPVNso2zOnNfc5zWHv0780jfKeQ&amp;oe=69F3417F&quot;,&quot;150&quot;:&quot;https:\\\/\\\/scontent-lhr6-1.cdninstagram.com\\\/v\\\/t51.82787-15\\\/626511320_18557155882035359_4483437767632324946_n.jpg?stp=dst-jpg_e35_tt6&amp;_nc_cat=102&amp;ccb=7-5&amp;_nc_sid=18de74&amp;efg=eyJlZmdfdGFnIjoiQ0FST1VTRUxfSVRFTS5iZXN0X2ltYWdlX3VybGdlbi5DMyJ9&amp;_nc_ohc=o3CCRD-LEX0Q7kNvwHxCwdc&amp;_nc_oc=Ado53ET41Hyn4UTysUaeM8BQu7xg6NQga1SnzQPzEBbRlfluMlnwiI5msTLndsysYyY&amp;_nc_zt=23&amp;_nc_ht=scontent-lhr6-1.cdninstagram.com&amp;edm=AM6HXa8EAAAA&amp;_nc_gid=NnFd7aX4hPjc8Ofix9WnEw&amp;oh=00_Af318sE8M2LHKvjDDd7uPVNso2zOnNfc5zWHv0780jfKeQ&amp;oe=69F3417F&quot;,&quot;320&quot;:&quot;https:\\\/\\\/scontent-lhr6-1.cdninstagram.com\\\/v\\\/t51.82787-15\\\/626511320_18557155882035359_4483437767632324946_n.jpg?stp=dst-jpg_e35_tt6&amp;_nc_cat=102&amp;ccb=7-5&amp;_nc_sid=18de74&amp;efg=eyJlZmdfdGFnIjoiQ0FST1VTRUxfSVRFTS5iZXN0X2ltYWdlX3VybGdlbi5DMyJ9&amp;_nc_ohc=o3CCRD-LEX0Q7kNvwHxCwdc&amp;_nc_oc=Ado53ET41Hyn4UTysUaeM8BQu7xg6NQga1SnzQPzEBbRlfluMlnwiI5msTLndsysYyY&amp;_nc_zt=23&amp;_nc_ht=scontent-lhr6-1.cdninstagram.com&amp;edm=AM6HXa8EAAAA&amp;_nc_gid=NnFd7aX4hPjc8Ofix9WnEw&amp;oh=00_Af318sE8M2LHKvjDDd7uPVNso2zOnNfc5zWHv0780jfKeQ&amp;oe=69F3417F&quot;,&quot;640&quot;:&quot;https:\\\/\\\/scontent-lhr6-1.cdninstagram.com\\\/v\\\/t51.82787-15\\\/626511320_18557155882035359_4483437767632324946_n.jpg?stp=dst-jpg_e35_tt6&amp;_nc_cat=102&amp;ccb=7-5&amp;_nc_sid=18de74&amp;efg=eyJlZmdfdGFnIjoiQ0FST1VTRUxfSVRFTS5iZXN0X2ltYWdlX3VybGdlbi5DMyJ9&amp;_nc_ohc=o3CCRD-LEX0Q7kNvwHxCwdc&amp;_nc_oc=Ado53ET41Hyn4UTysUaeM8BQu7xg6NQga1SnzQPzEBbRlfluMlnwiI5msTLndsysYyY&amp;_nc_zt=23&amp;_nc_ht=scontent-lhr6-1.cdninstagram.com&amp;edm=AM6HXa8EAAAA&amp;_nc_gid=NnFd7aX4hPjc8Ofix9WnEw&amp;oh=00_Af318sE8M2LHKvjDDd7uPVNso2zOnNfc5zWHv0780jfKeQ&amp;oe=69F3417F&quot;}\">\n\t\t\t<span class=\"sbi-screenreader\">Abgelegene Pfade.\nGro\u00dfe Horizonte.\nFelsige Abfahrten <\/span>\n\t\t\t<svg class=\"svg-inline--fa fa-clone fa-w-16 sbi_lightbox_carousel_icon\" aria-hidden=\"true\" aria-label=\"Klonen\" data-fa-pro\u0192cessed=\"\" data-prefix=\"far\" data-icon=\"clone\" role=\"img\" xmlns=\"http:\/\/www.w3.org\/2000\/svg\" viewbox=\"0 0 512 512\">\n                    <path fill=\"currentColor\" d=\"M464 0H144c-26.51 0-48 21.49-48 48v48H48c-26.51 0-48 21.49-48 48v320c0 26.51 21.49 48 48 48h320c26.51 0 48-21.49 48-48v-48h48c26.51 0 48-21.49 48-48V48c0-26.51-21.49-48-48-48zM362 464H54a6 6 0 0 1-6-6V150a6 6 0 0 1 6-6h42v224c0 26.51 21.49 48 48 48h224v42a6 6 0 0 1-6 6zm96-96H150a6 6 0 0 1-6-6V54a6 6 0 0 1 6-6h308a6 6 0 0 1 6 6v308a6 6 0 0 1-6 6z\"><\/path>\n                <\/svg>\t\t\t\t\t\t<img decoding=\"async\" src=\"https:\/\/www.basquemtb.com\/wp-content\/plugins\/instagram-feed\/img\/placeholder.png\" alt=\"Abgelegene Wege. Gro\u00dfe Horizonte. Felsige Abfahrten, die endlos erscheinen. Kleine D\u00f6rfer mit den schneebedeckten Pyren\u00e4en im Hintergrund. Lokale Erlebnisse und lange Tage, die in Erinnerung bleiben. Das ist Backcountry Pyrenees und wir sind zuversichtlich, sagen zu k\u00f6nnen, dass es im Fr\u00fchling keinen besseren Ort zum Fahren gibt.#basquemtb#BackcountryPyrenees\" aria-hidden=\"true\">\n\t\t<\/a>\n\t<\/div>\n<\/div><div class=\"sbi_item sbi_type_carousel sbi_new sbi_transition\"\n\tid=\"sbi_17887405713425001\" data-date=\"1769612640\">\n\t<div class=\"sbi_photo_wrap\">\n\t\t<a class=\"sbi_photo\" href=\"https:\/\/www.instagram.com\/p\/DUDwco1jZea\/\" target=\"_blank\" rel=\"noopener nofollow\" data-full-res=\"https:\/\/scontent-lhr6-2.cdninstagram.com\/v\/t51.82787-15\/622760488_18554995447035359_6679832829194928835_n.jpg?stp=dst-jpg_e35_tt6&#038;_nc_cat=100&#038;ccb=7-5&#038;_nc_sid=18de74&#038;efg=eyJlZmdfdGFnIjoiQ0FST1VTRUxfSVRFTS5iZXN0X2ltYWdlX3VybGdlbi5DMyJ9&#038;_nc_ohc=b2AcLcri-AIQ7kNvwHj98eD&#038;_nc_oc=AdrWC_TKuUye5cvDqT2Dh2pQS2h-2SxpUAsu0tHscIpopkzkSkT60ei046sBN55y_dA&#038;_nc_zt=23&#038;_nc_ht=scontent-lhr6-2.cdninstagram.com&#038;edm=AM6HXa8EAAAA&#038;_nc_gid=NnFd7aX4hPjc8Ofix9WnEw&#038;oh=00_Af2gvgx5NfPJCWwIeEo6md0DvI0ArYES6isdQxqMoomfdQ&#038;oe=69F33B1E\" data-img-src-set=\"{&quot;d&quot;:&quot;https:\\\/\\\/scontent-lhr6-2.cdninstagram.com\\\/v\\\/t51.82787-15\\\/622760488_18554995447035359_6679832829194928835_n.jpg?stp=dst-jpg_e35_tt6&amp;_nc_cat=100&amp;ccb=7-5&amp;_nc_sid=18de74&amp;efg=eyJlZmdfdGFnIjoiQ0FST1VTRUxfSVRFTS5iZXN0X2ltYWdlX3VybGdlbi5DMyJ9&amp;_nc_ohc=b2AcLcri-AIQ7kNvwHj98eD&amp;_nc_oc=AdrWC_TKuUye5cvDqT2Dh2pQS2h-2SxpUAsu0tHscIpopkzkSkT60ei046sBN55y_dA&amp;_nc_zt=23&amp;_nc_ht=scontent-lhr6-2.cdninstagram.com&amp;edm=AM6HXa8EAAAA&amp;_nc_gid=NnFd7aX4hPjc8Ofix9WnEw&amp;oh=00_Af2gvgx5NfPJCWwIeEo6md0DvI0ArYES6isdQxqMoomfdQ&amp;oe=69F33B1E&quot;,&quot;150&quot;:&quot;https:\\\/\\\/scontent-lhr6-2.cdninstagram.com\\\/v\\\/t51.82787-15\\\/622760488_18554995447035359_6679832829194928835_n.jpg?stp=dst-jpg_e35_tt6&amp;_nc_cat=100&amp;ccb=7-5&amp;_nc_sid=18de74&amp;efg=eyJlZmdfdGFnIjoiQ0FST1VTRUxfSVRFTS5iZXN0X2ltYWdlX3VybGdlbi5DMyJ9&amp;_nc_ohc=b2AcLcri-AIQ7kNvwHj98eD&amp;_nc_oc=AdrWC_TKuUye5cvDqT2Dh2pQS2h-2SxpUAsu0tHscIpopkzkSkT60ei046sBN55y_dA&amp;_nc_zt=23&amp;_nc_ht=scontent-lhr6-2.cdninstagram.com&amp;edm=AM6HXa8EAAAA&amp;_nc_gid=NnFd7aX4hPjc8Ofix9WnEw&amp;oh=00_Af2gvgx5NfPJCWwIeEo6md0DvI0ArYES6isdQxqMoomfdQ&amp;oe=69F33B1E&quot;,&quot;320&quot;:&quot;https:\\\/\\\/scontent-lhr6-2.cdninstagram.com\\\/v\\\/t51.82787-15\\\/622760488_18554995447035359_6679832829194928835_n.jpg?stp=dst-jpg_e35_tt6&amp;_nc_cat=100&amp;ccb=7-5&amp;_nc_sid=18de74&amp;efg=eyJlZmdfdGFnIjoiQ0FST1VTRUxfSVRFTS5iZXN0X2ltYWdlX3VybGdlbi5DMyJ9&amp;_nc_ohc=b2AcLcri-AIQ7kNvwHj98eD&amp;_nc_oc=AdrWC_TKuUye5cvDqT2Dh2pQS2h-2SxpUAsu0tHscIpopkzkSkT60ei046sBN55y_dA&amp;_nc_zt=23&amp;_nc_ht=scontent-lhr6-2.cdninstagram.com&amp;edm=AM6HXa8EAAAA&amp;_nc_gid=NnFd7aX4hPjc8Ofix9WnEw&amp;oh=00_Af2gvgx5NfPJCWwIeEo6md0DvI0ArYES6isdQxqMoomfdQ&amp;oe=69F33B1E&quot;,&quot;640&quot;:&quot;https:\\\/\\\/scontent-lhr6-2.cdninstagram.com\\\/v\\\/t51.82787-15\\\/622760488_18554995447035359_6679832829194928835_n.jpg?stp=dst-jpg_e35_tt6&amp;_nc_cat=100&amp;ccb=7-5&amp;_nc_sid=18de74&amp;efg=eyJlZmdfdGFnIjoiQ0FST1VTRUxfSVRFTS5iZXN0X2ltYWdlX3VybGdlbi5DMyJ9&amp;_nc_ohc=b2AcLcri-AIQ7kNvwHj98eD&amp;_nc_oc=AdrWC_TKuUye5cvDqT2Dh2pQS2h-2SxpUAsu0tHscIpopkzkSkT60ei046sBN55y_dA&amp;_nc_zt=23&amp;_nc_ht=scontent-lhr6-2.cdninstagram.com&amp;edm=AM6HXa8EAAAA&amp;_nc_gid=NnFd7aX4hPjc8Ofix9WnEw&amp;oh=00_Af2gvgx5NfPJCWwIeEo6md0DvI0ArYES6isdQxqMoomfdQ&amp;oe=69F33B1E&quot;}\">\n\t\t\t<span class=\"sbi-screenreader\">Trail-Arbeit l\u00e4sst Tr\u00e4ume wahr werden.\n#basquemtb<\/span>\n\t\t\t<svg class=\"svg-inline--fa fa-clone fa-w-16 sbi_lightbox_carousel_icon\" aria-hidden=\"true\" aria-label=\"Klonen\" data-fa-pro\u0192cessed=\"\" data-prefix=\"far\" data-icon=\"clone\" role=\"img\" xmlns=\"http:\/\/www.w3.org\/2000\/svg\" viewbox=\"0 0 512 512\">\n                    <path fill=\"currentColor\" d=\"M464 0H144c-26.51 0-48 21.49-48 48v48H48c-26.51 0-48 21.49-48 48v320c0 26.51 21.49 48 48 48h320c26.51 0 48-21.49 48-48v-48h48c26.51 0 48-21.49 48-48V48c0-26.51-21.49-48-48-48zM362 464H54a6 6 0 0 1-6-6V150a6 6 0 0 1 6-6h42v224c0 26.51 21.49 48 48 48h224v42a6 6 0 0 1-6 6zm96-96H150a6 6 0 0 1-6-6V54a6 6 0 0 1 6-6h308a6 6 0 0 1 6 6v308a6 6 0 0 1-6 6z\"><\/path>\n                <\/svg>\t\t\t\t\t\t<img decoding=\"async\" src=\"https:\/\/www.basquemtb.com\/wp-content\/plugins\/instagram-feed\/img\/placeholder.png\" alt=\"Forstarbeit l\u00e4sst Tr\u00e4ume wahr werden.\u2060\u2060#basquemtb #Trailbau\" aria-hidden=\"true\">\n\t\t<\/a>\n\t<\/div>\n<\/div><div class=\"sbi_item sbi_type_carousel sbi_new sbi_transition\"\n\tid=\"sbi_17977271846980018\" data-date=\"1768881817\">\n\t<div class=\"sbi_photo_wrap\">\n\t\t<a class=\"sbi_photo\" href=\"https:\/\/www.instagram.com\/p\/DTt-igPEpJP\/\" target=\"_blank\" rel=\"noopener nofollow\" data-full-res=\"https:\/\/scontent-lhr8-1.cdninstagram.com\/v\/t51.82787-15\/619439227_18553379878035359_7497317274021724112_n.jpg?stp=dst-jpg_e35_tt6&#038;_nc_cat=107&#038;ccb=7-5&#038;_nc_sid=18de74&#038;efg=eyJlZmdfdGFnIjoiQ0FST1VTRUxfSVRFTS5iZXN0X2ltYWdlX3VybGdlbi5DMyJ9&#038;_nc_ohc=3U-326T6NUgQ7kNvwHEO3Fa&#038;_nc_oc=AdqQd2T21_29qEXWvsQfTdx4KDxMjHuj8cL-H3SFtnqpxrtgGdKECA_InSPWkG6t3rM&#038;_nc_zt=23&#038;_nc_ht=scontent-lhr8-1.cdninstagram.com&#038;edm=AM6HXa8EAAAA&#038;_nc_gid=NnFd7aX4hPjc8Ofix9WnEw&#038;oh=00_Af2q9f40or44nVZDbqKBYThqVeWbbdK3EW4xvmB64XYPsg&#038;oe=69F321D0\" data-img-src-set=\"{&quot;d&quot;:&quot;https:\\\/\\\/scontent-lhr8-1.cdninstagram.com\\\/v\\\/t51.82787-15\\\/619439227_18553379878035359_7497317274021724112_n.jpg?stp=dst-jpg_e35_tt6&amp;_nc_cat=107&amp;ccb=7-5&amp;_nc_sid=18de74&amp;efg=eyJlZmdfdGFnIjoiQ0FST1VTRUxfSVRFTS5iZXN0X2ltYWdlX3VybGdlbi5DMyJ9&amp;_nc_ohc=3U-326T6NUgQ7kNvwHEO3Fa&amp;_nc_oc=AdqQd2T21_29qEXWvsQfTdx4KDxMjHuj8cL-H3SFtnqpxrtgGdKECA_InSPWkG6t3rM&amp;_nc_zt=23&amp;_nc_ht=scontent-lhr8-1.cdninstagram.com&amp;edm=AM6HXa8EAAAA&amp;_nc_gid=NnFd7aX4hPjc8Ofix9WnEw&amp;oh=00_Af2q9f40or44nVZDbqKBYThqVeWbbdK3EW4xvmB64XYPsg&amp;oe=69F321D0&quot;,&quot;150&quot;:&quot;https:\\\/\\\/scontent-lhr8-1.cdninstagram.com\\\/v\\\/t51.82787-15\\\/619439227_18553379878035359_7497317274021724112_n.jpg?stp=dst-jpg_e35_tt6&amp;_nc_cat=107&amp;ccb=7-5&amp;_nc_sid=18de74&amp;efg=eyJlZmdfdGFnIjoiQ0FST1VTRUxfSVRFTS5iZXN0X2ltYWdlX3VybGdlbi5DMyJ9&amp;_nc_ohc=3U-326T6NUgQ7kNvwHEO3Fa&amp;_nc_oc=AdqQd2T21_29qEXWvsQfTdx4KDxMjHuj8cL-H3SFtnqpxrtgGdKECA_InSPWkG6t3rM&amp;_nc_zt=23&amp;_nc_ht=scontent-lhr8-1.cdninstagram.com&amp;edm=AM6HXa8EAAAA&amp;_nc_gid=NnFd7aX4hPjc8Ofix9WnEw&amp;oh=00_Af2q9f40or44nVZDbqKBYThqVeWbbdK3EW4xvmB64XYPsg&amp;oe=69F321D0&quot;,&quot;320&quot;:&quot;https:\\\/\\\/scontent-lhr8-1.cdninstagram.com\\\/v\\\/t51.82787-15\\\/619439227_18553379878035359_7497317274021724112_n.jpg?stp=dst-jpg_e35_tt6&amp;_nc_cat=107&amp;ccb=7-5&amp;_nc_sid=18de74&amp;efg=eyJlZmdfdGFnIjoiQ0FST1VTRUxfSVRFTS5iZXN0X2ltYWdlX3VybGdlbi5DMyJ9&amp;_nc_ohc=3U-326T6NUgQ7kNvwHEO3Fa&amp;_nc_oc=AdqQd2T21_29qEXWvsQfTdx4KDxMjHuj8cL-H3SFtnqpxrtgGdKECA_InSPWkG6t3rM&amp;_nc_zt=23&amp;_nc_ht=scontent-lhr8-1.cdninstagram.com&amp;edm=AM6HXa8EAAAA&amp;_nc_gid=NnFd7aX4hPjc8Ofix9WnEw&amp;oh=00_Af2q9f40or44nVZDbqKBYThqVeWbbdK3EW4xvmB64XYPsg&amp;oe=69F321D0&quot;,&quot;640&quot;:&quot;https:\\\/\\\/scontent-lhr8-1.cdninstagram.com\\\/v\\\/t51.82787-15\\\/619439227_18553379878035359_7497317274021724112_n.jpg?stp=dst-jpg_e35_tt6&amp;_nc_cat=107&amp;ccb=7-5&amp;_nc_sid=18de74&amp;efg=eyJlZmdfdGFnIjoiQ0FST1VTRUxfSVRFTS5iZXN0X2ltYWdlX3VybGdlbi5DMyJ9&amp;_nc_ohc=3U-326T6NUgQ7kNvwHEO3Fa&amp;_nc_oc=AdqQd2T21_29qEXWvsQfTdx4KDxMjHuj8cL-H3SFtnqpxrtgGdKECA_InSPWkG6t3rM&amp;_nc_zt=23&amp;_nc_ht=scontent-lhr8-1.cdninstagram.com&amp;edm=AM6HXa8EAAAA&amp;_nc_gid=NnFd7aX4hPjc8Ofix9WnEw&amp;oh=00_Af2q9f40or44nVZDbqKBYThqVeWbbdK3EW4xvmB64XYPsg&amp;oe=69F321D0&quot;}\">\n\t\t\t<span class=\"sbi-screenreader\">Dies ist die Nebensaison.\n\nEs ist Zeit f\u00fcr Pla<\/span>\n\t\t\t<svg class=\"svg-inline--fa fa-clone fa-w-16 sbi_lightbox_carousel_icon\" aria-hidden=\"true\" aria-label=\"Klonen\" data-fa-pro\u0192cessed=\"\" data-prefix=\"far\" data-icon=\"clone\" role=\"img\" xmlns=\"http:\/\/www.w3.org\/2000\/svg\" viewbox=\"0 0 512 512\">\n                    <path fill=\"currentColor\" d=\"M464 0H144c-26.51 0-48 21.49-48 48v48H48c-26.51 0-48 21.49-48 48v320c0 26.51 21.49 48 48 48h320c26.51 0 48-21.49 48-48v-48h48c26.51 0 48-21.49 48-48V48c0-26.51-21.49-48-48-48zM362 464H54a6 6 0 0 1-6-6V150a6 6 0 0 1 6-6h42v224c0 26.51 21.49 48 48 48h224v42a6 6 0 0 1-6 6zm96-96H150a6 6 0 0 1-6-6V54a6 6 0 0 1 6-6h308a6 6 0 0 1 6 6v308a6 6 0 0 1-6 6z\"><\/path>\n                <\/svg>\t\t\t\t\t\t<img decoding=\"async\" src=\"https:\/\/www.basquemtb.com\/wp-content\/plugins\/instagram-feed\/img\/placeholder.png\" alt=\"Dies ist die Nebensaison. Zeit f\u00fcr Planung, Buchung und Erkundung neuer Trails. Zeit, mit unserem Trailverband zusammenzuarbeiten \u2013 Sicherung von Mitteln, Organisation der Trailarbeit des Jahres. Leihr\u00e4der werden verkauft und ersetzt. Vans werden gewartet. Routen werden \u00fcberarbeitet.Die Leute fragen oft, was wir tun, wenn wir nicht fahren.Wir planen. Wir bereiten uns vor. Und vor allem freuen wir uns auf Tage wie diese in nicht allzu ferner Zukunft.Der April beginnt mit Ainsa gegen Tremp. Der Mai f\u00fchrt uns zur\u00fcck in die Backcountry Pyrenees.Wir k\u00f6nnen es kaum erwarten.#basquemtb #mtbholidays\" aria-hidden=\"true\">\n\t\t<\/a>\n\t<\/div>\n<\/div><div class=\"sbi_item sbi_type_image sbi_new sbi_transition\"\n\tid=\"sbi_18145887292396001\" data-date=\"1766656095\">\n\t<div class=\"sbi_photo_wrap\">\n\t\t<a class=\"sbi_photo\" href=\"https:\/\/www.instagram.com\/p\/DSrpU8zCH5O\/\" target=\"_blank\" rel=\"noopener nofollow\" data-full-res=\"https:\/\/scontent-lhr6-1.cdninstagram.com\/v\/t51.82787-15\/604346230_18548750779035359_4720936415951395974_n.jpg?stp=dst-jpg_e35_tt6&#038;_nc_cat=110&#038;ccb=7-5&#038;_nc_sid=18de74&#038;efg=eyJlZmdfdGFnIjoiRkVFRC5iZXN0X2ltYWdlX3VybGdlbi5DMyJ9&#038;_nc_ohc=2PMUHX_IGXkQ7kNvwG0u5un&#038;_nc_oc=AdqHBUgMvsgRb5DG8VnplPci_UPthMeKUejDgwLq1YOvMFUMpMMbs_zz5IEOA6yWex4&#038;_nc_zt=23&#038;_nc_ht=scontent-lhr6-1.cdninstagram.com&#038;edm=AM6HXa8EAAAA&#038;_nc_gid=NnFd7aX4hPjc8Ofix9WnEw&#038;oh=00_Af0CVNfgezHqMOnAQZEdy7msAAF1TN4fQrYKQsnnt42i9Q&#038;oe=69F35176\" data-img-src-set=\"{&quot;d&quot;:&quot;https:\\\/\\\/scontent-lhr6-1.cdninstagram.com\\\/v\\\/t51.82787-15\\\/604346230_18548750779035359_4720936415951395974_n.jpg?stp=dst-jpg_e35_tt6&amp;_nc_cat=110&amp;ccb=7-5&amp;_nc_sid=18de74&amp;efg=eyJlZmdfdGFnIjoiRkVFRC5iZXN0X2ltYWdlX3VybGdlbi5DMyJ9&amp;_nc_ohc=2PMUHX_IGXkQ7kNvwG0u5un&amp;_nc_oc=AdqHBUgMvsgRb5DG8VnplPci_UPthMeKUejDgwLq1YOvMFUMpMMbs_zz5IEOA6yWex4&amp;_nc_zt=23&amp;_nc_ht=scontent-lhr6-1.cdninstagram.com&amp;edm=AM6HXa8EAAAA&amp;_nc_gid=NnFd7aX4hPjc8Ofix9WnEw&amp;oh=00_Af0CVNfgezHqMOnAQZEdy7msAAF1TN4fQrYKQsnnt42i9Q&amp;oe=69F35176&quot;,&quot;150&quot;:&quot;https:\\\/\\\/scontent-lhr6-1.cdninstagram.com\\\/v\\\/t51.82787-15\\\/604346230_18548750779035359_4720936415951395974_n.jpg?stp=dst-jpg_e35_tt6&amp;_nc_cat=110&amp;ccb=7-5&amp;_nc_sid=18de74&amp;efg=eyJlZmdfdGFnIjoiRkVFRC5iZXN0X2ltYWdlX3VybGdlbi5DMyJ9&amp;_nc_ohc=2PMUHX_IGXkQ7kNvwG0u5un&amp;_nc_oc=AdqHBUgMvsgRb5DG8VnplPci_UPthMeKUejDgwLq1YOvMFUMpMMbs_zz5IEOA6yWex4&amp;_nc_zt=23&amp;_nc_ht=scontent-lhr6-1.cdninstagram.com&amp;edm=AM6HXa8EAAAA&amp;_nc_gid=NnFd7aX4hPjc8Ofix9WnEw&amp;oh=00_Af0CVNfgezHqMOnAQZEdy7msAAF1TN4fQrYKQsnnt42i9Q&amp;oe=69F35176&quot;,&quot;320&quot;:&quot;https:\\\/\\\/scontent-lhr6-1.cdninstagram.com\\\/v\\\/t51.82787-15\\\/604346230_18548750779035359_4720936415951395974_n.jpg?stp=dst-jpg_e35_tt6&amp;_nc_cat=110&amp;ccb=7-5&amp;_nc_sid=18de74&amp;efg=eyJlZmdfdGFnIjoiRkVFRC5iZXN0X2ltYWdlX3VybGdlbi5DMyJ9&amp;_nc_ohc=2PMUHX_IGXkQ7kNvwG0u5un&amp;_nc_oc=AdqHBUgMvsgRb5DG8VnplPci_UPthMeKUejDgwLq1YOvMFUMpMMbs_zz5IEOA6yWex4&amp;_nc_zt=23&amp;_nc_ht=scontent-lhr6-1.cdninstagram.com&amp;edm=AM6HXa8EAAAA&amp;_nc_gid=NnFd7aX4hPjc8Ofix9WnEw&amp;oh=00_Af0CVNfgezHqMOnAQZEdy7msAAF1TN4fQrYKQsnnt42i9Q&amp;oe=69F35176&quot;,&quot;640&quot;:&quot;https:\\\/\\\/scontent-lhr6-1.cdninstagram.com\\\/v\\\/t51.82787-15\\\/604346230_18548750779035359_4720936415951395974_n.jpg?stp=dst-jpg_e35_tt6&amp;_nc_cat=110&amp;ccb=7-5&amp;_nc_sid=18de74&amp;efg=eyJlZmdfdGFnIjoiRkVFRC5iZXN0X2ltYWdlX3VybGdlbi5DMyJ9&amp;_nc_ohc=2PMUHX_IGXkQ7kNvwG0u5un&amp;_nc_oc=AdqHBUgMvsgRb5DG8VnplPci_UPthMeKUejDgwLq1YOvMFUMpMMbs_zz5IEOA6yWex4&amp;_nc_zt=23&amp;_nc_ht=scontent-lhr6-1.cdninstagram.com&amp;edm=AM6HXa8EAAAA&amp;_nc_gid=NnFd7aX4hPjc8Ofix9WnEw&amp;oh=00_Af0CVNfgezHqMOnAQZEdy7msAAF1TN4fQrYKQsnnt42i9Q&amp;oe=69F35176&quot;}\">\n\t\t\t<span class=\"sbi-screenreader\">Es war eine verdammt gute Saison. Danke an alle w<\/span>\n\t\t\t\t\t\t\t\t\t<img decoding=\"async\" src=\"https:\/\/www.basquemtb.com\/wp-content\/plugins\/instagram-feed\/img\/placeholder.png\" alt=\"Es war eine verdammt gute Saison. Danke an alle, die sie zu einer der besten bisher gemacht haben. #basquemtb\" aria-hidden=\"true\">\n\t\t<\/a>\n\t<\/div>\n<\/div><div class=\"sbi_item sbi_type_video sbi_new sbi_transition\"\n\tid=\"sbi_18417335134129319\" data-date=\"1758108379\">\n\t<div class=\"sbi_photo_wrap\">\n\t\t<a class=\"sbi_photo\" href=\"https:\/\/www.instagram.com\/reel\/DOs5YJxCG1v\/\" target=\"_blank\" rel=\"noopener nofollow\" data-full-res=\"https:\/\/scontent-lhr6-1.cdninstagram.com\/v\/t51.71878-15\/549706457_799429925999977_7158375391176211146_n.jpg?stp=dst-jpg_e35_tt6&#038;_nc_cat=102&#038;ccb=7-5&#038;_nc_sid=18de74&#038;efg=eyJlZmdfdGFnIjoiQ0xJUFMuYmVzdF9pbWFnZV91cmxnZW4uQzMifQ%3D%3D&#038;_nc_ohc=GJzFz-v-ywYQ7kNvwHe8PcL&#038;_nc_oc=AdoOdg2i6hhTp87foKLZ37avuEC017DxrCFUASutR-vu3BQk88IcDsB9h1TUfExAVRQ&#038;_nc_zt=23&#038;_nc_ht=scontent-lhr6-1.cdninstagram.com&#038;edm=AM6HXa8EAAAA&#038;_nc_gid=NnFd7aX4hPjc8Ofix9WnEw&#038;_nc_tpa=Q5bMBQEhmkkuKL4tZLg4zzPnfMXhMJsB2_FE8jNybDVb9AesZyznwNMiOojXVDDElfzO4QaXo0wsJyJ-&#038;oh=00_Af16RQ5wlyIpwG-wS9xOhQphNDFyi6ZCVBUl0rVbqKjVQQ&#038;oe=69F33F33\" data-img-src-set=\"{&quot;d&quot;:&quot;https:\\\/\\\/scontent-lhr6-1.cdninstagram.com\\\/v\\\/t51.71878-15\\\/549706457_799429925999977_7158375391176211146_n.jpg?stp=dst-jpg_e35_tt6&amp;_nc_cat=102&amp;ccb=7-5&amp;_nc_sid=18de74&amp;efg=eyJlZmdfdGFnIjoiQ0xJUFMuYmVzdF9pbWFnZV91cmxnZW4uQzMifQ%3D%3D&amp;_nc_ohc=GJzFz-v-ywYQ7kNvwHe8PcL&amp;_nc_oc=AdoOdg2i6hhTp87foKLZ37avuEC017DxrCFUASutR-vu3BQk88IcDsB9h1TUfExAVRQ&amp;_nc_zt=23&amp;_nc_ht=scontent-lhr6-1.cdninstagram.com&amp;edm=AM6HXa8EAAAA&amp;_nc_gid=NnFd7aX4hPjc8Ofix9WnEw&amp;_nc_tpa=Q5bMBQEhmkkuKL4tZLg4zzPnfMXhMJsB2_FE8jNybDVb9AesZyznwNMiOojXVDDElfzO4QaXo0wsJyJ-&amp;oh=00_Af16RQ5wlyIpwG-wS9xOhQphNDFyi6ZCVBUl0rVbqKjVQQ&amp;oe=69F33F33&quot;,&quot;150&quot;:&quot;https:\\\/\\\/scontent-lhr6-1.cdninstagram.com\\\/v\\\/t51.71878-15\\\/549706457_799429925999977_7158375391176211146_n.jpg?stp=dst-jpg_e35_tt6&amp;_nc_cat=102&amp;ccb=7-5&amp;_nc_sid=18de74&amp;efg=eyJlZmdfdGFnIjoiQ0xJUFMuYmVzdF9pbWFnZV91cmxnZW4uQzMifQ%3D%3D&amp;_nc_ohc=GJzFz-v-ywYQ7kNvwHe8PcL&amp;_nc_oc=AdoOdg2i6hhTp87foKLZ37avuEC017DxrCFUASutR-vu3BQk88IcDsB9h1TUfExAVRQ&amp;_nc_zt=23&amp;_nc_ht=scontent-lhr6-1.cdninstagram.com&amp;edm=AM6HXa8EAAAA&amp;_nc_gid=NnFd7aX4hPjc8Ofix9WnEw&amp;_nc_tpa=Q5bMBQEhmkkuKL4tZLg4zzPnfMXhMJsB2_FE8jNybDVb9AesZyznwNMiOojXVDDElfzO4QaXo0wsJyJ-&amp;oh=00_Af16RQ5wlyIpwG-wS9xOhQphNDFyi6ZCVBUl0rVbqKjVQQ&amp;oe=69F33F33&quot;,&quot;320&quot;:&quot;https:\\\/\\\/scontent-lhr6-1.cdninstagram.com\\\/v\\\/t51.71878-15\\\/549706457_799429925999977_7158375391176211146_n.jpg?stp=dst-jpg_e35_tt6&amp;_nc_cat=102&amp;ccb=7-5&amp;_nc_sid=18de74&amp;efg=eyJlZmdfdGFnIjoiQ0xJUFMuYmVzdF9pbWFnZV91cmxnZW4uQzMifQ%3D%3D&amp;_nc_ohc=GJzFz-v-ywYQ7kNvwHe8PcL&amp;_nc_oc=AdoOdg2i6hhTp87foKLZ37avuEC017DxrCFUASutR-vu3BQk88IcDsB9h1TUfExAVRQ&amp;_nc_zt=23&amp;_nc_ht=scontent-lhr6-1.cdninstagram.com&amp;edm=AM6HXa8EAAAA&amp;_nc_gid=NnFd7aX4hPjc8Ofix9WnEw&amp;_nc_tpa=Q5bMBQEhmkkuKL4tZLg4zzPnfMXhMJsB2_FE8jNybDVb9AesZyznwNMiOojXVDDElfzO4QaXo0wsJyJ-&amp;oh=00_Af16RQ5wlyIpwG-wS9xOhQphNDFyi6ZCVBUl0rVbqKjVQQ&amp;oe=69F33F33&quot;,&quot;640&quot;:&quot;https:\\\/\\\/scontent-lhr6-1.cdninstagram.com\\\/v\\\/t51.71878-15\\\/549706457_799429925999977_7158375391176211146_n.jpg?stp=dst-jpg_e35_tt6&amp;_nc_cat=102&amp;ccb=7-5&amp;_nc_sid=18de74&amp;efg=eyJlZmdfdGFnIjoiQ0xJUFMuYmVzdF9pbWFnZV91cmxnZW4uQzMifQ%3D%3D&amp;_nc_ohc=GJzFz-v-ywYQ7kNvwHe8PcL&amp;_nc_oc=AdoOdg2i6hhTp87foKLZ37avuEC017DxrCFUASutR-vu3BQk88IcDsB9h1TUfExAVRQ&amp;_nc_zt=23&amp;_nc_ht=scontent-lhr6-1.cdninstagram.com&amp;edm=AM6HXa8EAAAA&amp;_nc_gid=NnFd7aX4hPjc8Ofix9WnEw&amp;_nc_tpa=Q5bMBQEhmkkuKL4tZLg4zzPnfMXhMJsB2_FE8jNybDVb9AesZyznwNMiOojXVDDElfzO4QaXo0wsJyJ-&amp;oh=00_Af16RQ5wlyIpwG-wS9xOhQphNDFyi6ZCVBUl0rVbqKjVQQ&amp;oe=69F33F33&quot;}\">\n\t\t\t<span class=\"sbi-screenreader\">Hochpyren\u00e4en, die Morgenfahrt. -1500m mehr oder l<\/span>\n\t\t\t\t\t\t<svg style=\"color: rgba(255,255,255,1)\" class=\"svg-inline--fa fa-play fa-w-14 sbi_playbtn\" aria-label=\"Spielen\" aria-hidden=\"true\" data-fa-processed=\"\" data-prefix=\"fa\" data-icon=\"play\" role=\"presentation\" xmlns=\"http:\/\/www.w3.org\/2000\/svg\" viewbox=\"0 0 448 512\"><path fill=\"currentColor\" d=\"M424.4 214.7L72.4 6.6C43.8-10.3 0 6.1 0 47.9V464c0 37.5 40.7 60.1 72.4 41.3l352-208c31.4-18.5 31.5-64.1 0-82.6z\"><\/path><\/svg>\t\t\t<img decoding=\"async\" src=\"https:\/\/www.basquemtb.com\/wp-content\/plugins\/instagram-feed\/img\/placeholder.png\" alt=\"Hohe Pyren\u00e4en, die morgendliche Fahrt. -1500m mehr oder weniger gefolgt von einem Picknick #basquemtb #HighPyrenees\" aria-hidden=\"true\">\n\t\t<\/a>\n\t<\/div>\n<\/div><div class=\"sbi_item sbi_type_video sbi_new sbi_transition\"\n\tid=\"sbi_18012466916788837\" data-date=\"1757852000\">\n\t<div class=\"sbi_photo_wrap\">\n\t\t<a class=\"sbi_photo\" href=\"https:\/\/www.instagram.com\/reel\/DOlQshTiMKD\/\" target=\"_blank\" rel=\"noopener nofollow\" data-full-res=\"https:\/\/scontent-lhr8-2.cdninstagram.com\/v\/t51.71878-15\/548976430_3347545778717229_1803714881820621433_n.jpg?stp=dst-jpg_e35_tt6&#038;_nc_cat=103&#038;ccb=7-5&#038;_nc_sid=18de74&#038;efg=eyJlZmdfdGFnIjoiQ0xJUFMuYmVzdF9pbWFnZV91cmxnZW4uQzMifQ%3D%3D&#038;_nc_ohc=8_HF0HIexS0Q7kNvwEqFvwk&#038;_nc_oc=AdotqHi1wIDbcxW5F3d9nXvCrNShp4h8cy1KriMCAbnvpLCezzX9pacTdr-DmeyTNp4&#038;_nc_zt=23&#038;_nc_ht=scontent-lhr8-2.cdninstagram.com&#038;edm=AM6HXa8EAAAA&#038;_nc_gid=NnFd7aX4hPjc8Ofix9WnEw&#038;_nc_tpa=Q5bMBQEOfgkx96Z8hwstbclz52Tjn0HIgspeYzJ4A8HJmWX3LHASm9kHHsfy_XujKogSnaL5hCYkzIjh&#038;oh=00_Af1MUl-z4t8NPChfvzmj-jY2e6DdwSuJIgst49vxa1Uclw&#038;oe=69F32934\" data-img-src-set=\"{&quot;d&quot;:&quot;https:\\\/\\\/scontent-lhr8-2.cdninstagram.com\\\/v\\\/t51.71878-15\\\/548976430_3347545778717229_1803714881820621433_n.jpg?stp=dst-jpg_e35_tt6&amp;_nc_cat=103&amp;ccb=7-5&amp;_nc_sid=18de74&amp;efg=eyJlZmdfdGFnIjoiQ0xJUFMuYmVzdF9pbWFnZV91cmxnZW4uQzMifQ%3D%3D&amp;_nc_ohc=8_HF0HIexS0Q7kNvwEqFvwk&amp;_nc_oc=AdotqHi1wIDbcxW5F3d9nXvCrNShp4h8cy1KriMCAbnvpLCezzX9pacTdr-DmeyTNp4&amp;_nc_zt=23&amp;_nc_ht=scontent-lhr8-2.cdninstagram.com&amp;edm=AM6HXa8EAAAA&amp;_nc_gid=NnFd7aX4hPjc8Ofix9WnEw&amp;_nc_tpa=Q5bMBQEOfgkx96Z8hwstbclz52Tjn0HIgspeYzJ4A8HJmWX3LHASm9kHHsfy_XujKogSnaL5hCYkzIjh&amp;oh=00_Af1MUl-z4t8NPChfvzmj-jY2e6DdwSuJIgst49vxa1Uclw&amp;oe=69F32934&quot;,&quot;150&quot;:&quot;https:\\\/\\\/scontent-lhr8-2.cdninstagram.com\\\/v\\\/t51.71878-15\\\/548976430_3347545778717229_1803714881820621433_n.jpg?stp=dst-jpg_e35_tt6&amp;_nc_cat=103&amp;ccb=7-5&amp;_nc_sid=18de74&amp;efg=eyJlZmdfdGFnIjoiQ0xJUFMuYmVzdF9pbWFnZV91cmxnZW4uQzMifQ%3D%3D&amp;_nc_ohc=8_HF0HIexS0Q7kNvwEqFvwk&amp;_nc_oc=AdotqHi1wIDbcxW5F3d9nXvCrNShp4h8cy1KriMCAbnvpLCezzX9pacTdr-DmeyTNp4&amp;_nc_zt=23&amp;_nc_ht=scontent-lhr8-2.cdninstagram.com&amp;edm=AM6HXa8EAAAA&amp;_nc_gid=NnFd7aX4hPjc8Ofix9WnEw&amp;_nc_tpa=Q5bMBQEOfgkx96Z8hwstbclz52Tjn0HIgspeYzJ4A8HJmWX3LHASm9kHHsfy_XujKogSnaL5hCYkzIjh&amp;oh=00_Af1MUl-z4t8NPChfvzmj-jY2e6DdwSuJIgst49vxa1Uclw&amp;oe=69F32934&quot;,&quot;320&quot;:&quot;https:\\\/\\\/scontent-lhr8-2.cdninstagram.com\\\/v\\\/t51.71878-15\\\/548976430_3347545778717229_1803714881820621433_n.jpg?stp=dst-jpg_e35_tt6&amp;_nc_cat=103&amp;ccb=7-5&amp;_nc_sid=18de74&amp;efg=eyJlZmdfdGFnIjoiQ0xJUFMuYmVzdF9pbWFnZV91cmxnZW4uQzMifQ%3D%3D&amp;_nc_ohc=8_HF0HIexS0Q7kNvwEqFvwk&amp;_nc_oc=AdotqHi1wIDbcxW5F3d9nXvCrNShp4h8cy1KriMCAbnvpLCezzX9pacTdr-DmeyTNp4&amp;_nc_zt=23&amp;_nc_ht=scontent-lhr8-2.cdninstagram.com&amp;edm=AM6HXa8EAAAA&amp;_nc_gid=NnFd7aX4hPjc8Ofix9WnEw&amp;_nc_tpa=Q5bMBQEOfgkx96Z8hwstbclz52Tjn0HIgspeYzJ4A8HJmWX3LHASm9kHHsfy_XujKogSnaL5hCYkzIjh&amp;oh=00_Af1MUl-z4t8NPChfvzmj-jY2e6DdwSuJIgst49vxa1Uclw&amp;oe=69F32934&quot;,&quot;640&quot;:&quot;https:\\\/\\\/scontent-lhr8-2.cdninstagram.com\\\/v\\\/t51.71878-15\\\/548976430_3347545778717229_1803714881820621433_n.jpg?stp=dst-jpg_e35_tt6&amp;_nc_cat=103&amp;ccb=7-5&amp;_nc_sid=18de74&amp;efg=eyJlZmdfdGFnIjoiQ0xJUFMuYmVzdF9pbWFnZV91cmxnZW4uQzMifQ%3D%3D&amp;_nc_ohc=8_HF0HIexS0Q7kNvwEqFvwk&amp;_nc_oc=AdotqHi1wIDbcxW5F3d9nXvCrNShp4h8cy1KriMCAbnvpLCezzX9pacTdr-DmeyTNp4&amp;_nc_zt=23&amp;_nc_ht=scontent-lhr8-2.cdninstagram.com&amp;edm=AM6HXa8EAAAA&amp;_nc_gid=NnFd7aX4hPjc8Ofix9WnEw&amp;_nc_tpa=Q5bMBQEOfgkx96Z8hwstbclz52Tjn0HIgspeYzJ4A8HJmWX3LHASm9kHHsfy_XujKogSnaL5hCYkzIjh&amp;oh=00_Af1MUl-z4t8NPChfvzmj-jY2e6DdwSuJIgst49vxa1Uclw&amp;oe=69F32934&quot;}\">\n\t\t\t<span class=\"sbi-screenreader\">Die Hochpyren\u00e4en beginnen heute. Ein lustiger Morgen auf G<\/span>\n\t\t\t\t\t\t<svg style=\"color: rgba(255,255,255,1)\" class=\"svg-inline--fa fa-play fa-w-14 sbi_playbtn\" aria-label=\"Spielen\" aria-hidden=\"true\" data-fa-processed=\"\" data-prefix=\"fa\" data-icon=\"play\" role=\"presentation\" xmlns=\"http:\/\/www.w3.org\/2000\/svg\" viewbox=\"0 0 448 512\"><path fill=\"currentColor\" d=\"M424.4 214.7L72.4 6.6C43.8-10.3 0 6.1 0 47.9V464c0 37.5 40.7 60.1 72.4 41.3l352-208c31.4-18.5 31.5-64.1 0-82.6z\"><\/path><\/svg>\t\t\t<img decoding=\"async\" src=\"https:\/\/www.basquemtb.com\/wp-content\/plugins\/instagram-feed\/img\/placeholder.png\" alt=\"Die Hochpyren\u00e4en beginnen heute. Ein unterhaltsamer Morgen auf toller Schotterstra\u00dfe, um anzufangen. #basquemtb #highpyrenees\" aria-hidden=\"true\">\n\t\t<\/a>\n\t<\/div>\n<\/div><div class=\"sbi_item sbi_type_carousel sbi_new sbi_transition\"\n\tid=\"sbi_17947873829991320\" data-date=\"1752073045\">\n\t<div class=\"sbi_photo_wrap\">\n\t\t<a class=\"sbi_photo\" href=\"https:\/\/www.instagram.com\/p\/DL5CXfas4-K\/\" target=\"_blank\" rel=\"noopener nofollow\" data-full-res=\"https:\/\/scontent-lhr6-2.cdninstagram.com\/v\/t51.82787-15\/517213967_18515296486035359_4052359954044252081_n.jpg?stp=dst-jpg_e35_tt6&#038;_nc_cat=104&#038;ccb=7-5&#038;_nc_sid=18de74&#038;efg=eyJlZmdfdGFnIjoiQ0FST1VTRUxfSVRFTS5iZXN0X2ltYWdlX3VybGdlbi5DMyJ9&#038;_nc_ohc=hiZG66-4dr0Q7kNvwEEQWlE&#038;_nc_oc=AdpRPkmi_OofvjdB1flYGbSFTNCQgiNnWsfzm2MivYD7v1Vz1WiCFhlKe6My9kcGzFg&#038;_nc_zt=23&#038;_nc_ht=scontent-lhr6-2.cdninstagram.com&#038;edm=AM6HXa8EAAAA&#038;_nc_gid=NnFd7aX4hPjc8Ofix9WnEw&#038;oh=00_Af24uJzJdGNPEEFiwqTI9foKzblfWC_-nF9ohomkdYGxCA&#038;oe=69F33A26\" data-img-src-set=\"{&quot;d&quot;:&quot;https:\\\/\\\/scontent-lhr6-2.cdninstagram.com\\\/v\\\/t51.82787-15\\\/517213967_18515296486035359_4052359954044252081_n.jpg?stp=dst-jpg_e35_tt6&amp;_nc_cat=104&amp;ccb=7-5&amp;_nc_sid=18de74&amp;efg=eyJlZmdfdGFnIjoiQ0FST1VTRUxfSVRFTS5iZXN0X2ltYWdlX3VybGdlbi5DMyJ9&amp;_nc_ohc=hiZG66-4dr0Q7kNvwEEQWlE&amp;_nc_oc=AdpRPkmi_OofvjdB1flYGbSFTNCQgiNnWsfzm2MivYD7v1Vz1WiCFhlKe6My9kcGzFg&amp;_nc_zt=23&amp;_nc_ht=scontent-lhr6-2.cdninstagram.com&amp;edm=AM6HXa8EAAAA&amp;_nc_gid=NnFd7aX4hPjc8Ofix9WnEw&amp;oh=00_Af24uJzJdGNPEEFiwqTI9foKzblfWC_-nF9ohomkdYGxCA&amp;oe=69F33A26&quot;,&quot;150&quot;:&quot;https:\\\/\\\/scontent-lhr6-2.cdninstagram.com\\\/v\\\/t51.82787-15\\\/517213967_18515296486035359_4052359954044252081_n.jpg?stp=dst-jpg_e35_tt6&amp;_nc_cat=104&amp;ccb=7-5&amp;_nc_sid=18de74&amp;efg=eyJlZmdfdGFnIjoiQ0FST1VTRUxfSVRFTS5iZXN0X2ltYWdlX3VybGdlbi5DMyJ9&amp;_nc_ohc=hiZG66-4dr0Q7kNvwEEQWlE&amp;_nc_oc=AdpRPkmi_OofvjdB1flYGbSFTNCQgiNnWsfzm2MivYD7v1Vz1WiCFhlKe6My9kcGzFg&amp;_nc_zt=23&amp;_nc_ht=scontent-lhr6-2.cdninstagram.com&amp;edm=AM6HXa8EAAAA&amp;_nc_gid=NnFd7aX4hPjc8Ofix9WnEw&amp;oh=00_Af24uJzJdGNPEEFiwqTI9foKzblfWC_-nF9ohomkdYGxCA&amp;oe=69F33A26&quot;,&quot;320&quot;:&quot;https:\\\/\\\/scontent-lhr6-2.cdninstagram.com\\\/v\\\/t51.82787-15\\\/517213967_18515296486035359_4052359954044252081_n.jpg?stp=dst-jpg_e35_tt6&amp;_nc_cat=104&amp;ccb=7-5&amp;_nc_sid=18de74&amp;efg=eyJlZmdfdGFnIjoiQ0FST1VTRUxfSVRFTS5iZXN0X2ltYWdlX3VybGdlbi5DMyJ9&amp;_nc_ohc=hiZG66-4dr0Q7kNvwEEQWlE&amp;_nc_oc=AdpRPkmi_OofvjdB1flYGbSFTNCQgiNnWsfzm2MivYD7v1Vz1WiCFhlKe6My9kcGzFg&amp;_nc_zt=23&amp;_nc_ht=scontent-lhr6-2.cdninstagram.com&amp;edm=AM6HXa8EAAAA&amp;_nc_gid=NnFd7aX4hPjc8Ofix9WnEw&amp;oh=00_Af24uJzJdGNPEEFiwqTI9foKzblfWC_-nF9ohomkdYGxCA&amp;oe=69F33A26&quot;,&quot;640&quot;:&quot;https:\\\/\\\/scontent-lhr6-2.cdninstagram.com\\\/v\\\/t51.82787-15\\\/517213967_18515296486035359_4052359954044252081_n.jpg?stp=dst-jpg_e35_tt6&amp;_nc_cat=104&amp;ccb=7-5&amp;_nc_sid=18de74&amp;efg=eyJlZmdfdGFnIjoiQ0FST1VTRUxfSVRFTS5iZXN0X2ltYWdlX3VybGdlbi5DMyJ9&amp;_nc_ohc=hiZG66-4dr0Q7kNvwEEQWlE&amp;_nc_oc=AdpRPkmi_OofvjdB1flYGbSFTNCQgiNnWsfzm2MivYD7v1Vz1WiCFhlKe6My9kcGzFg&amp;_nc_zt=23&amp;_nc_ht=scontent-lhr6-2.cdninstagram.com&amp;edm=AM6HXa8EAAAA&amp;_nc_gid=NnFd7aX4hPjc8Ofix9WnEw&amp;oh=00_Af24uJzJdGNPEEFiwqTI9foKzblfWC_-nF9ohomkdYGxCA&amp;oe=69F33A26&quot;}\">\n\t\t\t<span class=\"sbi-screenreader\">Tag 4 der Pyren\u00e4en-Odyssee. Episch. #Pyren\u00e4enOdys<\/span>\n\t\t\t<svg class=\"svg-inline--fa fa-clone fa-w-16 sbi_lightbox_carousel_icon\" aria-hidden=\"true\" aria-label=\"Klonen\" data-fa-pro\u0192cessed=\"\" data-prefix=\"far\" data-icon=\"clone\" role=\"img\" xmlns=\"http:\/\/www.w3.org\/2000\/svg\" viewbox=\"0 0 512 512\">\n                    <path fill=\"currentColor\" d=\"M464 0H144c-26.51 0-48 21.49-48 48v48H48c-26.51 0-48 21.49-48 48v320c0 26.51 21.49 48 48 48h320c26.51 0 48-21.49 48-48v-48h48c26.51 0 48-21.49 48-48V48c0-26.51-21.49-48-48-48zM362 464H54a6 6 0 0 1-6-6V150a6 6 0 0 1 6-6h42v224c0 26.51 21.49 48 48 48h224v42a6 6 0 0 1-6 6zm96-96H150a6 6 0 0 1-6-6V54a6 6 0 0 1 6-6h308a6 6 0 0 1 6 6v308a6 6 0 0 1-6 6z\"><\/path>\n                <\/svg>\t\t\t\t\t\t<img decoding=\"async\" src=\"https:\/\/www.basquemtb.com\/wp-content\/plugins\/instagram-feed\/img\/placeholder.png\" alt=\"Tag 4 der Pyren\u00e4en-Odyssee. Episch. #PyreneesOdyssey #basqueMTB @trailtales_\" aria-hidden=\"true\">\n\t\t<\/a>\n\t<\/div>\n<\/div><div class=\"sbi_item sbi_type_video sbi_new sbi_transition\"\n\tid=\"sbi_18070190861012390\" data-date=\"1751992499\">\n\t<div class=\"sbi_photo_wrap\">\n\t\t<a class=\"sbi_photo\" href=\"https:\/\/www.instagram.com\/reel\/DL2ltY_svPb\/\" target=\"_blank\" rel=\"noopener nofollow\" data-full-res=\"https:\/\/scontent-lhr6-2.cdninstagram.com\/v\/t51.71878-15\/517260956_610490241641070_2247715045198778423_n.jpg?stp=dst-jpg_e35_tt6&#038;_nc_cat=104&#038;ccb=7-5&#038;_nc_sid=18de74&#038;efg=eyJlZmdfdGFnIjoiQ0xJUFMuYmVzdF9pbWFnZV91cmxnZW4uQzMifQ%3D%3D&#038;_nc_ohc=IgSXPVRynKAQ7kNvwEU06o9&#038;_nc_oc=AdpV-m9iuCyJ31WF5mLJk2Y_ihbh8cWCwvwO3MHOKWJYQegYuwjsEGkprU37rOZCS60&#038;_nc_zt=23&#038;_nc_ht=scontent-lhr6-2.cdninstagram.com&#038;edm=AM6HXa8EAAAA&#038;_nc_gid=NnFd7aX4hPjc8Ofix9WnEw&#038;_nc_tpa=Q5bMBQHM8ovKwSeoaW2kHIVjoyodgE701SgGpdI1GAGkUgrSC07_1NOeNPCi-NZH6eKvZ2ZuFD8wmDrM&#038;oh=00_Af2W8-hT01l1_au91YuR0zCqFEyPoZZzwwWlayzH3PnIog&#038;oe=69F31F00\" data-img-src-set=\"{&quot;d&quot;:&quot;https:\\\/\\\/scontent-lhr6-2.cdninstagram.com\\\/v\\\/t51.71878-15\\\/517260956_610490241641070_2247715045198778423_n.jpg?stp=dst-jpg_e35_tt6&amp;_nc_cat=104&amp;ccb=7-5&amp;_nc_sid=18de74&amp;efg=eyJlZmdfdGFnIjoiQ0xJUFMuYmVzdF9pbWFnZV91cmxnZW4uQzMifQ%3D%3D&amp;_nc_ohc=IgSXPVRynKAQ7kNvwEU06o9&amp;_nc_oc=AdpV-m9iuCyJ31WF5mLJk2Y_ihbh8cWCwvwO3MHOKWJYQegYuwjsEGkprU37rOZCS60&amp;_nc_zt=23&amp;_nc_ht=scontent-lhr6-2.cdninstagram.com&amp;edm=AM6HXa8EAAAA&amp;_nc_gid=NnFd7aX4hPjc8Ofix9WnEw&amp;_nc_tpa=Q5bMBQHM8ovKwSeoaW2kHIVjoyodgE701SgGpdI1GAGkUgrSC07_1NOeNPCi-NZH6eKvZ2ZuFD8wmDrM&amp;oh=00_Af2W8-hT01l1_au91YuR0zCqFEyPoZZzwwWlayzH3PnIog&amp;oe=69F31F00&quot;,&quot;150&quot;:&quot;https:\\\/\\\/scontent-lhr6-2.cdninstagram.com\\\/v\\\/t51.71878-15\\\/517260956_610490241641070_2247715045198778423_n.jpg?stp=dst-jpg_e35_tt6&amp;_nc_cat=104&amp;ccb=7-5&amp;_nc_sid=18de74&amp;efg=eyJlZmdfdGFnIjoiQ0xJUFMuYmVzdF9pbWFnZV91cmxnZW4uQzMifQ%3D%3D&amp;_nc_ohc=IgSXPVRynKAQ7kNvwEU06o9&amp;_nc_oc=AdpV-m9iuCyJ31WF5mLJk2Y_ihbh8cWCwvwO3MHOKWJYQegYuwjsEGkprU37rOZCS60&amp;_nc_zt=23&amp;_nc_ht=scontent-lhr6-2.cdninstagram.com&amp;edm=AM6HXa8EAAAA&amp;_nc_gid=NnFd7aX4hPjc8Ofix9WnEw&amp;_nc_tpa=Q5bMBQHM8ovKwSeoaW2kHIVjoyodgE701SgGpdI1GAGkUgrSC07_1NOeNPCi-NZH6eKvZ2ZuFD8wmDrM&amp;oh=00_Af2W8-hT01l1_au91YuR0zCqFEyPoZZzwwWlayzH3PnIog&amp;oe=69F31F00&quot;,&quot;320&quot;:&quot;https:\\\/\\\/scontent-lhr6-2.cdninstagram.com\\\/v\\\/t51.71878-15\\\/517260956_610490241641070_2247715045198778423_n.jpg?stp=dst-jpg_e35_tt6&amp;_nc_cat=104&amp;ccb=7-5&amp;_nc_sid=18de74&amp;efg=eyJlZmdfdGFnIjoiQ0xJUFMuYmVzdF9pbWFnZV91cmxnZW4uQzMifQ%3D%3D&amp;_nc_ohc=IgSXPVRynKAQ7kNvwEU06o9&amp;_nc_oc=AdpV-m9iuCyJ31WF5mLJk2Y_ihbh8cWCwvwO3MHOKWJYQegYuwjsEGkprU37rOZCS60&amp;_nc_zt=23&amp;_nc_ht=scontent-lhr6-2.cdninstagram.com&amp;edm=AM6HXa8EAAAA&amp;_nc_gid=NnFd7aX4hPjc8Ofix9WnEw&amp;_nc_tpa=Q5bMBQHM8ovKwSeoaW2kHIVjoyodgE701SgGpdI1GAGkUgrSC07_1NOeNPCi-NZH6eKvZ2ZuFD8wmDrM&amp;oh=00_Af2W8-hT01l1_au91YuR0zCqFEyPoZZzwwWlayzH3PnIog&amp;oe=69F31F00&quot;,&quot;640&quot;:&quot;https:\\\/\\\/scontent-lhr6-2.cdninstagram.com\\\/v\\\/t51.71878-15\\\/517260956_610490241641070_2247715045198778423_n.jpg?stp=dst-jpg_e35_tt6&amp;_nc_cat=104&amp;ccb=7-5&amp;_nc_sid=18de74&amp;efg=eyJlZmdfdGFnIjoiQ0xJUFMuYmVzdF9pbWFnZV91cmxnZW4uQzMifQ%3D%3D&amp;_nc_ohc=IgSXPVRynKAQ7kNvwEU06o9&amp;_nc_oc=AdpV-m9iuCyJ31WF5mLJk2Y_ihbh8cWCwvwO3MHOKWJYQegYuwjsEGkprU37rOZCS60&amp;_nc_zt=23&amp;_nc_ht=scontent-lhr6-2.cdninstagram.com&amp;edm=AM6HXa8EAAAA&amp;_nc_gid=NnFd7aX4hPjc8Ofix9WnEw&amp;_nc_tpa=Q5bMBQHM8ovKwSeoaW2kHIVjoyodgE701SgGpdI1GAGkUgrSC07_1NOeNPCi-NZH6eKvZ2ZuFD8wmDrM&amp;oh=00_Af2W8-hT01l1_au91YuR0zCqFEyPoZZzwwWlayzH3PnIog&amp;oe=69F31F00&quot;}\">\n\t\t\t<span class=\"sbi-screenreader\">Die Pyren\u00e4en-Odyssee Tag 3. Ein Tag um es etwas ruhiger angehen zu lassen<\/span>\n\t\t\t\t\t\t<svg style=\"color: rgba(255,255,255,1)\" class=\"svg-inline--fa fa-play fa-w-14 sbi_playbtn\" aria-label=\"Spielen\" aria-hidden=\"true\" data-fa-processed=\"\" data-prefix=\"fa\" data-icon=\"play\" role=\"presentation\" xmlns=\"http:\/\/www.w3.org\/2000\/svg\" viewbox=\"0 0 448 512\"><path fill=\"currentColor\" d=\"M424.4 214.7L72.4 6.6C43.8-10.3 0 6.1 0 47.9V464c0 37.5 40.7 60.1 72.4 41.3l352-208c31.4-18.5 31.5-64.1 0-82.6z\"><\/path><\/svg>\t\t\t<img decoding=\"async\" src=\"https:\/\/www.basquemtb.com\/wp-content\/plugins\/instagram-feed\/img\/placeholder.png\" alt=\"Der Pyren\u00e4en-Odyssee-Tag 3. Ein Tag, um es ein wenig ruhig angehen zu lassen, um sich auf die bevorstehenden gro\u00dfen Tage vorzubereiten. #PyreneesOdyssey #basquemtb @trailtales_\" aria-hidden=\"true\">\n\t\t<\/a>\n\t<\/div>\n<\/div><div class=\"sbi_item sbi_type_carousel sbi_new sbi_transition\"\n\tid=\"sbi_17963781878910657\" data-date=\"1746183439\">\n\t<div class=\"sbi_photo_wrap\">\n\t\t<a class=\"sbi_photo\" href=\"https:\/\/www.instagram.com\/p\/DJJg1XtMCtG\/\" target=\"_blank\" rel=\"noopener nofollow\" data-full-res=\"https:\/\/scontent-lhr6-1.cdninstagram.com\/v\/t51.75761-15\/494961338_18502238731035359_7771869329109028891_n.jpg?stp=dst-jpg_e35_tt6&#038;_nc_cat=109&#038;ccb=7-5&#038;_nc_sid=18de74&#038;efg=eyJlZmdfdGFnIjoiQ0FST1VTRUxfSVRFTS5iZXN0X2ltYWdlX3VybGdlbi5DMyJ9&#038;_nc_ohc=7P85Hine5w0Q7kNvwEQcoRw&#038;_nc_oc=Adp5WSaQG3MZSuBEbPeRtqnd6adi1DgPXq9_O07_oMZLW31iRro_WB1ukqiVHmuZ9Jc&#038;_nc_zt=23&#038;_nc_ht=scontent-lhr6-1.cdninstagram.com&#038;edm=AM6HXa8EAAAA&#038;_nc_gid=NnFd7aX4hPjc8Ofix9WnEw&#038;oh=00_Af1RKbZz9OOvPJ4L5WJeopCm37cCdR2QLdlz9yWLZdZwNg&#038;oe=69F34606\" data-img-src-set=\"{&quot;d&quot;:&quot;https:\\\/\\\/scontent-lhr6-1.cdninstagram.com\\\/v\\\/t51.75761-15\\\/494961338_18502238731035359_7771869329109028891_n.jpg?stp=dst-jpg_e35_tt6&amp;_nc_cat=109&amp;ccb=7-5&amp;_nc_sid=18de74&amp;efg=eyJlZmdfdGFnIjoiQ0FST1VTRUxfSVRFTS5iZXN0X2ltYWdlX3VybGdlbi5DMyJ9&amp;_nc_ohc=7P85Hine5w0Q7kNvwEQcoRw&amp;_nc_oc=Adp5WSaQG3MZSuBEbPeRtqnd6adi1DgPXq9_O07_oMZLW31iRro_WB1ukqiVHmuZ9Jc&amp;_nc_zt=23&amp;_nc_ht=scontent-lhr6-1.cdninstagram.com&amp;edm=AM6HXa8EAAAA&amp;_nc_gid=NnFd7aX4hPjc8Ofix9WnEw&amp;oh=00_Af1RKbZz9OOvPJ4L5WJeopCm37cCdR2QLdlz9yWLZdZwNg&amp;oe=69F34606&quot;,&quot;150&quot;:&quot;https:\\\/\\\/scontent-lhr6-1.cdninstagram.com\\\/v\\\/t51.75761-15\\\/494961338_18502238731035359_7771869329109028891_n.jpg?stp=dst-jpg_e35_tt6&amp;_nc_cat=109&amp;ccb=7-5&amp;_nc_sid=18de74&amp;efg=eyJlZmdfdGFnIjoiQ0FST1VTRUxfSVRFTS5iZXN0X2ltYWdlX3VybGdlbi5DMyJ9&amp;_nc_ohc=7P85Hine5w0Q7kNvwEQcoRw&amp;_nc_oc=Adp5WSaQG3MZSuBEbPeRtqnd6adi1DgPXq9_O07_oMZLW31iRro_WB1ukqiVHmuZ9Jc&amp;_nc_zt=23&amp;_nc_ht=scontent-lhr6-1.cdninstagram.com&amp;edm=AM6HXa8EAAAA&amp;_nc_gid=NnFd7aX4hPjc8Ofix9WnEw&amp;oh=00_Af1RKbZz9OOvPJ4L5WJeopCm37cCdR2QLdlz9yWLZdZwNg&amp;oe=69F34606&quot;,&quot;320&quot;:&quot;https:\\\/\\\/scontent-lhr6-1.cdninstagram.com\\\/v\\\/t51.75761-15\\\/494961338_18502238731035359_7771869329109028891_n.jpg?stp=dst-jpg_e35_tt6&amp;_nc_cat=109&amp;ccb=7-5&amp;_nc_sid=18de74&amp;efg=eyJlZmdfdGFnIjoiQ0FST1VTRUxfSVRFTS5iZXN0X2ltYWdlX3VybGdlbi5DMyJ9&amp;_nc_ohc=7P85Hine5w0Q7kNvwEQcoRw&amp;_nc_oc=Adp5WSaQG3MZSuBEbPeRtqnd6adi1DgPXq9_O07_oMZLW31iRro_WB1ukqiVHmuZ9Jc&amp;_nc_zt=23&amp;_nc_ht=scontent-lhr6-1.cdninstagram.com&amp;edm=AM6HXa8EAAAA&amp;_nc_gid=NnFd7aX4hPjc8Ofix9WnEw&amp;oh=00_Af1RKbZz9OOvPJ4L5WJeopCm37cCdR2QLdlz9yWLZdZwNg&amp;oe=69F34606&quot;,&quot;640&quot;:&quot;https:\\\/\\\/scontent-lhr6-1.cdninstagram.com\\\/v\\\/t51.75761-15\\\/494961338_18502238731035359_7771869329109028891_n.jpg?stp=dst-jpg_e35_tt6&amp;_nc_cat=109&amp;ccb=7-5&amp;_nc_sid=18de74&amp;efg=eyJlZmdfdGFnIjoiQ0FST1VTRUxfSVRFTS5iZXN0X2ltYWdlX3VybGdlbi5DMyJ9&amp;_nc_ohc=7P85Hine5w0Q7kNvwEQcoRw&amp;_nc_oc=Adp5WSaQG3MZSuBEbPeRtqnd6adi1DgPXq9_O07_oMZLW31iRro_WB1ukqiVHmuZ9Jc&amp;_nc_zt=23&amp;_nc_ht=scontent-lhr6-1.cdninstagram.com&amp;edm=AM6HXa8EAAAA&amp;_nc_gid=NnFd7aX4hPjc8Ofix9WnEw&amp;oh=00_Af1RKbZz9OOvPJ4L5WJeopCm37cCdR2QLdlz9yWLZdZwNg&amp;oe=69F34606&quot;}\">\n\t\t\t<span class=\"sbi-screenreader\">Tic Toc, Backcountry O\u2019Clock. Zeit f\u00fcr die Backc<\/span>\n\t\t\t<svg class=\"svg-inline--fa fa-clone fa-w-16 sbi_lightbox_carousel_icon\" aria-hidden=\"true\" aria-label=\"Klonen\" data-fa-pro\u0192cessed=\"\" data-prefix=\"far\" data-icon=\"clone\" role=\"img\" xmlns=\"http:\/\/www.w3.org\/2000\/svg\" viewbox=\"0 0 512 512\">\n                    <path fill=\"currentColor\" d=\"M464 0H144c-26.51 0-48 21.49-48 48v48H48c-26.51 0-48 21.49-48 48v320c0 26.51 21.49 48 48 48h320c26.51 0 48-21.49 48-48v-48h48c26.51 0 48-21.49 48-48V48c0-26.51-21.49-48-48-48zM362 464H54a6 6 0 0 1-6-6V150a6 6 0 0 1 6-6h42v224c0 26.51 21.49 48 48 48h224v42a6 6 0 0 1-6 6zm96-96H150a6 6 0 0 1-6-6V54a6 6 0 0 1 6-6h308a6 6 0 0 1 6 6v308a6 6 0 0 1-6 6z\"><\/path>\n                <\/svg>\t\t\t\t\t\t<img decoding=\"async\" src=\"https:\/\/www.basquemtb.com\/wp-content\/plugins\/instagram-feed\/img\/placeholder.png\" alt=\"Tic Toc, Backcountry O\u2019Clock. Zeit f\u00fcr die Pyren\u00e4en. Im Mai werden wir die atemberaubenden, abgelegenen Trails in den Vorpyren\u00e4en fahren. Ich kann es kaum erwarten! #backcountrypyrenees #basquemtb\" aria-hidden=\"true\">\n\t\t<\/a>\n\t<\/div>\n<\/div><div class=\"sbi_item sbi_type_carousel sbi_new sbi_transition\"\n\tid=\"sbi_17878443627203960\" data-date=\"1745752887\">\n\t<div class=\"sbi_photo_wrap\">\n\t\t<a class=\"sbi_photo\" href=\"https:\/\/www.instagram.com\/p\/DI8rn0tsJ9K\/\" target=\"_blank\" rel=\"noopener nofollow\" data-full-res=\"https:\/\/scontent-lhr6-1.cdninstagram.com\/v\/t51.75761-15\/491465312_18501338878035359_1890610912149749344_n.jpg?stp=dst-jpg_e35_tt6&#038;_nc_cat=102&#038;ccb=7-5&#038;_nc_sid=18de74&#038;efg=eyJlZmdfdGFnIjoiQ0FST1VTRUxfSVRFTS5iZXN0X2ltYWdlX3VybGdlbi5DMyJ9&#038;_nc_ohc=R0dg_djcoXkQ7kNvwHSbv9Q&#038;_nc_oc=AdpzCnGrTHV4eVkXvVkmCCFcuxtQNdvwpj9F7YtuU9TmndADFcfWd-ze53gy1czHMyo&#038;_nc_zt=23&#038;_nc_ht=scontent-lhr6-1.cdninstagram.com&#038;edm=AM6HXa8EAAAA&#038;_nc_gid=NnFd7aX4hPjc8Ofix9WnEw&#038;oh=00_Af25wwjwLV8tAZeSbE-dZekYcGRFm5abfT3fK8PT_i5qgQ&#038;oe=69F328E5\" data-img-src-set=\"{&quot;d&quot;:&quot;https:\\\/\\\/scontent-lhr6-1.cdninstagram.com\\\/v\\\/t51.75761-15\\\/491465312_18501338878035359_1890610912149749344_n.jpg?stp=dst-jpg_e35_tt6&amp;_nc_cat=102&amp;ccb=7-5&amp;_nc_sid=18de74&amp;efg=eyJlZmdfdGFnIjoiQ0FST1VTRUxfSVRFTS5iZXN0X2ltYWdlX3VybGdlbi5DMyJ9&amp;_nc_ohc=R0dg_djcoXkQ7kNvwHSbv9Q&amp;_nc_oc=AdpzCnGrTHV4eVkXvVkmCCFcuxtQNdvwpj9F7YtuU9TmndADFcfWd-ze53gy1czHMyo&amp;_nc_zt=23&amp;_nc_ht=scontent-lhr6-1.cdninstagram.com&amp;edm=AM6HXa8EAAAA&amp;_nc_gid=NnFd7aX4hPjc8Ofix9WnEw&amp;oh=00_Af25wwjwLV8tAZeSbE-dZekYcGRFm5abfT3fK8PT_i5qgQ&amp;oe=69F328E5&quot;,&quot;150&quot;:&quot;https:\\\/\\\/scontent-lhr6-1.cdninstagram.com\\\/v\\\/t51.75761-15\\\/491465312_18501338878035359_1890610912149749344_n.jpg?stp=dst-jpg_e35_tt6&amp;_nc_cat=102&amp;ccb=7-5&amp;_nc_sid=18de74&amp;efg=eyJlZmdfdGFnIjoiQ0FST1VTRUxfSVRFTS5iZXN0X2ltYWdlX3VybGdlbi5DMyJ9&amp;_nc_ohc=R0dg_djcoXkQ7kNvwHSbv9Q&amp;_nc_oc=AdpzCnGrTHV4eVkXvVkmCCFcuxtQNdvwpj9F7YtuU9TmndADFcfWd-ze53gy1czHMyo&amp;_nc_zt=23&amp;_nc_ht=scontent-lhr6-1.cdninstagram.com&amp;edm=AM6HXa8EAAAA&amp;_nc_gid=NnFd7aX4hPjc8Ofix9WnEw&amp;oh=00_Af25wwjwLV8tAZeSbE-dZekYcGRFm5abfT3fK8PT_i5qgQ&amp;oe=69F328E5&quot;,&quot;320&quot;:&quot;https:\\\/\\\/scontent-lhr6-1.cdninstagram.com\\\/v\\\/t51.75761-15\\\/491465312_18501338878035359_1890610912149749344_n.jpg?stp=dst-jpg_e35_tt6&amp;_nc_cat=102&amp;ccb=7-5&amp;_nc_sid=18de74&amp;efg=eyJlZmdfdGFnIjoiQ0FST1VTRUxfSVRFTS5iZXN0X2ltYWdlX3VybGdlbi5DMyJ9&amp;_nc_ohc=R0dg_djcoXkQ7kNvwHSbv9Q&amp;_nc_oc=AdpzCnGrTHV4eVkXvVkmCCFcuxtQNdvwpj9F7YtuU9TmndADFcfWd-ze53gy1czHMyo&amp;_nc_zt=23&amp;_nc_ht=scontent-lhr6-1.cdninstagram.com&amp;edm=AM6HXa8EAAAA&amp;_nc_gid=NnFd7aX4hPjc8Ofix9WnEw&amp;oh=00_Af25wwjwLV8tAZeSbE-dZekYcGRFm5abfT3fK8PT_i5qgQ&amp;oe=69F328E5&quot;,&quot;640&quot;:&quot;https:\\\/\\\/scontent-lhr6-1.cdninstagram.com\\\/v\\\/t51.75761-15\\\/491465312_18501338878035359_1890610912149749344_n.jpg?stp=dst-jpg_e35_tt6&amp;_nc_cat=102&amp;ccb=7-5&amp;_nc_sid=18de74&amp;efg=eyJlZmdfdGFnIjoiQ0FST1VTRUxfSVRFTS5iZXN0X2ltYWdlX3VybGdlbi5DMyJ9&amp;_nc_ohc=R0dg_djcoXkQ7kNvwHSbv9Q&amp;_nc_oc=AdpzCnGrTHV4eVkXvVkmCCFcuxtQNdvwpj9F7YtuU9TmndADFcfWd-ze53gy1czHMyo&amp;_nc_zt=23&amp;_nc_ht=scontent-lhr6-1.cdninstagram.com&amp;edm=AM6HXa8EAAAA&amp;_nc_gid=NnFd7aX4hPjc8Ofix9WnEw&amp;oh=00_Af25wwjwLV8tAZeSbE-dZekYcGRFm5abfT3fK8PT_i5qgQ&amp;oe=69F328E5&quot;}\">\n\t\t\t<span class=\"sbi-screenreader\">Die Pyren\u00e4en im Hinterland ist vielleicht unsere Reise mit dem<\/span>\n\t\t\t<svg class=\"svg-inline--fa fa-clone fa-w-16 sbi_lightbox_carousel_icon\" aria-hidden=\"true\" aria-label=\"Klonen\" data-fa-pro\u0192cessed=\"\" data-prefix=\"far\" data-icon=\"clone\" role=\"img\" xmlns=\"http:\/\/www.w3.org\/2000\/svg\" viewbox=\"0 0 512 512\">\n                    <path fill=\"currentColor\" d=\"M464 0H144c-26.51 0-48 21.49-48 48v48H48c-26.51 0-48 21.49-48 48v320c0 26.51 21.49 48 48 48h320c26.51 0 48-21.49 48-48v-48h48c26.51 0 48-21.49 48-48V48c0-26.51-21.49-48-48-48zM362 464H54a6 6 0 0 1-6-6V150a6 6 0 0 1 6-6h42v224c0 26.51 21.49 48 48 48h224v42a6 6 0 0 1-6 6zm96-96H150a6 6 0 0 1-6-6V54a6 6 0 0 1 6-6h308a6 6 0 0 1 6 6v308a6 6 0 0 1-6 6z\"><\/path>\n                <\/svg>\t\t\t\t\t\t<img decoding=\"async\" src=\"https:\/\/www.basquemtb.com\/wp-content\/plugins\/instagram-feed\/img\/placeholder.png\" alt=\"Die Pyren\u00e4en im Hinterland sind vielleicht unsere abwechslungsreichste Reise. Graue Erde, rote Erde, glatter Fels und Dreck. Dies ist ein gro\u00dfes Abenteuer durch die wilden Vorpyren\u00e4en auf einigen der besten Trails, die Sie je gefahren sind. Wir werden die Pyren\u00e4en im Hinterland dieses Jahr nur im Mai anbieten. Dann sind wir im Juni an der K\u00fcste. #basquemtb #BackcountryPyrenees Gef\u00e4llt Ihnen unser \u00fcberarbeitetes Logo? Neue Trikots gibt es bald!\" aria-hidden=\"true\">\n\t\t<\/a>\n\t<\/div>\n<\/div>\t<\/div>\n\n\t<div id=\"sbi_load\" >\n\n\t\n\t\n<\/div>\n\t\t<span class=\"sbi_resized_image_data\" data-feed-id=\"*1\"\n\t\t  data-resized=\"{&quot;17878443627203960&quot;:{&quot;id&quot;:&quot;491465312_18501338878035359_1890610912149749344_n&quot;,&quot;ratio&quot;:&quot;1.78&quot;,&quot;sizes&quot;:{&quot;full&quot;:640,&quot;low&quot;:320,&quot;thumb&quot;:150},&quot;extension&quot;:&quot;.webp&quot;},&quot;17963781878910657&quot;:{&quot;id&quot;:&quot;494961338_18502238731035359_7771869329109028891_n&quot;,&quot;ratio&quot;:&quot;1.33&quot;,&quot;sizes&quot;:{&quot;full&quot;:640,&quot;low&quot;:320,&quot;thumb&quot;:150},&quot;extension&quot;:&quot;.webp&quot;},&quot;18070190861012390&quot;:{&quot;id&quot;:&quot;517260956_610490241641070_2247715045198778423_n&quot;,&quot;ratio&quot;:&quot;0.56&quot;,&quot;sizes&quot;:{&quot;full&quot;:640,&quot;low&quot;:320,&quot;thumb&quot;:150},&quot;extension&quot;:&quot;.webp&quot;},&quot;17947873829991320&quot;:{&quot;id&quot;:&quot;517213967_18515296486035359_4052359954044252081_n&quot;,&quot;ratio&quot;:&quot;0.78&quot;,&quot;sizes&quot;:{&quot;full&quot;:640,&quot;low&quot;:320,&quot;thumb&quot;:150},&quot;extension&quot;:&quot;.webp&quot;},&quot;18012466916788837&quot;:{&quot;id&quot;:&quot;548976430_3347545778717229_1803714881820621433_n&quot;,&quot;ratio&quot;:&quot;0.56&quot;,&quot;sizes&quot;:{&quot;full&quot;:640,&quot;low&quot;:320,&quot;thumb&quot;:150},&quot;extension&quot;:&quot;.webp&quot;},&quot;18417335134129319&quot;:{&quot;id&quot;:&quot;549706457_799429925999977_7158375391176211146_n&quot;,&quot;ratio&quot;:&quot;0.56&quot;,&quot;sizes&quot;:{&quot;full&quot;:640,&quot;low&quot;:320,&quot;thumb&quot;:150},&quot;extension&quot;:&quot;.webp&quot;},&quot;18145887292396001&quot;:{&quot;id&quot;:&quot;604346230_18548750779035359_4720936415951395974_n&quot;,&quot;ratio&quot;:&quot;1.33&quot;,&quot;sizes&quot;:{&quot;full&quot;:640,&quot;low&quot;:320,&quot;thumb&quot;:150},&quot;extension&quot;:&quot;.webp&quot;},&quot;17977271846980018&quot;:{&quot;id&quot;:&quot;619439227_18553379878035359_7497317274021724112_n&quot;,&quot;ratio&quot;:&quot;1.54&quot;,&quot;sizes&quot;:{&quot;full&quot;:640,&quot;low&quot;:320,&quot;thumb&quot;:150},&quot;extension&quot;:&quot;.webp&quot;},&quot;17887405713425001&quot;:{&quot;id&quot;:&quot;622760488_18554995447035359_6679832829194928835_n&quot;,&quot;ratio&quot;:&quot;0.80&quot;,&quot;sizes&quot;:{&quot;full&quot;:640,&quot;low&quot;:320,&quot;thumb&quot;:150},&quot;extension&quot;:&quot;.webp&quot;},&quot;17998836359899274&quot;:{&quot;id&quot;:&quot;626511320_18557155882035359_4483437767632324946_n&quot;,&quot;ratio&quot;:&quot;1.78&quot;,&quot;sizes&quot;:{&quot;full&quot;:640,&quot;low&quot;:320,&quot;thumb&quot;:150},&quot;extension&quot;:&quot;.webp&quot;},&quot;17997236648745768&quot;:{&quot;id&quot;:&quot;648754694_18569904361035359_2912048204220191621_n&quot;,&quot;ratio&quot;:&quot;1.50&quot;,&quot;sizes&quot;:{&quot;full&quot;:640,&quot;low&quot;:320,&quot;thumb&quot;:150},&quot;extension&quot;:&quot;.webp&quot;},&quot;17865833367511685&quot;:{&quot;id&quot;:&quot;650739222_18570858232035359_6089363738622335754_n&quot;,&quot;ratio&quot;:&quot;1.77&quot;,&quot;sizes&quot;:{&quot;full&quot;:640,&quot;low&quot;:320,&quot;thumb&quot;:150},&quot;extension&quot;:&quot;.webp&quot;}}\">\n\t<\/span>\n\t<\/div>\n\n<\/div><\/div><\/div>\n\n\n\n<h2 class=\"wp-block-heading h2_post\" id=\"payment-terms-and-conditions\">Zahlungsbedingungen<\/h2>\n\n\n\n<ol class=\"wp-block-list\">\n<li class=\"text-fullscreen-list\">Anzahlungen sind zwei Wochen nach Buchung vollst\u00e4ndig erstattungsf\u00e4hig. Anzahlungen sind nicht erstattungsf\u00e4hig, aber wenn Sie uns gen\u00fcgend Zeit geben, Ihren Platz auf der Reise neu zu belegen, k\u00f6nnen wir Ihre Anzahlungen auf eine neue Reise \u00fcbertragen.<\/li>\n\n\n\n<li class=\"text-fullscreen-list\">Eine Buchung wird erst best\u00e4tigt, wenn wir Ihnen eine vollst\u00e4ndige Quittung zugesandt haben. Bitte buchen Sie keine Reise, bevor Sie die Quittung erhalten haben. Es liegt in der Verantwortung des Kunden, sicherzustellen, dass die Angaben auf der Quittung seinen Anforderungen entsprechen. Wir organisieren alles gem\u00e4\u00df der Quittung und k\u00f6nnen keine Verantwortung f\u00fcr Dinge \u00fcbernehmen, die nicht auf der Quittung vermerkt sind. <\/li>\n\n\n\n<li class=\"text-fullscreen-list\">Die Restzahlung ist 2 Monate vor Ihrer Reise f\u00e4llig.<\/li>\n\n\n\n<li class=\"text-fullscreen-list\">Alle Zahlungen sind im Falle einer Stornierung durch den Kunden nicht erstattungsf\u00e4hig. Wir empfehlen Ihnen dringend, bei der Buchung eine Reiseversicherung abzuschlie\u00dfen, die Sie sch\u00fctzt, falls Sie aus irgendeinem Grund stornieren m\u00fcssen.<\/li>\n\n\n\n<li class=\"text-fullscreen-list\"><a href=\"https:\/\/www.basquemtb.com\/de\/bedingungen-und-konditionen\/\">Die vollst\u00e4ndigen Bedingungen finden Sie hier. <\/a><\/li>\n<\/ol>\n\n\n<div class=\"wp-block-image\">\n<figure class=\"aligncenter size-full\"><img decoding=\"async\" width=\"600\" height=\"338\" src=\"https:\/\/www.basquemtb.com\/wp-content\/uploads\/BasqueMTB-Mountain-Bike-Holliday-Crash.gif\" alt=\"BasqueMTB Mountainbike-Unfall 404-Seite\" class=\"wp-image-27970\"\/><\/figure><\/div>\n\n\n<h2 class=\"wp-block-heading h2_post\" id=\"insurance-and-emergency-details\"><strong>Versicherungs- und Notfalldetails.<\/strong><\/h2>\n\n\n\n<ol class=\"wp-block-list\">\n<li class=\"text-fullscreen-list\">Es ist unerl\u00e4sslich, dass Sie Ihre eigene Versicherung abschlie\u00dfen, um sich und Ihr pers\u00f6nliches Eigentum abzudecken. Diese sollte speziell das Mountainbiken abdecken. Wir ben\u00f6tigen von Ihnen eine Kopie der Versicherung f\u00fcr alle Mitglieder Ihrer Gruppe. <strong>Keine Versicherung, keine Fahrt.<\/strong><\/li>\n\n\n\n<li class=\"text-fullscreen-list\">Wir empfehlen, dass Ihre Versicherung die Kosten \u00fcbernimmt:\n<ul class=\"wp-block-list\">\n<li>Reiser\u00fccktritt. Anzahlungen und Zahlungen, die nicht unseren Bedingungen entsprechen, werden nicht erstattet. Wir werden die Personen bitten, stattdessen ihre Versicherung in Anspruch zu nehmen, anstatt die Kosten auf uns abzuw\u00e4lzen.<\/li>\n\n\n\n<li>Ihr Fahrrad f\u00fcr Diebstahl und Besch\u00e4digung. Wir <strong>nicht <\/strong>Haben Sie eine Versicherung f\u00fcr die Fahrr\u00e4der von G\u00e4sten, da es f\u00fcr uns nicht m\u00f6glich ist, so viele Fahrr\u00e4der zu versichern.<\/li>\n\n\n\n<li>Schutzh\u00fclle f\u00fcr Ihr Gep\u00e4ck.<\/li>\n\n\n\n<li>Medizinische Notfallversorgung. (Die EU-Gesundheitskarte deckt die Grundversorgung ab, aber eine Versicherung er\u00f6ffnet die M\u00f6glichkeit von Privatkliniken, was die Sache erheblich erleichtern kann).<\/li>\n\n\n\n<li>Rettung, einschlie\u00dflich Hubschrauber.<\/li>\n\n\n\n<li>Sie bei Bedarf nach Hause zu bringen. Das ist ein wichtiger Punkt. Wenn Sie zum Beispiel ein gebrochenes Bein haben, d\u00fcrfen Sie m\u00f6glicherweise keinen kommerziellen Flug nehmen.<\/li>\n\n\n\n<li>Wir werden auf markierten Wegen mit einem F\u00fchrer unterwegs sein, die Pyren\u00e4en-Touren gehen bis auf fast 3000m und die baskische K\u00fcste bis auf 2000m.<\/li>\n<\/ul>\n<\/li>\n\n\n\n<li class=\"text-fullscreen-list\">Wenn Sie in der EU leben, ben\u00f6tigen Sie eine aktuelle EHIC (Krankenversicherungskarte NHS\/Europ\u00e4ische Krankenversicherungskarte).<\/li>\n\n\n\n<li class=\"text-fullscreen-list\">Wir ben\u00f6tigen eine Kontaktperson f\u00fcr Notf\u00e4lle und eine Notiz zu relevanten medizinischen Bedingungen und Medikamenten, die Sie m\u00f6glicherweise einnehmen. K\u00f6nnen Sie dies bitte per E-Mail an doug@basquemtb.com senden?<\/li>\n\n\n\n<li class=\"text-fullscreen-list\"><strong>Keine Versicherung, keine Fahrt. <\/strong>Dies ist hier in Spanien eine gesetzliche Anforderung. Wenn Sie ohne Versicherung erscheinen, organisieren wir f\u00fcr Sie die Basisversicherung und berechnen Ihnen diese. Die Kosten betragen 100 \u20ac pro Woche (oder 75 \u20ac, wenn Sie uns eine Woche im Voraus Bescheid geben). Dies deckt nur Bergungs- und medizinische Kosten ab, nicht aber Ihr Gep\u00e4ck, Fahrr\u00e4der und Stornierungen.<\/li>\n<\/ol>\n\n\n\n<div class=\"wp-block-cover is-light\"><span aria-hidden=\"true\" class=\"wp-block-cover__background has-background-dim-0 has-background-dim\" style=\"background-color:#808482\"><\/span><img decoding=\"async\" width=\"2000\" height=\"1500\" class=\"wp-block-cover__image-background wp-image-42486\" alt=\"Pyren\u00e4en Odyssey Mountainbike\" src=\"https:\/\/www.basquemtb.com\/wp-content\/uploads\/Pyrenees-Odyssey-187.jpg\" data-object-fit=\"cover\" srcset=\"https:\/\/www.basquemtb.com\/wp-content\/uploads\/Pyrenees-Odyssey-187-300x225.jpg 300w, https:\/\/www.basquemtb.com\/wp-content\/uploads\/Pyrenees-Odyssey-187-150x113.jpg 150w, https:\/\/www.basquemtb.com\/wp-content\/uploads\/Pyrenees-Odyssey-187-1024x768.jpg 1024w, https:\/\/www.basquemtb.com\/wp-content\/uploads\/Pyrenees-Odyssey-187-1536x1152.jpg 1536w, https:\/\/www.basquemtb.com\/wp-content\/uploads\/Pyrenees-Odyssey-187.jpg 2000w\" sizes=\"(max-width: 2000px) 100vw, 2000px\" \/><div class=\"wp-block-cover__inner-container is-layout-flow wp-block-cover-is-layout-flow\">\n<p class=\"has-text-align-center has-large-font-size\"><\/p>\n<\/div><\/div>\n\n\n\n<h2 class=\"wp-block-heading h2_post\" id=\"travel-and-transfer-information\"><strong>Reise- und Transferinformationen.<\/strong><\/h2>\n\n\n\n<p class=\"text-fullscreen\">Wir werden uns in der Woche vor Ihrer Reise, normalerweise am Mittwoch, mit detaillierten Transferinformationen bei Ihnen melden. Der Grund daf\u00fcr, dass wir dies so sp\u00e4t tun, ist, dass wir Ihnen eine Vorstellung vom erwarteten Wetter f\u00fcr die kommende Woche geben m\u00f6chten.<\/p>\n\n\n\n<ol class=\"wp-block-list\">\n<li class=\"text-fullscreen-list\">Der Anreisetag ist der 1. Samstag. Der Abreisetag ist der 2. Samstag. <\/li>\n\n\n\n<li class=\"text-fullscreen-list\">F\u00fcr diese Reise holen wir die Leute am Flughafen Barcelona ab. Sie m\u00fcssen vor 13:30 Uhr ankommen, und wir werden um 13:30 Uhr einen Transfer f\u00fcr die gesamte Gruppe organisieren.<\/li>\n\n\n\n<li class=\"text-fullscreen-list\">Die Flugzeiten f\u00fcr R\u00fcckfl\u00fcge sind umgekehrt zu den Ankunftszeiten! Sie m\u00fcssen Barcelona nach ca. 13:30 Uhr verlassen. <\/li>\n\n\n\n<li class=\"text-fullscreen-list\">Der Platz im Van ist etwas begrenzt. Man sollte eine Tasche mit den Klamotten, einen Fahrradrucksack und seine Fahrradtasche mitnehmen. \u00dcbertreiben Sie es nicht beim Packen!<\/li>\n\n\n\n<li class=\"text-fullscreen-list\">Bitte essen Sie zu Mittag vor der Abholung. Sie haben eine Fahrt von etwa 3 Stunden zum ersten Hotel. <\/li>\n<\/ol>\n\n\n\n<h2 class=\"wp-block-heading h2_post\" id=\"travel-check-in-check-out-driving-directions\"><strong>Reisen \/ Check-In Check-Out \/ Anfahrtsbeschreibung<\/strong><\/h2>\n\n\n\n<ol class=\"wp-block-list\">\n<li class=\"text-fullscreen-list\">Wenn Sie mit dem Auto in den Urlaub fahren, kontaktieren Sie uns bitte und wir geben Ihnen detaillierte Wegbeschreibungen.<\/li>\n\n\n\n<li class=\"text-fullscreen-list\">Dort gibt es einen Parkplatz f\u00fcr Ihr Auto.<\/li>\n<\/ol>\n\n\n\n<h2 class=\"wp-block-heading h2_post\" id=\"accommodation-facilities\"><strong>Unterkunft &amp; Ausstattung<\/strong><\/h2>\n\n\n\n<p class=\"text-fullscreen\">Wir werden auf dieser Reise an mehreren verschiedenen Orten \u00fcbernachten. Im Allgemeinen werden die meisten Orte \u00fcber die folgenden Einrichtungen verf\u00fcgen.<\/p>\n\n\n\n<ol class=\"wp-block-list\">\n<li class=\"text-fullscreen-list\">WLAN ist an den meisten Abenden verf\u00fcgbar. An manchen N\u00e4chten gibt es keine Mobilfunkabdeckung und das WLAN ist nicht gut.<\/li>\n\n\n\n<li class=\"text-fullscreen-list\">Es gibt keine W\u00e4schem\u00f6glichkeiten.<\/li>\n\n\n\n<li class=\"text-fullscreen-list\">Fahrradwaschanlagen sind die meisten, aber nicht alle N\u00e4chte verf\u00fcgbar. Manchmal befindet sich dies an einer Tankstelle. Normalerweise m\u00fcssen wir die Fahrr\u00e4der aber nicht waschen!<\/li>\n\n\n\n<li class=\"text-fullscreen-list\">Sichere Fahrradaufbewahrung in einem Raum im Hotel. Andere G\u00e4ste haben ebenfalls Zugang zu dem Raum, wenn Sie m\u00f6chten, k\u00f6nnen Sie ein Schloss mitnehmen.<\/li>\n\n\n\n<li class=\"text-fullscreen-list\">Bettw\u00e4sche, Leinen, Handt\u00fccher usw. werden alle bereitgestellt. Dies sollte aus der Qualit\u00e4t der von uns genutzten Unterk\u00fcnfte ersichtlich sein! \u263a<\/li>\n\n\n\n<li class=\"text-fullscreen-list\">Alle Zimmer sind Gemeinschaftszimmer. M\u00f6glicherweise haben Sie Gl\u00fcck, wenn Sie alleine reisen und ein Einzelzimmer erhalten, aber wir werden versuchen, Sie mit jemandem zusammenzubringen. Um ein garantiertes Einzelzimmer zu haben, lassen Sie es uns bitte wissen, dies ist mit einer Geb\u00fchr verbunden. <\/li>\n<\/ol>\n\n\n\n<figure class=\"wp-block-gallery has-nested-images columns-default is-cropped wp-block-gallery-1 is-layout-flex wp-block-gallery-is-layout-flex\">\n<figure class=\"wp-block-image size-large\"><img decoding=\"async\" width=\"1024\" height=\"768\" data-id=\"42474\" src=\"https:\/\/www.basquemtb.com\/wp-content\/uploads\/Pyrenees-Odyssey-12-1024x768.jpg\" alt=\"Pyren\u00e4en Odyssey Mountainbike\" class=\"wp-image-42474\" srcset=\"https:\/\/www.basquemtb.com\/wp-content\/uploads\/Pyrenees-Odyssey-12-1024x768.jpg 1024w, https:\/\/www.basquemtb.com\/wp-content\/uploads\/Pyrenees-Odyssey-12-300x225.jpg 300w, https:\/\/www.basquemtb.com\/wp-content\/uploads\/Pyrenees-Odyssey-12-150x113.jpg 150w, https:\/\/www.basquemtb.com\/wp-content\/uploads\/Pyrenees-Odyssey-12-1536x1152.jpg 1536w, https:\/\/www.basquemtb.com\/wp-content\/uploads\/Pyrenees-Odyssey-12.jpg 2000w\" sizes=\"(max-width: 1024px) 100vw, 1024px\" \/><\/figure>\n\n\n\n<figure class=\"wp-block-image size-large\"><img decoding=\"async\" width=\"1024\" height=\"768\" data-id=\"42470\" src=\"https:\/\/www.basquemtb.com\/wp-content\/uploads\/Pyrenees-Odyssey-17-1024x768.jpg\" alt=\"Pyren\u00e4en Odyssey Mountainbike\" class=\"wp-image-42470\" srcset=\"https:\/\/www.basquemtb.com\/wp-content\/uploads\/Pyrenees-Odyssey-17-1024x768.jpg 1024w, https:\/\/www.basquemtb.com\/wp-content\/uploads\/Pyrenees-Odyssey-17-300x225.jpg 300w, https:\/\/www.basquemtb.com\/wp-content\/uploads\/Pyrenees-Odyssey-17-150x113.jpg 150w, https:\/\/www.basquemtb.com\/wp-content\/uploads\/Pyrenees-Odyssey-17-1536x1152.jpg 1536w, https:\/\/www.basquemtb.com\/wp-content\/uploads\/Pyrenees-Odyssey-17.jpg 2000w\" sizes=\"(max-width: 1024px) 100vw, 1024px\" \/><\/figure>\n\n\n\n<figure class=\"wp-block-image size-large\"><img decoding=\"async\" width=\"1024\" height=\"684\" data-id=\"29764\" src=\"https:\/\/www.basquemtb.com\/wp-content\/uploads\/basqueMTB-Pyrenees-Odyssey-61-1-e1668183145371-1024x684.jpg\" alt=\"\" class=\"wp-image-29764\"\/><\/figure>\n<\/figure>\n\n\n\n<h2 class=\"wp-block-heading h2_post\" id=\"the-riding-number-of-uplifts\"><strong>Die Fahrten \/ Anzahl der Aufz\u00fcge<\/strong><\/h2>\n\n\n\n<ol class=\"wp-block-list\">\n<li class=\"text-fullscreen-list\">Wir hoffen, Sie sind nicht ohne eine gute Vorstellung vom Reiten bis hierher gekommen. Wenn das der Fall ist, senden Sie uns eine E-Mail und wir erkl\u00e4ren Ihnen alles.<\/li>\n\n\n\n<li class=\"text-fullscreen-list\">Wenn Sie weitere Informationen zur Vorbereitung auf eine Pyren\u00e4en-Odyssee-Reise w\u00fcnschen, haben wir hier einen Artikel. <a href=\"\/de\/vorbereitung-auf-eine-grose-mountainbike-tour\/\">Vorbereitung auf eine gro\u00dfe Mountainbike-Tour.<\/a><\/li>\n<\/ol>\n\n\n\n<h2 class=\"wp-block-heading h2_post\" id=\"rental-bikes\"><strong>Mietfahrr\u00e4der<\/strong><\/h2>\n\n\n\n<ol class=\"wp-block-list\">\n<li class=\"text-fullscreen-list\">Wir haben eine kleine Flotte von Leihfahrr\u00e4dern. Diese sind nach dem Prinzip \"Wer zuerst kommt, mahlt zuerst\" verf\u00fcgbar. Wenn Sie Ihr Fahrrad irreparabel besch\u00e4digen, werden wir versuchen, Ihnen ein Leihfahrrad anzubieten, falls eines verf\u00fcgbar ist.<\/li>\n\n\n\n<li class=\"text-fullscreen-list\">F\u00fcr alle Leihfahrr\u00e4der sind Sie<strong> verantwortlich f\u00fcr Diebstahl und jeglichen Schaden<\/strong> was vorkommt, abgesehen von Verschlei\u00df. Das bedeutet, dass Sie bei Besch\u00e4digung eines Schaltwerks, Bremshebels, Risses von Reifen usw. die Kosten f\u00fcr deren Ersatz \u00fcbernehmen m\u00fcssen.<\/li>\n\n\n\n<li class=\"text-fullscreen-list\">Die Guides werden versuchen, Ihnen bei Problemen mit den Mietr\u00e4dern zu helfen, jedoch m\u00fcssen Sie so fahren, dass Ihr Fahrrad die ganze Woche h\u00e4lt. \"Fahren Sie es wie ein Mietrad\" ist ein sicherer Weg, um Tage mit Fahrten zu verpassen. <\/li>\n\n\n\n<li class=\"text-fullscreen-list\">Sie sollten darauf vorbereitet sein, Einstellungen am Fahrrad vorzunehmen, so wie Sie es auch zu Hause tun w\u00fcrden. Die Guides werden Ihnen helfen, aber es ist uns manchmal nicht m\u00f6glich, alles zu reparieren, und Sie sollten die Guides nicht als Ihre pers\u00f6nlichen Mechaniker w\u00e4hrend der Woche betrachten. Von Ihnen wird erwartet, dass Sie platte Reifen wechseln und die Gangschaltung nach Bedarf einstellen.<\/li>\n\n\n\n<li class=\"text-fullscreen-list\">Wir behalten uns das Recht vor, die Leihr\u00e4der von Personen, die sie nicht respektieren, wegzunehmen. Wir haben F\u00e4lle gesehen, in denen Personen weit \u00fcber ihre F\u00e4higkeiten hinaus gefahren sind und \"wie ein Mietfahrrad gefahren\" sind und \u00fcberm\u00e4\u00dfige Sch\u00e4den an den Fahrr\u00e4dern verursacht haben. Dies ist nicht akzeptabel, da wir die Fahrr\u00e4der oft auch in der folgenden Woche nutzen m\u00fcssen. Wir werden eine Verwarnung aussprechen, dann wird das Fahrrad entfernt und Sie werden f\u00fcr den Rest Ihrer Reise kein Fahrrad mehr haben. <\/li>\n<\/ol>\n\n\n\n<div class=\"wp-block-cover is-light\"><span aria-hidden=\"true\" class=\"wp-block-cover__background has-background-dim-10 has-background-dim\" style=\"background-color:#a6a6a6\"><\/span><img decoding=\"async\" width=\"2000\" height=\"1500\" class=\"wp-block-cover__image-background wp-image-29751\" alt=\"\" src=\"https:\/\/www.basquemtb.com\/wp-content\/uploads\/basqueMTB-Pyrenees-Odyssey-42-1.jpg\" data-object-fit=\"cover\" srcset=\"https:\/\/www.basquemtb.com\/wp-content\/uploads\/basqueMTB-Pyrenees-Odyssey-42-1.jpg 2000w, https:\/\/www.basquemtb.com\/wp-content\/uploads\/basqueMTB-Pyrenees-Odyssey-42-1-300x225.jpg 300w, https:\/\/www.basquemtb.com\/wp-content\/uploads\/basqueMTB-Pyrenees-Odyssey-42-1-150x113.jpg 150w, https:\/\/www.basquemtb.com\/wp-content\/uploads\/basqueMTB-Pyrenees-Odyssey-42-1-1024x768.jpg 1024w, https:\/\/www.basquemtb.com\/wp-content\/uploads\/basqueMTB-Pyrenees-Odyssey-42-1-1536x1152.jpg 1536w\" sizes=\"(max-width: 2000px) 100vw, 2000px\" \/><div class=\"wp-block-cover__inner-container is-layout-constrained wp-block-cover-is-layout-constrained\">\n<p class=\"has-text-align-center has-large-font-size\"><\/p>\n<\/div><\/div>\n\n\n\n<h2 class=\"wp-block-heading h2_post\" id=\"equipment-needed-and-recommended\"><strong>Ben\u00f6tigte und empfohlene Ausr\u00fcstung<\/strong><\/h2>\n\n\n\n<ol class=\"wp-block-list\">\n<li class=\"text-fullscreen-list\"><strong>Fahrr\u00e4der<\/strong>Es gibt viele verschiedene Schwierigkeitsgrade von Trails, und wir werden die ganze Woche \u00fcber \u00fcber den Schwierigkeitsgrad sprechen. Bringen Sie also ein Fahrrad mit, das diesem Niveau entspricht. Ein reines Downhill-Bike ist nie geeignet, da selbst unsere Touren mit dem meisten Lift auch etwas Kletterei beinhalten.<\/li>\n\n\n\n<li class=\"text-fullscreen-list\"><strong>Reifen<\/strong>Schlauchlose Reifen mit Dichtmittel sind unerl\u00e4sslich und werden viele Pannen verhindern. Du brauchst Reifen mit einer robusten Seitenwand, wie z. B. Maxxis DD oder DH Karkasse. Selbst EXO+ Reifen werden hier Probleme haben, es sei denn, du bist ein leichter Fahrer. <strong>Vertrauen Sie uns, Sie werden mehr Spa\u00df mit guten, schlauchlosen Reifen haben. <\/strong><\/li>\n\n\n\n<li class=\"text-fullscreen-list\"><strong>Bremsen<\/strong>Scheibenbremsen mit einer vern\u00fcnftigen Rotorgro\u00dfe werden bei den langen Abfahrten, die wir haben, am besten sein. Bitte lassen Sie Ihre Scheibenbremsen warten, wenn sie alt sind, Sie w\u00fcrden erstaunt sein, wie viele Leute Probleme haben! Wir empfehlen, sie 3 bis 4 Wochen vor Ihrem Urlaub warten zu lassen, damit Sie Zeit haben, sie vor Ihrer Ankunft zu testen. <strong>Bringen Sie Ersatzbremsbel\u00e4ge mit. <\/strong><\/li>\n\n\n\n<li class=\"text-fullscreen-list\"><strong>Pedale<\/strong>Viele G\u00e4ste erz\u00e4hlen uns, dass sie sich w\u00fcnschen, sie h\u00e4tten Flachpedale mitgebracht, da viele der Trails technisch anspruchsvoll sind. Wir empfehlen, das mitzubringen, woran Sie gew\u00f6hnt sind, und wenn Sie doch Flachpedale mitbringen m\u00f6chten, dann fahren Sie diese einige Zeit, bevor Sie in den Urlaub kommen!<\/li>\n\n\n\n<li class=\"text-fullscreen-list\"><strong>Schutz<\/strong>Es ist eine pers\u00f6nliche Entscheidung und obwohl wir Kniesch\u00fctzer als Minimum dringend empfehlen. Viele Leute benutzen Ellbogensch\u00fctzer. Wir schreiben keine Schoner vor, aber wenn Sie sich nicht entscheiden k\u00f6nnen, rufen Sie uns an und wir k\u00f6nnen Ihnen von Leuten erz\u00e4hlen, die viel Fahrzeit verpasst haben, weil sie sich das Knie angeschlagen haben. Ein Ganzk\u00f6rperpanzer ist wahrscheinlich keine gute Idee, da wir etwas treten werden, aber es liegt an Ihnen.<\/li>\n\n\n\n<li class=\"text-fullscreen-list\"><strong>Helme<\/strong>Ein Helm ist unerl\u00e4sslich, ohne Helm k\u00f6nnen wir Sie nicht mit auf die Fahrt nehmen. Wir verwenden offene Helme, aber viele Leute f\u00fchlen sich mit einem Integralhelm im Enduro-Stil wohler. Wir werden auf die Fahrr\u00e4der steigen und Sie sollten auch w\u00e4hrend der Steigungen einen Helm tragen, denken Sie also daran, wenn Sie sich f\u00fcr einen Integralhelm entscheiden.<\/li>\n\n\n\n<li class=\"text-fullscreen-list\"><strong>Kleidung<\/strong>Die Temperaturen k\u00f6nnen von k\u00fchl bis sehr hei\u00df variieren, und es besteht immer die M\u00f6glichkeit von etwas Regen. Wir werden hoch in den Bergen unterwegs sein, daher kann sich das Wetter sehr schnell \u00e4ndern, und es besteht sogar die M\u00f6glichkeit von etwas Schnee. Wir empfehlen eine wasserdichte Jacke, einige Basisschichten unterschiedlicher Dicke, vielleicht eine Thermounterhose oder eine lange Hose, langfingerige Handschuhe sowie normale Reithosen und T-Shirts. Sie sollten \u00fcber gen\u00fcgend Kleidung verf\u00fcgen, um f\u00fcr schwierige Bedingungen in bis zu 3000 m H\u00f6he ger\u00fcstet zu sein.<\/li>\n\n\n\n<li class=\"text-fullscreen-list\"><strong>Kleidung(smenge)<\/strong>Sie brauchen gen\u00fcgend Kleidung f\u00fcr eine volle Woche Reiten ohne Waschen.<\/li>\n\n\n\n<li class=\"text-fullscreen-list\"><strong>Packen<\/strong>Sie ben\u00f6tigen gen\u00fcgend Wasser f\u00fcr einen halben Tag. Sie m\u00fcssen tags\u00fcber auch einige Ersatzteile und vielleicht eine Jacke mit sich f\u00fchren. An manchen Tagen m\u00fcssen wir unser Mittagessen und vielleicht eine zus\u00e4tzliche Kleidungsschicht mitnehmen, wenn wir einen langen Bergtag vor uns haben. Ihr Rucksack muss gro\u00df genug daf\u00fcr sein.<\/li>\n\n\n\n<li class=\"text-fullscreen-list\"><strong>Fl\u00fcssigkeitszufuhr<\/strong>: Oft reicht Wasser nicht aus, auf l\u00e4ngeren Fahrten m\u00fcssen Sie m\u00f6glicherweise etwas Elektrolytpulver mitnehmen, um sicherzustellen, dass Sie hydriert bleiben und Leistung bringen k\u00f6nnen.<\/li>\n\n\n\n<li><strong>Snacks<\/strong>Manchmal haben wir einen langen Vormittag, bevor es Mittagessen gibt. Du musst deine eigenen Snacks mitnehmen. <\/li>\n\n\n\n<li class=\"text-fullscreen-list\"><strong>Ersatzteile<\/strong> Auf dem Rad: Auf dem Rad ben\u00f6tigen Sie eine Pumpe, zwei Ersatzschl\u00e4uche und einen Ersatzschaltauge. Wir empfehlen dringend, Ersatzglieder f\u00fcr Ihre Kette und Ersatzbremsbel\u00e4ge mitzuf\u00fchren.<\/li>\n\n\n\n<li class=\"text-fullscreen-list\"><strong>Ersatzteile<\/strong> F\u00fcr die Zeit abseits des Fahrrads: Wir werden nicht in der N\u00e4he vieler Fahrradl\u00e4den sein und Sie m\u00fcssen autark sein. Wir f\u00fchren einige g\u00e4ngige Ersatzteile in den Transportern.<\/li>\n<\/ol>\n\n\n\n<div class=\"wp-block-genesis-blocks-gb-container highlight-box gb-block-container\"><div class=\"gb-container-inside\"><div class=\"gb-container-content\">\n<div style=\"color:#ddd\" class=\"wp-block-genesis-blocks-gb-spacer gb-block-spacer gb-divider-solid gb-divider-size-1\"><hr style=\"height:30px\"\/><\/div>\n\n\n\n<h2 class=\"wp-block-heading h2_frontpage\" id=\"backcountry-pyrenees-related-pages\">PYREN\u00c4EN-ODYSSEE | VERWANDTE SEITEN<\/h2>\n\n\n\n<p class=\"has-text-align-center text-fullscreen\">Bevor Sie buchen, werfen Sie einen Blick auf einige unserer Pyren\u00e4en-Odyssee-Geschichten und verwandte Urlaubsm\u00f6glichkeiten?<\/p>\n\n\n<style type=\"text\/css\">#envira-gallery-29126 {}<\/style><div id=\"envira-gallery-wrap-29126\" class=\"envira-gallery-wrap envira-lazy-loading-enabled envira-layout-grid envira-gallery-theme-base envira-gallery-featured-content-gallery\" itemscope itemtype=\"http:\/\/schema.org\/ImageGallery\"><div class=\"envira-loader\"><div><\/div><div><\/div><div><\/div><div><\/div><\/div><div id=\"envira-gallery-29126\" class=\"envira-gallery-public envira-gallery-4-columns envira-clear\" data-envira-id=\"29126\" data-gallery-config='{\"type\":\"fc\",\"layout\":\"grid\",\"columns\":\"4\",\"gallery_theme\":\"base\",\"justified_margins\":1,\"justified_last_row\":\"nojustify\",\"lazy_loading\":1,\"lazy_loading_delay\":500,\"gutter\":10,\"margin\":10,\"image_size\":\"default\",\"square_size\":300,\"crop_width\":300,\"crop_height\":150,\"crop\":1,\"crop_position\":\"c\",\"additional_copy_0\":0,\"additional_copy_title\":0,\"additional_copy_caption\":0,\"additional_copy_title_caption\":0,\"additional_copy_0_mobile\":0,\"additional_copy_title_mobile\":0,\"additional_copy_caption_mobile\":0,\"additional_copy_title_caption_mobile\":0,\"gallery_column_title_caption\":\"title\",\"gallery_column_title_caption_mobile\":\"title\",\"additional_copy_automatic_0\":0,\"additional_copy_automatic_title\":0,\"additional_copy_automatic_caption\":0,\"additional_copy_automatic_title_caption\":0,\"additional_copy_automatic_0_mobile\":0,\"additional_copy_automatic_title_mobile\":0,\"additional_copy_automatic_caption_mobile\":0,\"additional_copy_automatic_title_caption_mobile\":0,\"gallery_automatic_title_caption\":\"0\",\"gallery_automatic_title_caption_mobile\":\"0\",\"justified_row_height\":150,\"description_position\":\"0\",\"description\":\"\",\"random\":false,\"sort_order\":false,\"sorting_direction\":false,\"image_sizes_random\":[],\"isotope\":false,\"lightbox_enabled\":0,\"gallery_link_enabled\":1,\"lightbox_theme\":\"base_dark\",\"lightbox_image_size\":\"default\",\"title_display\":\"float\",\"lightbox_title_caption\":\"title\",\"arrows\":1,\"arrows_position\":\"inside\",\"toolbar\":0,\"toolbar_title\":0,\"toolbar_position\":\"top\",\"loop\":1,\"lightbox_open_close_effect\":\"fade\",\"effect\":\"fade\",\"supersize\":0,\"thumbnails_toggle\":0,\"thumbnails_hide\":0,\"image_counter\":0,\"thumbnails\":1,\"thumbnails_width\":\"auto\",\"thumbnails_height\":\"auto\",\"thumbnails_position\":\"bottom\",\"thumbnails_custom_size\":0,\"mobile\":1,\"mobile_width\":320,\"mobile_height\":240,\"mobile_lightbox\":0,\"mobile_gallery_link_enabled\":1,\"mobile_arrows\":1,\"mobile_toolbar\":1,\"mobile_thumbnails\":1,\"mobile_touchwipe_close\":0,\"mobile_thumbnails_width\":75,\"mobile_thumbnails_height\":50,\"mobile_justified_row_height\":80,\"keyboard\":true,\"classes\":[\"\"],\"rtl\":0,\"slug\":\"trans-nomad-related-posts\",\"custom_css\":\"#envira-gallery-29126 {\\r\\n    \\\/* margin-bottom: 20px; *\\\/\\r\\n    \\\/* font-size: 18px; *\\\/\\r\\n    \\\/* font-family: \\\"roboto\\\"; *\\\/\\r\\n}\",\"fc_post_types\":[\"post\",\"page\"],\"fc_terms\":false,\"fc_terms_relation\":\"IN\",\"fc_include_posts\":[\"30455\",\"29130\",\"25826\",\"14674\"],\"fc_exclude_posts\":[],\"fc_sticky\":false,\"fc_orderby\":\"date\",\"fc_meta_key\":\"\",\"fc_order\":\"DESC\",\"fc_number\":5,\"fc_offset\":false,\"fc_status\":\"publish\",\"fc_content_type\":\"post_excerpt\",\"fc_content_length\":40,\"fc_content_ellipses\":1,\"fc_post_url\":1,\"fc_post_new_window\":0,\"fc_fallback\":\"\",\"mousewheel\":1,\"gallery_id\":29126}' data-gallery-images='[{\"status\":\"active\",\"src\":\"https:\\\/\\\/www.basquemtb.com\\\/wp-content\\\/uploads\\\/Pyrenees-Odyssey-Mountain-Bike-1.jpg\",\"title\":\"Pyrenees Odyssey | Amazing Pyrenees MTB Adventures\",\"link\":\"https:\\\/\\\/www.basquemtb.com\\\/es\\\/odisea-por-los-pirineos-increibles-aventuras-de-mtb-en-los-pirineos\\\/\",\"alt\":\"Pyrenees Odyssey | Amazing Pyrenees MTB Adventures\",\"caption\":\"Our Pyrenees Odyssey mountain bike holiday is simply the biggest adventure you can have on your mountain bike. High alpine morning and shuttled afternoons make for a perfect mountain bike holiday. \",\"thumb\":\"https:\\\/\\\/www.basquemtb.com\\\/wp-content\\\/uploads\\\/Pyrenees-Odyssey-Mountain-Bike-1-75x50_c.jpg\",\"width\":2000,\"height\":1125,\"classes\":[\"envira-gallery-post-30455\",\"envira-gallery-post\",\"envira-gallery-type-post\",\"envira-gallery-status-publish\",\"envira-gallery-format-standard\",\"envira-gallery-has-post-thumbnail\",\"envira-gallery-hentry\",\"envira-gallery-category-mtb-holiday\"],\"index\":0,\"id\":30455,\"video\":false,\"opts\":{\"caption\":\"Our Pyrenees Odyssey mountain bike holiday is simply the biggest adventure you can have on your mountain bike. High alpine morning and shuttled afternoons make for a perfect mountain bike holiday. \",\"thumb\":\"https:\\\/\\\/www.basquemtb.com\\\/wp-content\\\/uploads\\\/Pyrenees-Odyssey-Mountain-Bike-1-75x50_c.jpg\",\"title\":\"Pyrenees Odyssey | Amazing Pyrenees MTB Adventures\"},\"gallery_id\":\"29126\"},{\"status\":\"active\",\"src\":\"https:\\\/\\\/www.basquemtb.com\\\/wp-content\\\/uploads\\\/Trans-Nomad-Experience-Title.jpg\",\"title\":\"Trans-Nomad Experience\",\"link\":\"https:\\\/\\\/www.basquemtb.com\\\/es\\\/trans-nomad-experience-la-ruta\\\/\",\"alt\":\"Trans-Nomad Experience\",\"caption\":\"The Trans-Nomad Experience is possibly the best mountain bike holiday in the Pyrenees for people who want to test their limits. \",\"thumb\":\"https:\\\/\\\/www.basquemtb.com\\\/wp-content\\\/uploads\\\/Trans-Nomad-Experience-Title-75x50_c.jpg\",\"width\":1600,\"height\":1050,\"classes\":[\"envira-gallery-post-29130\",\"envira-gallery-post\",\"envira-gallery-type-post\",\"envira-gallery-status-publish\",\"envira-gallery-format-standard\",\"envira-gallery-has-post-thumbnail\",\"envira-gallery-hentry\",\"envira-gallery-category-route-guides\"],\"index\":1,\"id\":29130,\"video\":false,\"opts\":{\"caption\":\"The Trans-Nomad Experience is possibly the best mountain bike holiday in the Pyrenees for people who want to test their limits. \",\"thumb\":\"https:\\\/\\\/www.basquemtb.com\\\/wp-content\\\/uploads\\\/Trans-Nomad-Experience-Title-75x50_c.jpg\",\"title\":\"Trans-Nomad Experience\"},\"gallery_id\":\"29126\"},{\"status\":\"active\",\"src\":\"https:\\\/\\\/www.basquemtb.com\\\/wp-content\\\/uploads\\\/tour-of-aneto-mountain-bike-adventure-43.jpg\",\"title\":\"Tour of Aneto |&nbsp;Pyrenees Mountain Bike Adventure\",\"link\":\"https:\\\/\\\/www.basquemtb.com\\\/es\\\/aventura-en-bicicleta-de-montana-en-el-pirineo-de-aneto\\\/\",\"alt\":\"Tour of Aneto |&nbsp;Pyrenees Mountain Bike Adventure\",\"caption\":\"Read all about our Pyrenees mountain bike adventure, riding and camping high in the pyrenees. We call this trip our Tour of Aneto, and it was a welcome tonic. Hard for the body is good for the soul!\",\"thumb\":\"https:\\\/\\\/www.basquemtb.com\\\/wp-content\\\/uploads\\\/tour-of-aneto-mountain-bike-adventure-43-75x50_c.jpg\",\"width\":1200,\"height\":800,\"classes\":[\"envira-gallery-post-25826\",\"envira-gallery-post\",\"envira-gallery-type-post\",\"envira-gallery-status-publish\",\"envira-gallery-format-standard\",\"envira-gallery-has-post-thumbnail\",\"envira-gallery-hentry\",\"envira-gallery-category-mountain-bike-images\",\"envira-gallery-tag-camping\",\"envira-gallery-tag-high-pyrenees\",\"envira-gallery-tag-mules\",\"envira-gallery-tag-pyrenees\"],\"index\":2,\"id\":25826,\"video\":false,\"opts\":{\"caption\":\"Read all about our Pyrenees mountain bike adventure, riding and camping high in the pyrenees. We call this trip our Tour of Aneto, and it was a welcome tonic. Hard for the body is good for the soul!\",\"thumb\":\"https:\\\/\\\/www.basquemtb.com\\\/wp-content\\\/uploads\\\/tour-of-aneto-mountain-bike-adventure-43-75x50_c.jpg\",\"title\":\"Tour of Aneto |&nbsp;Pyrenees Mountain Bike Adventure\"},\"gallery_id\":\"29126\"},{\"status\":\"active\",\"src\":\"https:\\\/\\\/www.basquemtb.com\\\/wp-content\\\/uploads\\\/High-Pyrenees-Mountain-Bike-Holiday.jpg\",\"title\":\"Best Mountain Bike Trails in the Pyrenees | Our 2019 High Pyrenees\",\"link\":\"https:\\\/\\\/www.basquemtb.com\\\/es\\\/los-mejores-senderos-para-bicicleta-de-montana-en-los-pirineos\\\/\",\"alt\":\"Best Mountain Bike Trails in the Pyrenees | Our 2019 High Pyrenees\",\"caption\":false,\"thumb\":\"https:\\\/\\\/www.basquemtb.com\\\/wp-content\\\/uploads\\\/High-Pyrenees-Mountain-Bike-Holiday-75x50_c.jpg\",\"width\":1500,\"height\":828,\"classes\":[\"envira-gallery-post-14674\",\"envira-gallery-post\",\"envira-gallery-type-post\",\"envira-gallery-status-publish\",\"envira-gallery-format-standard\",\"envira-gallery-has-post-thumbnail\",\"envira-gallery-hentry\",\"envira-gallery-category-foto-y-video\",\"envira-gallery-tag-high-pyrenees\",\"envira-gallery-tag-holidays\",\"envira-gallery-tag-mountain-bike-holdiay-report\",\"envira-gallery-tag-trail-tales\"],\"index\":3,\"id\":14674,\"video\":false,\"opts\":{\"caption\":\"\",\"thumb\":\"https:\\\/\\\/www.basquemtb.com\\\/wp-content\\\/uploads\\\/High-Pyrenees-Mountain-Bike-Holiday-75x50_c.jpg\",\"title\":\"Best Mountain Bike Trails in the Pyrenees | Our 2019 High Pyrenees\"},\"gallery_id\":\"29126\"}]' data-lightbox-theme='{&quot;arrows&quot;:true,&quot;margins&quot;:[120,0],&quot;gutter&quot;:&quot;100&quot;,&quot;thumbs_position&quot;:&quot;bottom&quot;,&quot;base_template&quot;:&quot;&lt;div id=\\&quot;envirabox-29126\\&quot; data-envirabox-id=\\&quot;29126\\&quot; class=\\&quot;envirabox-container envirabox-theme-base_dark envirabox-wrap\\&quot; role=\\&quot;dialog\\&quot;&gt;&lt;div class=\\&quot;envirabox-bg\\&quot;&gt;&lt;\\\/div&gt;&lt;div class=\\&quot;envirabox-outer\\&quot;&gt;&lt;div class=\\&quot;envirabox-inner\\&quot;&gt;&lt;div class=\\&quot;envirabox-caption-wrap\\&quot;&gt;&lt;div class=\\&quot;envirabox-title\\&quot;&gt;&lt;\\\/div&gt;&lt;\\\/div&gt;&lt;div class=\\&quot;envirabox-toolbar\\&quot;&gt;&lt;div class=\\&quot;envira-close-button\\&quot;&gt;&lt;a data-envirabox-close class=\\&quot;envirabox-item envirabox-close envirabox-button--close\\&quot; title=\\&quot;Cerrar\\&quot; href=\\&quot;#\\&quot;&gt;&lt;\\\/a&gt;&lt;\\\/div&gt;&lt;\\\/div&gt;&lt;div class=\\&quot;envirabox-navigation\\&quot;&gt;&lt;a data-envirabox-prev title=\\&quot;Anterior\\&quot; class=\\&quot;envirabox-arrow envirabox-arrow--left envirabox-nav envirabox-prev\\&quot; href=\\&quot;#\\&quot;&gt;&lt;span&gt;&lt;\\\/span&gt;&lt;\\\/a&gt;&lt;a data-envirabox-next title=\\&quot;Siguiente\\&quot; class=\\&quot;envirabox-arrow envirabox-arrow--right envirabox-nav envirabox-next\\&quot; href=\\&quot;#\\&quot;&gt;&lt;span&gt;&lt;\\\/span&gt;&lt;\\\/a&gt;&lt;\\\/div&gt;&lt;div class=\\&quot;envirabox-stage\\&quot;&gt;&lt;\\\/div&gt;&lt;\\\/div&gt;&lt;\\\/div&gt;&lt;\\\/div&gt;&quot;,&quot;load_all&quot;:false,&quot;error_template&quot;:&quot;&lt;div class=\\&quot;envirabox-error\\&quot;&gt;&lt;p&gt;{{ERROR}}&lt;p&gt;&lt;\\\/div&gt;&quot;,&quot;inner_caption&quot;:false,&quot;caption_position&quot;:false,&quot;arrow_position&quot;:false,&quot;toolbar&quot;:true,&quot;infobar&quot;:false,&quot;show_smallbtn&quot;:false,&quot;idle_time&quot;:false,&quot;click_content&quot;:false,&quot;click_slide&quot;:false,&quot;click_outside&quot;:false,&quot;animation_duration&quot;:false,&quot;transition_duration&quot;:false,&quot;small_btn_template&quot;:&quot;&lt;a data-envirabox-close class=\\&quot;envirabox-item envirabox-close envirabox-button--close\\&quot; title=\\&quot;Cerrar\\&quot; href=\\&quot;#\\&quot;&gt;&lt;\\\/a&gt;&quot;}'><div id=\"envira-gallery-item-30455\" class=\"envira-gallery-item envira-gallery-item-1 envira-lazy-load envira-gallery-post-30455 envira-gallery-post envira-gallery-type-post envira-gallery-status-publish envira-gallery-format-standard envira-gallery-has-post-thumbnail envira-gallery-hentry envira-gallery-category-mtb-holiday\" style=\"padding-left: 5px; padding-bottom: 10px; padding-right: 5px;\"  itemscope itemtype=\"http:\/\/schema.org\/ImageObject\"><div class=\"envira-gallery-item-inner\"><div class=\"envira-gallery-position-overlay envira-gallery-top-left\"><\/div><div class=\"envira-gallery-position-overlay envira-gallery-top-right\"><\/div><div class=\"envira-gallery-position-overlay envira-gallery-bottom-left\"><\/div><div class=\"envira-gallery-position-overlay envira-gallery-bottom-right\"><\/div><a class=\"envira-gallery-29126 envira-gallery-link-disabled\" href=\"https:\/\/www.basquemtb.com\/es\/odisea-por-los-pirineos-increibles-aventuras-de-mtb-en-los-pirineos\/\" title=\"Pyren\u00e4en-Odyssee | Erstaunliche Pyren\u00e4en-MTB-Abenteuer\" data-caption=\"Our Pyrenees Odyssey mountain bike holiday is simply the biggest adventure you can have on your...\" data-envira-item-id=\"30455\" data-envira-retina=\"https:\/\/www.basquemtb.com\/wp-content\/uploads\/Pyrenees-Odyssey-Mountain-Bike-1.jpg\" data-thumb=\"https:\/\/www.basquemtb.com\/wp-content\/uploads\/Pyrenees-Odyssey-Mountain-Bike-1-75x50_c.jpg\" data-title=\"Pyrenees Odyssey | Amazing Pyrenees MTB Adventures\" data-envirabox=\"29126\" itemprop=\"contentUrl\" data-><div class=\"envira-lazy\" style=\"padding-bottom: 50%;\" data-envira-changed=\"false\" data-width=\"300\" data-height=\"150\"><img decoding=\"async\" src=\"https:\/\/www.basquemtb.com\/wp-content\/uploads\/Pyrenees-Odyssey-Mountain-Bike-1-300x150_c.jpg\" alt=\"Pyren\u00e4en-Odyssee | Erstaunliche Pyren\u00e4en-MTB-Abenteuer\" class=\"envira-gallery-image envira-gallery-image-1    envira-lazy\" height=\"150\" id=\"envira-gallery-image-30455\" srcset=\"data:image\/gif;base64,R0lGODlhAQABAIAAAP\/\/\/\/\/\/\/yH5BAEKAAEALAAAAAABAAEAAAICTAEAOw==\" tabindex=\"-1\" title=\"Pyren\u00e4en-Odyssee | Erstaunliche Pyren\u00e4en-MTB-Abenteuer\" width=\"300\" data-caption=\"Our Pyrenees Odyssey mountain bike holiday is simply the biggest adventure you can have on your...\" data-envira-gallery-id=\"29126\" data-envira-index=\"0\" data-envira-item-id=\"30455\" data-envira-src=\"https:\/\/www.basquemtb.com\/wp-content\/uploads\/Pyrenees-Odyssey-Mountain-Bike-1-300x150_c.jpg\" data-envira-srcset=\"https:\/\/www.basquemtb.com\/wp-content\/uploads\/Pyrenees-Odyssey-Mountain-Bike-1-300x150_c.jpg 400w, https:\/\/www.basquemtb.com\/wp-content\/uploads\/Pyrenees-Odyssey-Mountain-Bike-1-300x150_c.jpg 2x\" data-title=\"Pyrenees Odyssey | Amazing Pyrenees MTB Adventures\" itemprop=\"thumbnailUrl\"  data-no-lazy=\"1\"  data-envirabox=\"29126\" \/><\/div><\/a><div class=\"envira-gallery-captioned-data envira-gallery-captioned-data-base\"><span class='envira-title envira-gallery-captioned-text title-30455'>Pyren\u00e4en-Odyssee | Erstaunliche Pyren\u00e4en-MTB-Abenteuer<\/span><\/div><\/div><\/div><div id=\"envira-gallery-item-29130\" class=\"envira-gallery-item envira-gallery-item-2 envira-lazy-load envira-gallery-post-29130 envira-gallery-post envira-gallery-type-post envira-gallery-status-publish envira-gallery-format-standard envira-gallery-has-post-thumbnail envira-gallery-hentry envira-gallery-category-route-guides\" style=\"padding-left: 5px; padding-bottom: 10px; padding-right: 5px;\"  itemscope itemtype=\"http:\/\/schema.org\/ImageObject\"><div class=\"envira-gallery-item-inner\"><div class=\"envira-gallery-position-overlay envira-gallery-top-left\"><\/div><div class=\"envira-gallery-position-overlay envira-gallery-top-right\"><\/div><div class=\"envira-gallery-position-overlay envira-gallery-bottom-left\"><\/div><div class=\"envira-gallery-position-overlay envira-gallery-bottom-right\"><\/div><a class=\"envira-gallery-29126 envira-gallery-link-disabled\" href=\"https:\/\/www.basquemtb.com\/es\/trans-nomad-experience-la-ruta\/\" title=\"Trans-Nomaden Erfahrung\" data-caption=\"The Trans-Nomad Experience is possibly the best mountain bike holiday in the Pyrenees for people...\" data-envira-item-id=\"29130\" data-envira-retina=\"https:\/\/www.basquemtb.com\/wp-content\/uploads\/Trans-Nomad-Experience-Title.jpg\" data-thumb=\"https:\/\/www.basquemtb.com\/wp-content\/uploads\/Trans-Nomad-Experience-Title-75x50_c.jpg\" data-title=\"Trans-Nomad Experience\" data-envirabox=\"29126\" itemprop=\"contentUrl\" data-><div class=\"envira-lazy\" style=\"padding-bottom: 50%;\" data-envira-changed=\"false\" data-width=\"300\" data-height=\"150\"><img decoding=\"async\" src=\"https:\/\/www.basquemtb.com\/wp-content\/uploads\/Trans-Nomad-Experience-Title-300x150_c.jpg\" alt=\"Trans-Nomaden Erfahrung\" class=\"envira-gallery-image envira-gallery-image-2    envira-lazy\" height=\"150\" id=\"envira-gallery-image-29130\" srcset=\"data:image\/gif;base64,R0lGODlhAQABAIAAAP\/\/\/\/\/\/\/yH5BAEKAAEALAAAAAABAAEAAAICTAEAOw==\" tabindex=\"-1\" title=\"Trans-Nomaden Erfahrung\" width=\"300\" data-caption=\"The Trans-Nomad Experience is possibly the best mountain bike holiday in the Pyrenees for people...\" data-envira-gallery-id=\"29126\" data-envira-index=\"1\" data-envira-item-id=\"29130\" data-envira-src=\"https:\/\/www.basquemtb.com\/wp-content\/uploads\/Trans-Nomad-Experience-Title-300x150_c.jpg\" data-envira-srcset=\"https:\/\/www.basquemtb.com\/wp-content\/uploads\/Trans-Nomad-Experience-Title-300x150_c.jpg 400w, https:\/\/www.basquemtb.com\/wp-content\/uploads\/Trans-Nomad-Experience-Title-300x150_c.jpg 2x\" data-title=\"Trans-Nomad Experience\" itemprop=\"thumbnailUrl\"  data-no-lazy=\"1\"  data-envirabox=\"29126\" \/><\/div><\/a><div class=\"envira-gallery-captioned-data envira-gallery-captioned-data-base\"><span class='envira-title envira-gallery-captioned-text title-29130'>Trans-Nomaden Erfahrung<\/span><\/div><\/div><\/div><div id=\"envira-gallery-item-25826\" class=\"envira-gallery-item envira-gallery-item-3 envira-lazy-load envira-gallery-post-25826 envira-gallery-post envira-gallery-type-post envira-gallery-status-publish envira-gallery-format-standard envira-gallery-has-post-thumbnail envira-gallery-hentry envira-gallery-category-mountain-bike-images envira-gallery-tag-camping envira-gallery-tag-high-pyrenees envira-gallery-tag-mules envira-gallery-tag-pyrenees\" style=\"padding-left: 5px; padding-bottom: 10px; padding-right: 5px;\"  itemscope itemtype=\"http:\/\/schema.org\/ImageObject\"><div class=\"envira-gallery-item-inner\"><div class=\"envira-gallery-position-overlay envira-gallery-top-left\"><\/div><div class=\"envira-gallery-position-overlay envira-gallery-top-right\"><\/div><div class=\"envira-gallery-position-overlay envira-gallery-bottom-left\"><\/div><div class=\"envira-gallery-position-overlay envira-gallery-bottom-right\"><\/div><a class=\"envira-gallery-29126 envira-gallery-link-disabled\" href=\"https:\/\/www.basquemtb.com\/es\/aventura-en-bicicleta-de-montana-en-el-pirineo-de-aneto\/\" title=\"Tour de Aneto | Mountainbike-Abenteuer in den Pyren\u00e4en\" data-caption=\"Read all about our Pyrenees mountain bike adventure, riding and camping high in the pyrenees. We...\" data-envira-item-id=\"25826\" data-envira-retina=\"https:\/\/www.basquemtb.com\/wp-content\/uploads\/tour-of-aneto-mountain-bike-adventure-43.jpg\" data-thumb=\"https:\/\/www.basquemtb.com\/wp-content\/uploads\/tour-of-aneto-mountain-bike-adventure-43-75x50_c.jpg\" data-title=\"Tour of Aneto |\u00a0Pyrenees Mountain Bike Adventure\" data-envirabox=\"29126\" itemprop=\"contentUrl\" data-><div class=\"envira-lazy\" style=\"padding-bottom: 50%;\" data-envira-changed=\"false\" data-width=\"300\" data-height=\"150\"><img decoding=\"async\" src=\"https:\/\/www.basquemtb.com\/wp-content\/uploads\/tour-of-aneto-mountain-bike-adventure-43-300x150_c.jpg\" alt=\"Tour de Aneto | Mountainbike-Abenteuer in den Pyren\u00e4en\" class=\"envira-gallery-image envira-gallery-image-3    envira-lazy\" height=\"150\" id=\"envira-gallery-image-25826\" srcset=\"data:image\/gif;base64,R0lGODlhAQABAIAAAP\/\/\/\/\/\/\/yH5BAEKAAEALAAAAAABAAEAAAICTAEAOw==\" tabindex=\"-1\" title=\"Tour de Aneto | Mountainbike-Abenteuer in den Pyren\u00e4en\" width=\"300\" data-caption=\"Read all about our Pyrenees mountain bike adventure, riding and camping high in the pyrenees. We...\" data-envira-gallery-id=\"29126\" data-envira-index=\"2\" data-envira-item-id=\"25826\" data-envira-src=\"https:\/\/www.basquemtb.com\/wp-content\/uploads\/tour-of-aneto-mountain-bike-adventure-43-300x150_c.jpg\" data-envira-srcset=\"https:\/\/www.basquemtb.com\/wp-content\/uploads\/tour-of-aneto-mountain-bike-adventure-43-300x150_c.jpg 400w, https:\/\/www.basquemtb.com\/wp-content\/uploads\/tour-of-aneto-mountain-bike-adventure-43-300x150_c.jpg 2x\" data-title=\"Tour of Aneto |\u00a0Pyrenees Mountain Bike Adventure\" itemprop=\"thumbnailUrl\"  data-no-lazy=\"1\"  data-envirabox=\"29126\" \/><\/div><\/a><div class=\"envira-gallery-captioned-data envira-gallery-captioned-data-base\"><span class='envira-title envira-gallery-captioned-text title-25826'>Tour de Aneto | Mountainbike-Abenteuer in den Pyren\u00e4en<\/span><\/div><\/div><\/div><div id=\"envira-gallery-item-14674\" class=\"envira-gallery-item envira-gallery-item-4 envira-lazy-load envira-gallery-post-14674 envira-gallery-post envira-gallery-type-post envira-gallery-status-publish envira-gallery-format-standard envira-gallery-has-post-thumbnail envira-gallery-hentry envira-gallery-category-foto-y-video envira-gallery-tag-high-pyrenees envira-gallery-tag-holidays envira-gallery-tag-mountain-bike-holdiay-report envira-gallery-tag-trail-tales\" style=\"padding-left: 5px; padding-bottom: 10px; padding-right: 5px;\"  itemscope itemtype=\"http:\/\/schema.org\/ImageObject\"><div class=\"envira-gallery-item-inner\"><div class=\"envira-gallery-position-overlay envira-gallery-top-left\"><\/div><div class=\"envira-gallery-position-overlay envira-gallery-top-right\"><\/div><div class=\"envira-gallery-position-overlay envira-gallery-bottom-left\"><\/div><div class=\"envira-gallery-position-overlay envira-gallery-bottom-right\"><\/div><a class=\"envira-gallery-29126 envira-gallery-link-disabled\" href=\"https:\/\/www.basquemtb.com\/es\/los-mejores-senderos-para-bicicleta-de-montana-en-los-pirineos\/\" title=\"Die besten Mountainbike-Strecken in den Pyren\u00e4en | Unsere Hochpyren\u00e4en 2019\" data-caption=\"\" data-envira-item-id=\"14674\" data-envira-retina=\"https:\/\/www.basquemtb.com\/wp-content\/uploads\/High-Pyrenees-Mountain-Bike-Holiday.jpg\" data-thumb=\"https:\/\/www.basquemtb.com\/wp-content\/uploads\/High-Pyrenees-Mountain-Bike-Holiday-75x50_c.jpg\" data-title=\"Best Mountain Bike Trails in the Pyrenees | Our 2019 High Pyrenees\" data-envirabox=\"29126\" itemprop=\"contentUrl\" data-><div class=\"envira-lazy\" style=\"padding-bottom: 50%;\" data-envira-changed=\"false\" data-width=\"300\" data-height=\"150\"><img decoding=\"async\" src=\"https:\/\/www.basquemtb.com\/wp-content\/uploads\/High-Pyrenees-Mountain-Bike-Holiday-300x150_c.jpg\" alt=\"Die besten Mountainbike-Strecken in den Pyren\u00e4en | Unsere Hochpyren\u00e4en 2019\" class=\"envira-gallery-image envira-gallery-image-4    envira-lazy\" height=\"150\" id=\"envira-gallery-image-14674\" srcset=\"data:image\/gif;base64,R0lGODlhAQABAIAAAP\/\/\/\/\/\/\/yH5BAEKAAEALAAAAAABAAEAAAICTAEAOw==\" tabindex=\"-1\" title=\"Die besten Mountainbike-Strecken in den Pyren\u00e4en | Unsere Hochpyren\u00e4en 2019\" width=\"300\" data-caption=\"\" data-envira-gallery-id=\"29126\" data-envira-index=\"3\" data-envira-item-id=\"14674\" data-envira-src=\"https:\/\/www.basquemtb.com\/wp-content\/uploads\/High-Pyrenees-Mountain-Bike-Holiday-300x150_c.jpg\" data-envira-srcset=\"https:\/\/www.basquemtb.com\/wp-content\/uploads\/High-Pyrenees-Mountain-Bike-Holiday-300x150_c.jpg 400w, https:\/\/www.basquemtb.com\/wp-content\/uploads\/High-Pyrenees-Mountain-Bike-Holiday-300x150_c.jpg 2x\" data-title=\"Best Mountain Bike Trails in the Pyrenees | Our 2019 High Pyrenees\" itemprop=\"thumbnailUrl\"  data-no-lazy=\"1\"  data-envirabox=\"29126\" \/><\/div><\/a><div class=\"envira-gallery-captioned-data envira-gallery-captioned-data-base\"><span class='envira-title envira-gallery-captioned-text title-14674'>Die besten Mountainbike-Strecken in den Pyren\u00e4en | Unsere Hochpyren\u00e4en 2019<\/span><\/div><\/div><\/div><\/div><\/div><noscript><img data-no-lazy=\"1\"  src='https:\/\/www.basquemtb.com\/wp-content\/uploads\/Pyrenees-Odyssey-Mountain-Bike-1.jpg' alt='Pyren\u00e4en-Odyssee | Erstaunliche Pyren\u00e4en-MTB-Abenteuer' class='envira_noscript_images' \/><img data-no-lazy=\"1\"  src='https:\/\/www.basquemtb.com\/wp-content\/uploads\/Trans-Nomad-Experience-Title.jpg' alt='Trans-Nomaden Erfahrung' class='envira_noscript_images' \/><img data-no-lazy=\"1\"  src='https:\/\/www.basquemtb.com\/wp-content\/uploads\/tour-of-aneto-mountain-bike-adventure-43.jpg' alt='Tour de Aneto | Mountainbike-Abenteuer in den Pyren\u00e4en' class='envira_noscript_images' \/><img data-no-lazy=\"1\"  src='https:\/\/www.basquemtb.com\/wp-content\/uploads\/High-Pyrenees-Mountain-Bike-Holiday.jpg' alt='Die besten Mountainbike-Strecken in den Pyren\u00e4en | Unsere Hochpyren\u00e4en 2019' class='envira_noscript_images' \/><\/noscript>\n\n\n\n<h2 class=\"wp-block-heading has-text-align-center h2_frontpage\" id=\"or-check-our-latest-stories\">Oder lesen Sie unsere neuesten Geschichten<\/h2>\n\n\n<section class=\"gb-block-post-grid featuredpost aligncenter\"><div class=\"gb-post-grid-items is-grid columns-4\"><article id=\"post-45776\" class=\"gb-post-grid-item post-45776 post type-post status-publish format-standard has-post-thumbnail hentry category-singletrack-news\"><div class=\"gb-block-post-grid-image\"><a href=\"https:\/\/www.basquemtb.com\/de\/mtb-trails-im-baskenland-bauen\/\" rel=\"bookmark\" aria-hidden=\"true\" tabindex=\"-1\"><img decoding=\"async\" width=\"150\" height=\"100\" src=\"https:\/\/www.basquemtb.com\/wp-content\/uploads\/RP-80-80-150x100.jpg\" class=\"attachment-thumbnail size-thumbnail\" alt=\"Bera Bikepark\" srcset=\"https:\/\/www.basquemtb.com\/wp-content\/uploads\/RP-80-80-150x100.jpg 150w, https:\/\/www.basquemtb.com\/wp-content\/uploads\/RP-80-80-300x200.jpg 300w, https:\/\/www.basquemtb.com\/wp-content\/uploads\/RP-80-80-1024x683.jpg 1024w, https:\/\/www.basquemtb.com\/wp-content\/uploads\/RP-80-80-768x512.jpg 768w, https:\/\/www.basquemtb.com\/wp-content\/uploads\/RP-80-80-1536x1024.jpg 1536w, https:\/\/www.basquemtb.com\/wp-content\/uploads\/RP-80-80-2048x1365.jpg 2048w, https:\/\/www.basquemtb.com\/wp-content\/uploads\/RP-80-80-18x12.jpg 18w, https:\/\/www.basquemtb.com\/wp-content\/uploads\/RP-80-80-250x167.jpg 250w, https:\/\/www.basquemtb.com\/wp-content\/uploads\/RP-80-80-600x400.jpg 600w\" sizes=\"(max-width: 150px) 100vw, 150px\" \/><\/a><\/div><div class=\"gb-block-post-grid-text\"><header class=\"gb-block-post-grid-header\"><h3 class=\"gb-block-post-grid-title\"><a href=\"https:\/\/www.basquemtb.com\/de\/mtb-trails-im-baskenland-bauen\/\" rel=\"bookmark\">Bau von MTB-Trails im Baskenland und Aufbau von Gemeinschaften<\/a><\/h3><div class=\"gb-block-post-grid-byline\"><time datetime=\"2025-10-05T11:43:23+00:00\" class=\"gb-block-post-grid-date\" itemprop=\"datePublished\">5. Oktober 2025<\/time><\/div><\/header><div class=\"gb-block-post-grid-excerpt\"><p><a class=\"gb-block-post-grid-more-link gb-text-link\" href=\"https:\/\/www.basquemtb.com\/de\/mtb-trails-im-baskenland-bauen\/\" rel=\"bookmark\">Lesen Sie weiter <span class=\"screen-reader-text\">Bau von MTB-Trails im Baskenland und Aufbau von Gemeinschaften<\/span><\/a><\/p><\/div><\/div><\/article>\n<article id=\"post-45777\" class=\"gb-post-grid-item post-45777 post type-post status-publish format-standard has-post-thumbnail hentry category-mountain-bike-holiday-advice\"><div class=\"gb-block-post-grid-image\"><a href=\"https:\/\/www.basquemtb.com\/de\/essentials-fur-mountainbike-urlaube\/\" rel=\"bookmark\" aria-hidden=\"true\" tabindex=\"-1\"><img decoding=\"async\" width=\"150\" height=\"84\" src=\"https:\/\/www.basquemtb.com\/wp-content\/uploads\/Essential-Spares-for-MTB-Holidays-1-1-150x84.jpg\" class=\"attachment-thumbnail size-thumbnail\" alt=\"\" srcset=\"https:\/\/www.basquemtb.com\/wp-content\/uploads\/Essential-Spares-for-MTB-Holidays-1-1-150x84.jpg 150w, https:\/\/www.basquemtb.com\/wp-content\/uploads\/Essential-Spares-for-MTB-Holidays-1-1-300x169.jpg 300w, https:\/\/www.basquemtb.com\/wp-content\/uploads\/Essential-Spares-for-MTB-Holidays-1-1-1024x576.jpg 1024w, https:\/\/www.basquemtb.com\/wp-content\/uploads\/Essential-Spares-for-MTB-Holidays-1-1-768x432.jpg 768w, https:\/\/www.basquemtb.com\/wp-content\/uploads\/Essential-Spares-for-MTB-Holidays-1-1-1536x864.jpg 1536w, https:\/\/www.basquemtb.com\/wp-content\/uploads\/Essential-Spares-for-MTB-Holidays-1-1-18x10.jpg 18w, https:\/\/www.basquemtb.com\/wp-content\/uploads\/Essential-Spares-for-MTB-Holidays-1-1-250x141.jpg 250w, https:\/\/www.basquemtb.com\/wp-content\/uploads\/Essential-Spares-for-MTB-Holidays-1-1.jpg 1867w\" sizes=\"(max-width: 150px) 100vw, 150px\" \/><\/a><\/div><div class=\"gb-block-post-grid-text\"><header class=\"gb-block-post-grid-header\"><h3 class=\"gb-block-post-grid-title\"><a href=\"https:\/\/www.basquemtb.com\/de\/essentials-fur-mountainbike-urlaube\/\" rel=\"bookmark\">Essentials f\u00fcr MTB-Urlaub<\/a><\/h3><div class=\"gb-block-post-grid-byline\"><time datetime=\"2025-08-27T15:15:48+00:00\" class=\"gb-block-post-grid-date\" itemprop=\"datePublished\">27. August 2025<\/time><\/div><\/header><div class=\"gb-block-post-grid-excerpt\"><p><a class=\"gb-block-post-grid-more-link gb-text-link\" href=\"https:\/\/www.basquemtb.com\/de\/essentials-fur-mountainbike-urlaube\/\" rel=\"bookmark\">Lesen Sie weiter <span class=\"screen-reader-text\">Essentials f\u00fcr MTB-Urlaub<\/span><\/a><\/p><\/div><\/div><\/article>\n<article id=\"post-45369\" class=\"gb-post-grid-item post-45369 post type-post status-publish format-standard has-post-thumbnail hentry category-mtb-holiday\"><div class=\"gb-block-post-grid-image\"><a href=\"https:\/\/www.basquemtb.com\/de\/unsere-mtb-reisen-pyrenaen-im-fruhjahr-2025\/\" rel=\"bookmark\" aria-hidden=\"true\" tabindex=\"-1\"><img decoding=\"async\" width=\"150\" height=\"84\" src=\"https:\/\/www.basquemtb.com\/wp-content\/uploads\/Backcountry-Pyrenees-Feedback-1-1-150x84.jpg\" class=\"attachment-thumbnail size-thumbnail\" alt=\"\" srcset=\"https:\/\/www.basquemtb.com\/wp-content\/uploads\/Backcountry-Pyrenees-Feedback-1-1-150x84.jpg 150w, https:\/\/www.basquemtb.com\/wp-content\/uploads\/Backcountry-Pyrenees-Feedback-1-1-300x169.jpg 300w, https:\/\/www.basquemtb.com\/wp-content\/uploads\/Backcountry-Pyrenees-Feedback-1-1-1024x576.jpg 1024w, https:\/\/www.basquemtb.com\/wp-content\/uploads\/Backcountry-Pyrenees-Feedback-1-1-1536x864.jpg 1536w, https:\/\/www.basquemtb.com\/wp-content\/uploads\/Backcountry-Pyrenees-Feedback-1-1-2048x1152.jpg 2048w\" sizes=\"(max-width: 150px) 100vw, 150px\" \/><\/a><\/div><div class=\"gb-block-post-grid-text\"><header class=\"gb-block-post-grid-header\"><h3 class=\"gb-block-post-grid-title\"><a href=\"https:\/\/www.basquemtb.com\/de\/unsere-mtb-reisen-pyrenaen-im-fruhjahr-2025\/\" rel=\"bookmark\">In die G\u00e4nge kommen: Nehmen Sie an einer MTB-Tour in den Pyren\u00e4en im Fr\u00fchjahr 2025 teil<\/a><\/h3><div class=\"gb-block-post-grid-byline\"><time datetime=\"2025-01-11T12:15:52+00:00\" class=\"gb-block-post-grid-date\" itemprop=\"datePublished\">Januar 11, 2025<\/time><\/div><\/header><div class=\"gb-block-post-grid-excerpt\"><p><a class=\"gb-block-post-grid-more-link gb-text-link\" href=\"https:\/\/www.basquemtb.com\/de\/unsere-mtb-reisen-pyrenaen-im-fruhjahr-2025\/\" rel=\"bookmark\">Lesen Sie weiter <span class=\"screen-reader-text\">In die G\u00e4nge kommen: Nehmen Sie an einer MTB-Tour in den Pyren\u00e4en im Fr\u00fchjahr 2025 teil<\/span><\/a><\/p><\/div><\/div><\/article>\n<article id=\"post-45177\" class=\"gb-post-grid-item post-45177 post type-post status-publish format-standard has-post-thumbnail hentry category-mountain-bike-images category-singletrack-news\"><div class=\"gb-block-post-grid-image\"><a href=\"https:\/\/www.basquemtb.com\/de\/mountainbiking-in-den-pyrenaen-lokale-wanderwege\/\" rel=\"bookmark\" aria-hidden=\"true\" tabindex=\"-1\"><img decoding=\"async\" width=\"150\" height=\"100\" src=\"https:\/\/www.basquemtb.com\/wp-content\/uploads\/Pyrenees-Mountain-Bike-Evolution-Trail-Tales-18-150x100.jpg\" class=\"attachment-thumbnail size-thumbnail\" alt=\"\" srcset=\"https:\/\/www.basquemtb.com\/wp-content\/uploads\/Pyrenees-Mountain-Bike-Evolution-Trail-Tales-18-150x100.jpg 150w, https:\/\/www.basquemtb.com\/wp-content\/uploads\/Pyrenees-Mountain-Bike-Evolution-Trail-Tales-18-300x200.jpg 300w, https:\/\/www.basquemtb.com\/wp-content\/uploads\/Pyrenees-Mountain-Bike-Evolution-Trail-Tales-18-1024x682.jpg 1024w, https:\/\/www.basquemtb.com\/wp-content\/uploads\/Pyrenees-Mountain-Bike-Evolution-Trail-Tales-18-768x512.jpg 768w, https:\/\/www.basquemtb.com\/wp-content\/uploads\/Pyrenees-Mountain-Bike-Evolution-Trail-Tales-18-1536x1024.jpg 1536w, https:\/\/www.basquemtb.com\/wp-content\/uploads\/Pyrenees-Mountain-Bike-Evolution-Trail-Tales-18-250x167.jpg 250w, https:\/\/www.basquemtb.com\/wp-content\/uploads\/Pyrenees-Mountain-Bike-Evolution-Trail-Tales-18-600x400.jpg 600w, https:\/\/www.basquemtb.com\/wp-content\/uploads\/Pyrenees-Mountain-Bike-Evolution-Trail-Tales-18.jpg 2000w\" sizes=\"(max-width: 150px) 100vw, 150px\" \/><\/a><\/div><div class=\"gb-block-post-grid-text\"><header class=\"gb-block-post-grid-header\"><h3 class=\"gb-block-post-grid-title\"><a href=\"https:\/\/www.basquemtb.com\/de\/mountainbiking-in-den-pyrenaen-lokale-wanderwege\/\" rel=\"bookmark\">Mountainbiken in den Pyren\u00e4en: Lokale Trails &amp; lokale Helden<\/a><\/h3><div class=\"gb-block-post-grid-byline\"><time datetime=\"2024-12-28T18:26:44+00:00\" class=\"gb-block-post-grid-date\" itemprop=\"datePublished\">Dezember 28, 2024<\/time><\/div><\/header><div class=\"gb-block-post-grid-excerpt\"><p><a class=\"gb-block-post-grid-more-link gb-text-link\" href=\"https:\/\/www.basquemtb.com\/de\/mountainbiking-in-den-pyrenaen-lokale-wanderwege\/\" rel=\"bookmark\">Lesen Sie weiter <span class=\"screen-reader-text\">Mountainbiken in den Pyren\u00e4en: Lokale Trails &amp; lokale Helden<\/span><\/a><\/p><\/div><\/div><\/article>\n<\/div><\/section><\/div><\/div><\/div>","protected":false},"excerpt":{"rendered":"<p>Pyren\u00e4en-Odyssee-Tour, unsere gr\u00f6\u00dfte Mountainbike-Tour. Details nach der Buchung. <\/p>","protected":false},"author":1,"featured_media":42549,"comment_status":"closed","ping_status":"closed","sticky":false,"template":"","format":"standard","meta":{"_monsterinsights_skip_tracking":false,"_monsterinsights_sitenote_active":false,"_monsterinsights_sitenote_note":"","_monsterinsights_sitenote_category":0,"footnotes":""},"categories":[1938],"tags":[],"class_list":["post-45341","post","type-post","status-publish","format-standard","has-post-thumbnail","hentry","category-welcome-information-packs"],"featured_image_src":"https:\/\/www.basquemtb.com\/wp-content\/uploads\/Pyrenees-Odyssey-235-600x400.jpg","featured_image_src_square":"https:\/\/www.basquemtb.com\/wp-content\/uploads\/Pyrenees-Odyssey-235-600x600.jpg","author_info":{"display_name":"admin","author_link":"https:\/\/www.basquemtb.com\/de\/author\/admin\/"},"_links":{"self":[{"href":"https:\/\/www.basquemtb.com\/de\/wp-json\/wp\/v2\/posts\/45341","targetHints":{"allow":["GET"]}}],"collection":[{"href":"https:\/\/www.basquemtb.com\/de\/wp-json\/wp\/v2\/posts"}],"about":[{"href":"https:\/\/www.basquemtb.com\/de\/wp-json\/wp\/v2\/types\/post"}],"author":[{"embeddable":true,"href":"https:\/\/www.basquemtb.com\/de\/wp-json\/wp\/v2\/users\/1"}],"replies":[{"embeddable":true,"href":"https:\/\/www.basquemtb.com\/de\/wp-json\/wp\/v2\/comments?post=45341"}],"version-history":[{"count":0,"href":"https:\/\/www.basquemtb.com\/de\/wp-json\/wp\/v2\/posts\/45341\/revisions"}],"wp:featuredmedia":[{"embeddable":true,"href":"https:\/\/www.basquemtb.com\/de\/wp-json\/wp\/v2\/media\/42549"}],"wp:attachment":[{"href":"https:\/\/www.basquemtb.com\/de\/wp-json\/wp\/v2\/media?parent=45341"}],"wp:term":[{"taxonomy":"category","embeddable":true,"href":"https:\/\/www.basquemtb.com\/de\/wp-json\/wp\/v2\/categories?post=45341"},{"taxonomy":"post_tag","embeddable":true,"href":"https:\/\/www.basquemtb.com\/de\/wp-json\/wp\/v2\/tags?post=45341"}],"curies":[{"name":"wp","href":"https:\/\/api.w.org\/{rel}","templated":true}]}}