{"id":5023,"date":"2012-02-20T08:18:23","date_gmt":"2012-02-20T08:18:23","guid":{"rendered":"http:\/\/localhost\/basquemtb\/?p=5023"},"modified":"2020-12-10T10:27:39","modified_gmt":"2020-12-10T10:27:39","slug":"latest-mountain-bike-video-rocky-hell-road","status":"publish","type":"post","link":"https:\/\/www.basquemtb.com\/de\/neuestes-mountainbike-video-rocky-hell-road\/","title":{"rendered":"Neuestes Mountainbike-Video: \u201eRocky Hell Road\u201c"},"content":{"rendered":"<figure class=\"wp-block-embed-vimeo wp-block-embed is-type-video is-provider-vimeo wp-embed-aspect-16-9 wp-has-aspect-ratio text-fullscreen\"><div class=\"wp-block-embed__wrapper\">\nhttps:\/\/vimeo.com\/37061894\n<\/div><\/figure>\n\n\n\n<h2 class=\"wp-block-heading\">Wenn Sie Ihren Mountainbike-Urlaub hier verbringen m\u00f6chten, lassen Sie es uns einfach wissen!<\/h2>\n\n\n\n<p class=\"text-fullscreen\">Dieses Wochenende fuhren Carlos und ich mit unseren Cove G-Spots \u00fcber einen lokalen Berg im Baskenland an der Grenze zwischen Spanien und Frankreich. Dies ist keine Route, die ich oft f\u00fchre, w\u00e4hrend unserer\u00a0<a rel=\"noopener noreferrer\" href=\"\/de\/\" target=\"_blank\" class=\"rank-math-link\">Mountainbike-Ferien<\/a>, es ist sehr steinig und anspruchsvoll. Der Anstieg ist kurz, aber sehr steil, und die meisten werden ihr Rad irgendwann schieben m\u00fcssen. Die Abfahrt ist ein alter Bergpfad, der sich Serpentinen hinunter nach Frankreich schl\u00e4ngelt. Als wir ihn das erste Mal fuhren, meinte Carlos, es sei wie eine \u201erocky road to hell\u201c (steinige Stra\u00dfe zur H\u00f6lle), und der Name \u201eRocky Hell Road\u201c blieb einfach haften. Eigentlich ist es keine Stra\u00dfe, und es ist auch nicht h\u00f6llisch; <strong>Es ist einfach ein felsiger Spa\u00df beim Mountainbiken!<\/strong><\/p>\n\n\n\n<p class=\"text-fullscreen\">Dieser Weg ist Teil des <a href=\"https:\/\/www.basquemtb.com\/de\/mountainbike-ferien\/mountainbike-urlaub-spanien\/\" class=\"rank-math-link\">Mountainbike-Urlaub an der baskischen K\u00fcste. <\/a><\/p>\n\n\n\n<p class=\"text-fullscreen\">Larun ist der westlichste der <strong>Pyren\u00e4en<\/strong>, liegt fast einen Kilometer \u00fcber Biarritz. Es hat schon immer einen besonderen Platz in der baskischen Kultur und Mythologie eingenommen, und davon zeugen die zahlreichen Dolmen, Steinkreise und neolithischen Monumente. Manche sagen, der Name stamme von Runen, die dort in die Steine geritzt gefunden wurden, andere sagen, er bedeute \u201egute Weide\u201c. Im Laufe der Geschichte wurde es als Verteidigungsstellung und auch als Hexenunterschlupf genutzt. 1912 wurde eine Zahnradbahn gebaut, die die 905 Meter (3000 Fu\u00df) in einer sehr direkten 4,2 km langen Strecke zum Gipfel f\u00e4hrt und Touristen zur dortigen Bar bef\u00f6rdert. Leider sind Fahrr\u00e4der derzeit nicht in der Bahn erlaubt, obwohl wir uns weiterhin daf\u00fcr einsetzen, das zu \u00e4ndern!<\/p>\n\n\n\n<p class=\"text-fullscreen\">Die <strong>Cove G-Spots<\/strong> kommen auf dieser Art von Trails richtig zur Geltung. Es ist ein Rad, das man leicht bergauf fahren kann, das aber besonders auf der Abfahrt Spa\u00df macht. Ich bin diesen Trail schon mit verschiedenen R\u00e4dern gefahren, aber das G-Spot nimmt so viel Geschwindigkeit \u00fcber die Steine mit, dass es wirklich Spa\u00df macht. Dies war auch mein erster richtiger Test meiner Marzocchi 55er und meine ersten Eindr\u00fccke von gut kontrollierter D\u00e4mpfung und Leichtl\u00e4ufigkeit wurden sehr best\u00e4tigt. Sie scheinen bei allen Arten von Schl\u00e4gen gut zu funktionieren, von fast durchschlagenden, eckigen Unebenheiten bis hin zum schnellen Rattern in den schnelleren Abschnitten. <\/p>\n\n\n\n<div style=\"text-align:center\" class=\"wp-block-genesis-blocks-gb-cta gb-block-cta\"><div class=\"gb-cta-content\"><h2 class=\"gb-cta-title gb-font-size-32\" style=\"color:#32373c\">Buchen Sie Ihren BasqueMTB Mountainbike Urlaub!<\/h2><div class=\"gb-cta-text gb-font-size-32\" style=\"color:#32373c\"><p>Weitere Informationen<\/p><\/div><\/div><div class=\"gb-cta-button\"><a href=\"https:\/\/www.basquemtb.com\/de\/\" target=\"_self\" rel=\"noopener noreferrer\" class=\"gb-button gb-button-shape-rounded gb-button-size-medium\" style=\"color:#ffffff;background-color:#3373dc\">Mehr erfahren<\/a><\/div><\/div>\n\n\n\n<h2 class=\"wp-block-heading has-text-align-center h2_post\">Unsere neuesten Geschichten<\/h2>\n\n\n<div class=\"gb-block-post-grid featuredpost aligncenter text-smaller blog_footer\"><div class=\"gb-post-grid-items is-grid columns-4\"><article id=\"post-45776\" class=\"gb-post-grid-item post-45776 post type-post status-publish format-standard has-post-thumbnail hentry category-singletrack-news\"><div class=\"gb-block-post-grid-image\"><a href=\"https:\/\/www.basquemtb.com\/de\/mtb-trails-im-baskenland-bauen\/\" rel=\"bookmark\" aria-hidden=\"true\" tabindex=\"-1\"><img decoding=\"async\" width=\"350\" height=\"250\" src=\"https:\/\/www.basquemtb.com\/wp-content\/uploads\/RP-80-80-350x250.jpg\" class=\"attachment-rta_thumb_center_center_350x250 size-rta_thumb_center_center_350x250\" alt=\"Bera Bikepark\" srcset=\"https:\/\/www.basquemtb.com\/wp-content\/uploads\/RP-80-80-350x250.jpg 350w, https:\/\/www.basquemtb.com\/wp-content\/uploads\/RP-80-80-18x12.jpg 18w, https:\/\/www.basquemtb.com\/wp-content\/uploads\/RP-80-80-630x450.jpg 630w\" sizes=\"(max-width: 350px) 100vw, 350px\" \/><\/a><\/div><div class=\"gb-block-post-grid-text\"><header class=\"gb-block-post-grid-header\"><h3 class=\"gb-block-post-grid-title\"><a href=\"https:\/\/www.basquemtb.com\/de\/mtb-trails-im-baskenland-bauen\/\" rel=\"bookmark\">Bau von MTB-Trails im Baskenland und Aufbau von Gemeinschaften<\/a><\/h3><div class=\"gb-block-post-grid-byline\"><\/div><\/header><div class=\"gb-block-post-grid-excerpt\"><\/div><\/div><\/article>\n<article id=\"post-45777\" class=\"gb-post-grid-item post-45777 post type-post status-publish format-standard has-post-thumbnail hentry category-mountain-bike-holiday-advice\"><div class=\"gb-block-post-grid-image\"><a href=\"https:\/\/www.basquemtb.com\/de\/essentials-fur-mountainbike-urlaube\/\" rel=\"bookmark\" aria-hidden=\"true\" tabindex=\"-1\"><img decoding=\"async\" width=\"350\" height=\"250\" src=\"https:\/\/www.basquemtb.com\/wp-content\/uploads\/Essential-Spares-for-MTB-Holidays-1-1-350x250.jpg\" class=\"attachment-rta_thumb_center_center_350x250 size-rta_thumb_center_center_350x250\" alt=\"\" srcset=\"https:\/\/www.basquemtb.com\/wp-content\/uploads\/Essential-Spares-for-MTB-Holidays-1-1-350x250.jpg 350w, https:\/\/www.basquemtb.com\/wp-content\/uploads\/Essential-Spares-for-MTB-Holidays-1-1-630x450.jpg 630w\" sizes=\"(max-width: 350px) 100vw, 350px\" \/><\/a><\/div><div class=\"gb-block-post-grid-text\"><header class=\"gb-block-post-grid-header\"><h3 class=\"gb-block-post-grid-title\"><a href=\"https:\/\/www.basquemtb.com\/de\/essentials-fur-mountainbike-urlaube\/\" rel=\"bookmark\">Essentials f\u00fcr MTB-Urlaub<\/a><\/h3><div class=\"gb-block-post-grid-byline\"><\/div><\/header><div class=\"gb-block-post-grid-excerpt\"><\/div><\/div><\/article>\n<article id=\"post-45369\" class=\"gb-post-grid-item post-45369 post type-post status-publish format-standard has-post-thumbnail hentry category-mtb-holiday\"><div class=\"gb-block-post-grid-image\"><a href=\"https:\/\/www.basquemtb.com\/de\/unsere-mtb-reisen-pyrenaen-im-fruhjahr-2025\/\" rel=\"bookmark\" aria-hidden=\"true\" tabindex=\"-1\"><img decoding=\"async\" width=\"350\" height=\"250\" src=\"https:\/\/www.basquemtb.com\/wp-content\/uploads\/Backcountry-Pyrenees-Feedback-1-1-350x250.jpg\" class=\"attachment-rta_thumb_center_center_350x250 size-rta_thumb_center_center_350x250\" alt=\"\" srcset=\"https:\/\/www.basquemtb.com\/wp-content\/uploads\/Backcountry-Pyrenees-Feedback-1-1-350x250.jpg 350w, https:\/\/www.basquemtb.com\/wp-content\/uploads\/Backcountry-Pyrenees-Feedback-1-1-630x450.jpg 630w\" sizes=\"(max-width: 350px) 100vw, 350px\" \/><\/a><\/div><div class=\"gb-block-post-grid-text\"><header class=\"gb-block-post-grid-header\"><h3 class=\"gb-block-post-grid-title\"><a href=\"https:\/\/www.basquemtb.com\/de\/unsere-mtb-reisen-pyrenaen-im-fruhjahr-2025\/\" rel=\"bookmark\">In die G\u00e4nge kommen: Nehmen Sie an einer MTB-Tour in den Pyren\u00e4en im Fr\u00fchjahr 2025 teil<\/a><\/h3><div class=\"gb-block-post-grid-byline\"><\/div><\/header><div class=\"gb-block-post-grid-excerpt\"><\/div><\/div><\/article>\n<article id=\"post-45177\" class=\"gb-post-grid-item post-45177 post type-post status-publish format-standard has-post-thumbnail hentry category-mountain-bike-images category-singletrack-news\"><div class=\"gb-block-post-grid-image\"><a href=\"https:\/\/www.basquemtb.com\/de\/mountainbiking-in-den-pyrenaen-lokale-wanderwege\/\" rel=\"bookmark\" aria-hidden=\"true\" tabindex=\"-1\"><img decoding=\"async\" width=\"350\" height=\"250\" src=\"https:\/\/www.basquemtb.com\/wp-content\/uploads\/Pyrenees-Mountain-Bike-Evolution-Trail-Tales-18-350x250.jpg\" class=\"attachment-rta_thumb_center_center_350x250 size-rta_thumb_center_center_350x250\" alt=\"\" srcset=\"https:\/\/www.basquemtb.com\/wp-content\/uploads\/Pyrenees-Mountain-Bike-Evolution-Trail-Tales-18-350x250.jpg 350w, https:\/\/www.basquemtb.com\/wp-content\/uploads\/Pyrenees-Mountain-Bike-Evolution-Trail-Tales-18-630x450.jpg 630w\" sizes=\"(max-width: 350px) 100vw, 350px\" \/><\/a><\/div><div class=\"gb-block-post-grid-text\"><header class=\"gb-block-post-grid-header\"><h3 class=\"gb-block-post-grid-title\"><a href=\"https:\/\/www.basquemtb.com\/de\/mountainbiking-in-den-pyrenaen-lokale-wanderwege\/\" rel=\"bookmark\">Mountainbiken in den Pyren\u00e4en: Lokale Trails &amp; lokale Helden<\/a><\/h3><div class=\"gb-block-post-grid-byline\"><\/div><\/header><div class=\"gb-block-post-grid-excerpt\"><\/div><\/div><\/article>\n<\/div><\/div>","protected":false},"excerpt":{"rendered":"<p>Unser neuestes Mountainbike-Video. Lassen Sie uns wissen, ob Sie mit Basque MTB auf Ihrem Mountainbike-Urlaub hier fahren m\u00f6chten.<\/p>","protected":false},"author":1,"featured_media":9763,"comment_status":"open","ping_status":"open","sticky":false,"template":"","format":"standard","meta":{"_monsterinsights_skip_tracking":false,"_monsterinsights_sitenote_active":false,"_monsterinsights_sitenote_note":"","_monsterinsights_sitenote_category":0,"footnotes":""},"categories":[134],"tags":[],"class_list":["post-5023","post","type-post","status-publish","format-standard","has-post-thumbnail","hentry","category-mountain-bike-images"],"featured_image_src":"https:\/\/www.basquemtb.com\/wp-content\/uploads\/254461094_6401-600x360.jpg","featured_image_src_square":"https:\/\/www.basquemtb.com\/wp-content\/uploads\/254461094_6401-600x360.jpg","author_info":{"display_name":"admin","author_link":"https:\/\/www.basquemtb.com\/de\/author\/admin\/"},"_links":{"self":[{"href":"https:\/\/www.basquemtb.com\/de\/wp-json\/wp\/v2\/posts\/5023","targetHints":{"allow":["GET"]}}],"collection":[{"href":"https:\/\/www.basquemtb.com\/de\/wp-json\/wp\/v2\/posts"}],"about":[{"href":"https:\/\/www.basquemtb.com\/de\/wp-json\/wp\/v2\/types\/post"}],"author":[{"embeddable":true,"href":"https:\/\/www.basquemtb.com\/de\/wp-json\/wp\/v2\/users\/1"}],"replies":[{"embeddable":true,"href":"https:\/\/www.basquemtb.com\/de\/wp-json\/wp\/v2\/comments?post=5023"}],"version-history":[{"count":0,"href":"https:\/\/www.basquemtb.com\/de\/wp-json\/wp\/v2\/posts\/5023\/revisions"}],"wp:featuredmedia":[{"embeddable":true,"href":"https:\/\/www.basquemtb.com\/de\/wp-json\/wp\/v2\/media\/9763"}],"wp:attachment":[{"href":"https:\/\/www.basquemtb.com\/de\/wp-json\/wp\/v2\/media?parent=5023"}],"wp:term":[{"taxonomy":"category","embeddable":true,"href":"https:\/\/www.basquemtb.com\/de\/wp-json\/wp\/v2\/categories?post=5023"},{"taxonomy":"post_tag","embeddable":true,"href":"https:\/\/www.basquemtb.com\/de\/wp-json\/wp\/v2\/tags?post=5023"}],"curies":[{"name":"wp","href":"https:\/\/api.w.org\/{rel}","templated":true}]}}