{"id":6839,"date":"2013-02-06T11:36:43","date_gmt":"2013-02-06T11:36:43","guid":{"rendered":"http:\/\/localhost\/basquemtb\/?p=6839"},"modified":"2020-12-21T11:54:05","modified_gmt":"2020-12-21T11:54:05","slug":"mountain-bike-trip-in-the-backcountry-pyrenees","status":"publish","type":"post","link":"https:\/\/www.basquemtb.com\/de\/mountainbike-tour-in-den-pyrenaen-im-hinterland\/","title":{"rendered":"Mountainbike-Urlaub: Backcountry Pyren\u00e4en"},"content":{"rendered":"<h2 class=\"wp-block-heading\">Pyren\u00e4en abseits der ausgetretenen Pfade: Testen von Wanderwegen f\u00fcr unsere Ferien<\/h2>\n\n\n\n<p class=\"text-fullscreen\">Im Laufe der letzten Jahre haben wir das geschaffen, was wir als das bezeichnen <a href=\"https:\/\/www.basquemtb.com\/de\/mountainbike-urlaub-in-den-pyrenaen-im-hinterland\/\" class=\"rank-math-link\">Mountainbike-Urlaub in den Pyren\u00e4en abseits der Pisten<\/a>Das Zusammenstellen der besten Routen erfordert viel Aufwand, mit sp\u00e4ten N\u00e4chten \u00fcber Karten und fr\u00fchen Morgen, an denen wir zu den Trails fahren. Eine weitere Schwierigkeit beim Testen dieser Fahrten ist, dass wir unsere Urlaube mit viel Uplift und gelegentlich als Punkt-zu-Punkt-Fahrten durchf\u00fchren. Das bedeutet, wenn wir einen kompletten Tag testen wollen, m\u00fcssen wir um Hilfe beim Fahren des Vans bitten oder uns abwechseln. Dieses Video ist die Geschichte einer dieser Kombinationen aus sp\u00e4ten N\u00e4chten\/fr\u00fchen Morgen und warum wir denken, dass sie es wert ist.<\/p>\n\n\n\n<figure class=\"wp-block-embed-vimeo wp-block-embed is-type-video is-provider-vimeo wp-embed-aspect-16-9 wp-has-aspect-ratio text-fullscreen\"><div class=\"wp-block-embed__wrapper\">\n<iframe title=\"Backcountry Pyren\u00e4en Mountain BIke Trip\" src=\"https:\/\/player.vimeo.com\/video\/58771451?dnt=1&amp;app_id=122963\" width=\"500\" height=\"281\" frameborder=\"0\" allow=\"autoplay; fullscreen; picture-in-picture; clipboard-write\"><\/iframe>\n<\/div><\/figure>\n\n\n\n<p class=\"text-fullscreen\">Der Weg in diesem Video war ein van-unterst\u00fctzter, Schwerkraft-Travers \u00fcber eine atemberaubende Wildnis namens Guara. Wenn Sie noch nicht in Guara waren, sollten Sie dorthin gehen, es liegt unterhalb der <strong>Pyren\u00e4en<\/strong> in der vor-pyren\u00e4ischen Faltenzone, die sich bildete, als sie aufgeworfen wurden, und eine verr\u00fcckte, gefaltete Landschaft ist, in der es immer Herbst zu sein scheint. Die <em><strong>Mountainbiken ist fantastisch<\/strong><\/em>mit riesigen felsigen Teppichen und technischen Serpentinen, die von Fl\u00fcssen, Schluchten und Bergen unterbrochen werden. Alle Trails sind technisch, aber es gibt viel Abwechslung, und wenn Sie bereit sind, Ihre Grenzen leicht zu \u00fcberschreiten, werden Sie feststellen, dass erh\u00f6hte Geschwindigkeit immer wieder mit erh\u00f6htem Flow belohnt wird.<\/p>\n\n\n\n<p class=\"text-fullscreen\">Der heutige Weg hat viele Optionen, aber er ist im Allgemeinen <em><strong>schwerkraftunterst\u00fctzt<\/strong><\/em>Wir beginnen immer mit einer k\u00fcrzeren Runde zum Aufw\u00e4rmen, bevor wir uns auf die erste unserer anspruchsvollen Trails begeben. Es gibt drei lange Abfahrten von 850 m, die von flowig bis technisch reichen, und dann gibt es noch zwei abschlie\u00dfende Abfahrten, die uns tief in die Wildnis f\u00fchren, wo wir schlie\u00dflich in einem halb verlassenen Dorf auftauchen, wo wir von einer kleinen Herberge und einem kalten Bier begr\u00fc\u00dft werden. Der Van wartet auf uns (heute dank Oriol!) mit all unseren Sachen und wir verbringen die Nacht hier, um am n\u00e4chsten Tag unsere Reise fortzusetzen. Es gibt mehr als <em><strong>3500 m Abstieg<\/strong><\/em> Heute f\u00fcr die st\u00e4rksten Gruppen zu haben, glauben Sie mir also, Sie werden sich heute Ihr Bier verdient haben!<\/p>\n\n\n\n<p class=\"text-fullscreen\">Die Gruppe f\u00fcr heute war ich, <em>(Doug aus <a title=\"Mountainbike-Urlaub in Spanien\" href=\"\/de\/\">BasqueMTB<\/a>)<\/em>zusammen mit Carlos und auch Antonio, einem befreundeten Mountainbike-Guide, mit dem wir bei unseren Urlauben zusammenarbeiten. Oriol ist ein lokaler Fahrer, ein verdammt schneller, mit dem wir oft fahren und der uns heute sehr beim Van-Fahren geholfen hat. In dieser Gruppe gibt es einen unglaublichen Wissensschatz, darunter Antonio, der diese Trails seit den fr\u00fchen 80er Jahren mit Starrgabelr\u00e4dern f\u00e4hrt, und es ist f\u00fcr mich ein gro\u00dfes Privileg, dieses Wissen teilen zu k\u00f6nnen, und ohne ihn k\u00f6nnte ich keine Urlaube an solch besonderen Orten anbieten. Was teilweise damit zu tun hat, dass ich damit angebe, wie gut meine Trails sind, und teilweise eine herzliche Dankesch\u00f6n an all die Leute, die mit mir auf diesen Reisen zusammenarbeiten.<\/p>\n\n\n\n<div style=\"text-align:center\" class=\"wp-block-genesis-blocks-gb-cta gb-block-cta\"><div class=\"gb-cta-content\"><h2 class=\"gb-cta-title gb-font-size-32\" style=\"color:#32373c\">Buchen Sie Ihren BasqueMTB Mountainbike Urlaub!<\/h2><div class=\"gb-cta-text gb-font-size-32\" style=\"color:#32373c\"><p>Weitere Informationen<\/p><\/div><\/div><div class=\"gb-cta-button\"><a href=\"https:\/\/www.basquemtb.com\/de\/\" target=\"_self\" rel=\"noopener noreferrer\" class=\"gb-button gb-button-shape-rounded gb-button-size-medium\" style=\"color:#ffffff;background-color:#3373dc\">Mehr erfahren<\/a><\/div><\/div>\n\n\n\n<h2 class=\"wp-block-heading has-text-align-center h2_post\">Unsere neuesten Geschichten<\/h2>\n\n\n<div class=\"gb-block-post-grid featuredpost aligncenter text-smaller blog_footer\"><div class=\"gb-post-grid-items is-grid columns-4\"><article id=\"post-45776\" class=\"gb-post-grid-item post-45776 post type-post status-publish format-standard has-post-thumbnail hentry category-singletrack-news\"><div class=\"gb-block-post-grid-image\"><a href=\"https:\/\/www.basquemtb.com\/de\/mtb-trails-im-baskenland-bauen\/\" rel=\"bookmark\" aria-hidden=\"true\" tabindex=\"-1\"><img decoding=\"async\" width=\"350\" height=\"250\" src=\"https:\/\/www.basquemtb.com\/wp-content\/uploads\/RP-80-80-350x250.jpg\" class=\"attachment-rta_thumb_center_center_350x250 size-rta_thumb_center_center_350x250\" alt=\"Bera Bikepark\" srcset=\"https:\/\/www.basquemtb.com\/wp-content\/uploads\/RP-80-80-350x250.jpg 350w, https:\/\/www.basquemtb.com\/wp-content\/uploads\/RP-80-80-18x12.jpg 18w, https:\/\/www.basquemtb.com\/wp-content\/uploads\/RP-80-80-630x450.jpg 630w\" sizes=\"(max-width: 350px) 100vw, 350px\" \/><\/a><\/div><div class=\"gb-block-post-grid-text\"><header class=\"gb-block-post-grid-header\"><h3 class=\"gb-block-post-grid-title\"><a href=\"https:\/\/www.basquemtb.com\/de\/mtb-trails-im-baskenland-bauen\/\" rel=\"bookmark\">Bau von MTB-Trails im Baskenland und Aufbau von Gemeinschaften<\/a><\/h3><div class=\"gb-block-post-grid-byline\"><\/div><\/header><div class=\"gb-block-post-grid-excerpt\"><\/div><\/div><\/article>\n<article id=\"post-45777\" class=\"gb-post-grid-item post-45777 post type-post status-publish format-standard has-post-thumbnail hentry category-mountain-bike-holiday-advice\"><div class=\"gb-block-post-grid-image\"><a href=\"https:\/\/www.basquemtb.com\/de\/essentials-fur-mountainbike-urlaube\/\" rel=\"bookmark\" aria-hidden=\"true\" tabindex=\"-1\"><img decoding=\"async\" width=\"350\" height=\"250\" src=\"https:\/\/www.basquemtb.com\/wp-content\/uploads\/Essential-Spares-for-MTB-Holidays-1-1-350x250.jpg\" class=\"attachment-rta_thumb_center_center_350x250 size-rta_thumb_center_center_350x250\" alt=\"\" srcset=\"https:\/\/www.basquemtb.com\/wp-content\/uploads\/Essential-Spares-for-MTB-Holidays-1-1-350x250.jpg 350w, https:\/\/www.basquemtb.com\/wp-content\/uploads\/Essential-Spares-for-MTB-Holidays-1-1-630x450.jpg 630w\" sizes=\"(max-width: 350px) 100vw, 350px\" \/><\/a><\/div><div class=\"gb-block-post-grid-text\"><header class=\"gb-block-post-grid-header\"><h3 class=\"gb-block-post-grid-title\"><a href=\"https:\/\/www.basquemtb.com\/de\/essentials-fur-mountainbike-urlaube\/\" rel=\"bookmark\">Essentials f\u00fcr MTB-Urlaub<\/a><\/h3><div class=\"gb-block-post-grid-byline\"><\/div><\/header><div class=\"gb-block-post-grid-excerpt\"><\/div><\/div><\/article>\n<article id=\"post-45369\" class=\"gb-post-grid-item post-45369 post type-post status-publish format-standard has-post-thumbnail hentry category-mtb-holiday\"><div class=\"gb-block-post-grid-image\"><a href=\"https:\/\/www.basquemtb.com\/de\/unsere-mtb-reisen-pyrenaen-im-fruhjahr-2025\/\" rel=\"bookmark\" aria-hidden=\"true\" tabindex=\"-1\"><img decoding=\"async\" width=\"350\" height=\"250\" src=\"https:\/\/www.basquemtb.com\/wp-content\/uploads\/Backcountry-Pyrenees-Feedback-1-1-350x250.jpg\" class=\"attachment-rta_thumb_center_center_350x250 size-rta_thumb_center_center_350x250\" alt=\"\" srcset=\"https:\/\/www.basquemtb.com\/wp-content\/uploads\/Backcountry-Pyrenees-Feedback-1-1-350x250.jpg 350w, https:\/\/www.basquemtb.com\/wp-content\/uploads\/Backcountry-Pyrenees-Feedback-1-1-630x450.jpg 630w\" sizes=\"(max-width: 350px) 100vw, 350px\" \/><\/a><\/div><div class=\"gb-block-post-grid-text\"><header class=\"gb-block-post-grid-header\"><h3 class=\"gb-block-post-grid-title\"><a href=\"https:\/\/www.basquemtb.com\/de\/unsere-mtb-reisen-pyrenaen-im-fruhjahr-2025\/\" rel=\"bookmark\">In die G\u00e4nge kommen: Nehmen Sie an einer MTB-Tour in den Pyren\u00e4en im Fr\u00fchjahr 2025 teil<\/a><\/h3><div class=\"gb-block-post-grid-byline\"><\/div><\/header><div class=\"gb-block-post-grid-excerpt\"><\/div><\/div><\/article>\n<article id=\"post-45177\" class=\"gb-post-grid-item post-45177 post type-post status-publish format-standard has-post-thumbnail hentry category-mountain-bike-images category-singletrack-news\"><div class=\"gb-block-post-grid-image\"><a href=\"https:\/\/www.basquemtb.com\/de\/mountainbiking-in-den-pyrenaen-lokale-wanderwege\/\" rel=\"bookmark\" aria-hidden=\"true\" tabindex=\"-1\"><img decoding=\"async\" width=\"350\" height=\"250\" src=\"https:\/\/www.basquemtb.com\/wp-content\/uploads\/Pyrenees-Mountain-Bike-Evolution-Trail-Tales-18-350x250.jpg\" class=\"attachment-rta_thumb_center_center_350x250 size-rta_thumb_center_center_350x250\" alt=\"\" srcset=\"https:\/\/www.basquemtb.com\/wp-content\/uploads\/Pyrenees-Mountain-Bike-Evolution-Trail-Tales-18-350x250.jpg 350w, https:\/\/www.basquemtb.com\/wp-content\/uploads\/Pyrenees-Mountain-Bike-Evolution-Trail-Tales-18-630x450.jpg 630w\" sizes=\"(max-width: 350px) 100vw, 350px\" \/><\/a><\/div><div class=\"gb-block-post-grid-text\"><header class=\"gb-block-post-grid-header\"><h3 class=\"gb-block-post-grid-title\"><a href=\"https:\/\/www.basquemtb.com\/de\/mountainbiking-in-den-pyrenaen-lokale-wanderwege\/\" rel=\"bookmark\">Mountainbiken in den Pyren\u00e4en: Lokale Trails &amp; lokale Helden<\/a><\/h3><div class=\"gb-block-post-grid-byline\"><\/div><\/header><div class=\"gb-block-post-grid-excerpt\"><\/div><\/div><\/article>\n<\/div><\/div>","protected":false},"excerpt":{"rendered":"<p>Einige der Trails, die wir bei unseren Backcountry Pyrenees Mountainbike-Urlauben nutzen.<\/p>","protected":false},"author":1,"featured_media":9756,"comment_status":"open","ping_status":"open","sticky":false,"template":"","format":"standard","meta":{"_monsterinsights_skip_tracking":false,"_monsterinsights_sitenote_active":false,"_monsterinsights_sitenote_note":"","_monsterinsights_sitenote_category":0,"footnotes":""},"categories":[134],"tags":[424,631],"class_list":["post-6839","post","type-post","status-publish","format-standard","has-post-thumbnail","hentry","category-mountain-bike-images","tag-mountain-bike-holiday-report","tag-trail-tales"],"featured_image_src":"https:\/\/www.basquemtb.com\/wp-content\/uploads\/408163758_640-600x360.jpg","featured_image_src_square":"https:\/\/www.basquemtb.com\/wp-content\/uploads\/408163758_640-600x360.jpg","author_info":{"display_name":"admin","author_link":"https:\/\/www.basquemtb.com\/de\/author\/admin\/"},"_links":{"self":[{"href":"https:\/\/www.basquemtb.com\/de\/wp-json\/wp\/v2\/posts\/6839","targetHints":{"allow":["GET"]}}],"collection":[{"href":"https:\/\/www.basquemtb.com\/de\/wp-json\/wp\/v2\/posts"}],"about":[{"href":"https:\/\/www.basquemtb.com\/de\/wp-json\/wp\/v2\/types\/post"}],"author":[{"embeddable":true,"href":"https:\/\/www.basquemtb.com\/de\/wp-json\/wp\/v2\/users\/1"}],"replies":[{"embeddable":true,"href":"https:\/\/www.basquemtb.com\/de\/wp-json\/wp\/v2\/comments?post=6839"}],"version-history":[{"count":0,"href":"https:\/\/www.basquemtb.com\/de\/wp-json\/wp\/v2\/posts\/6839\/revisions"}],"wp:featuredmedia":[{"embeddable":true,"href":"https:\/\/www.basquemtb.com\/de\/wp-json\/wp\/v2\/media\/9756"}],"wp:attachment":[{"href":"https:\/\/www.basquemtb.com\/de\/wp-json\/wp\/v2\/media?parent=6839"}],"wp:term":[{"taxonomy":"category","embeddable":true,"href":"https:\/\/www.basquemtb.com\/de\/wp-json\/wp\/v2\/categories?post=6839"},{"taxonomy":"post_tag","embeddable":true,"href":"https:\/\/www.basquemtb.com\/de\/wp-json\/wp\/v2\/tags?post=6839"}],"curies":[{"name":"wp","href":"https:\/\/api.w.org\/{rel}","templated":true}]}}