{"id":6843,"date":"2013-02-14T19:21:43","date_gmt":"2013-02-14T19:21:43","guid":{"rendered":"http:\/\/localhost\/basquemtb\/?p=6843"},"modified":"2020-12-22T08:42:27","modified_gmt":"2020-12-22T08:42:27","slug":"backcountry-pyrenees-mountain-bike-holiday-zona-zero","status":"publish","type":"post","link":"https:\/\/www.basquemtb.com\/de\/backcountry-pyrenaen-mountainbike-urlaub-zona-zero\/","title":{"rendered":"Backcountry Pyren\u00e4en Mountainbike-Urlaub: Zona Zero"},"content":{"rendered":"<h2 class=\"h2_post wp-block-heading\">Backcountry Pyren\u00e4en Mountainbike-Urlaub: Zona Zero<\/h2>\n\n\n\n<figure class=\"wp-block-embed-vimeo wp-block-embed is-type-video is-provider-vimeo wp-embed-aspect-16-9 wp-has-aspect-ratio text-fullscreen\"><div class=\"wp-block-embed__wrapper\">\n<iframe title=\"BasqueMTB&#039;s Pyren\u00e4en-Urlaub im Hinterland: Zona Zero\" src=\"https:\/\/player.vimeo.com\/video\/59340513?dnt=1&amp;app_id=122963\" width=\"500\" height=\"281\" frameborder=\"0\" allow=\"autoplay; fullscreen; picture-in-picture; clipboard-write\"><\/iframe>\n<\/div><\/figure>\n\n\n\n<p class=\"text-fullscreen\">Unser <em><strong><a href=\"https:\/\/www.basquemtb.com\/de\/mountainbike-urlaub-in-den-pyrenaen-im-hinterland\/\" class=\"rank-math-link\">\"Backcountry\" Pyren\u00e4en Mountainbike-Urlaub<\/a><\/strong><\/em> eine Tour durch die Vor-Pyren\u00e4en auf der spanischen Seite der Pyren\u00e4en unternehmen, die spektakul\u00e4res Mountainbiken bietet. Die gro\u00dfen Pyren\u00e4en thronen majest\u00e4tisch als Kulisse f\u00fcr die kurvenreichen, flowigen Trails, die wir befahren. An diesem Tag unseres Backcountry-Pyren\u00e4en-Urlaubs bieten wir Shuttles in der Gegend dieser Berge an, die die Einheimischen als <em>Zone Null<\/em>absteigend zwischen 500 m und 800 m zu den darunter liegenden D\u00f6rfern, wo wir einen Kaffee trinken und die Transporter f\u00fcr eine weitere Abfahrt beladen.<br>&nbsp;<br>Am n\u00e4chsten Tag laden wir unsere Mountainbikes in einen Gel\u00e4ndewagen, um damit tief in die Berge zu fahren, die Sie im Hintergrund sehen und die w\u00e4hrend unserer Urlaube nicht schneebedeckt sind. Den Rest des Tages verbringen wir damit, bergab zu fahren. Das sind nur zwei der Tage auf unserer <em><strong>Winterurlaub in den Pyren\u00e4en<\/strong><\/em>und der Rest der Fahrt ist genauso spektakul\u00e4r!<br>&nbsp;<br><\/p>\n\n\n\n<div style=\"text-align:center\" class=\"wp-block-genesis-blocks-gb-cta gb-block-cta\"><div class=\"gb-cta-content\"><h2 class=\"gb-cta-title gb-font-size-32\" style=\"color:#32373c\">Buchen Sie Ihren Mountainbike-Urlaub in den Pyren\u00e4en!<\/h2><div class=\"gb-cta-text gb-font-size-32\" style=\"color:#32373c\"><p>Weitere Informationen<\/p><\/div><\/div><div class=\"gb-cta-button\"><a href=\"https:\/\/www.basquemtb.com\/de\/mountainbike-urlaub-in-den-pyrenaen-im-hinterland\/\" target=\"_self\" rel=\"noopener noreferrer\" class=\"gb-button gb-button-shape-rounded gb-button-size-medium\" style=\"color:#ffffff;background-color:#3373dc\">Jetzt buchen<\/a><\/div><\/div>\n\n\n\n<h2 class=\"wp-block-heading has-text-align-center h2_post\">Unsere neuesten Geschichten<\/h2>\n\n\n<div class=\"gb-block-post-grid featuredpost aligncenter text-smaller blog_footer\"><div class=\"gb-post-grid-items is-grid columns-4\"><article id=\"post-45776\" class=\"gb-post-grid-item post-45776 post type-post status-publish format-standard has-post-thumbnail hentry category-singletrack-news\"><div class=\"gb-block-post-grid-image\"><a href=\"https:\/\/www.basquemtb.com\/de\/mtb-trails-im-baskenland-bauen\/\" rel=\"bookmark\" aria-hidden=\"true\" tabindex=\"-1\"><img decoding=\"async\" width=\"350\" height=\"250\" src=\"https:\/\/www.basquemtb.com\/wp-content\/uploads\/RP-80-80-350x250.jpg\" class=\"attachment-rta_thumb_center_center_350x250 size-rta_thumb_center_center_350x250\" alt=\"Bera Bikepark\" srcset=\"https:\/\/www.basquemtb.com\/wp-content\/uploads\/RP-80-80-350x250.jpg 350w, https:\/\/www.basquemtb.com\/wp-content\/uploads\/RP-80-80-18x12.jpg 18w, https:\/\/www.basquemtb.com\/wp-content\/uploads\/RP-80-80-630x450.jpg 630w\" sizes=\"(max-width: 350px) 100vw, 350px\" \/><\/a><\/div><div class=\"gb-block-post-grid-text\"><header class=\"gb-block-post-grid-header\"><h3 class=\"gb-block-post-grid-title\"><a href=\"https:\/\/www.basquemtb.com\/de\/mtb-trails-im-baskenland-bauen\/\" rel=\"bookmark\">Bau von MTB-Trails im Baskenland und Aufbau von Gemeinschaften<\/a><\/h3><div class=\"gb-block-post-grid-byline\"><\/div><\/header><div class=\"gb-block-post-grid-excerpt\"><\/div><\/div><\/article>\n<article id=\"post-45777\" class=\"gb-post-grid-item post-45777 post type-post status-publish format-standard has-post-thumbnail hentry category-mountain-bike-holiday-advice\"><div class=\"gb-block-post-grid-image\"><a href=\"https:\/\/www.basquemtb.com\/de\/essentials-fur-mountainbike-urlaube\/\" rel=\"bookmark\" aria-hidden=\"true\" tabindex=\"-1\"><img decoding=\"async\" width=\"350\" height=\"250\" src=\"https:\/\/www.basquemtb.com\/wp-content\/uploads\/Essential-Spares-for-MTB-Holidays-1-1-350x250.jpg\" class=\"attachment-rta_thumb_center_center_350x250 size-rta_thumb_center_center_350x250\" alt=\"\" srcset=\"https:\/\/www.basquemtb.com\/wp-content\/uploads\/Essential-Spares-for-MTB-Holidays-1-1-350x250.jpg 350w, https:\/\/www.basquemtb.com\/wp-content\/uploads\/Essential-Spares-for-MTB-Holidays-1-1-630x450.jpg 630w\" sizes=\"(max-width: 350px) 100vw, 350px\" \/><\/a><\/div><div class=\"gb-block-post-grid-text\"><header class=\"gb-block-post-grid-header\"><h3 class=\"gb-block-post-grid-title\"><a href=\"https:\/\/www.basquemtb.com\/de\/essentials-fur-mountainbike-urlaube\/\" rel=\"bookmark\">Essentials f\u00fcr MTB-Urlaub<\/a><\/h3><div class=\"gb-block-post-grid-byline\"><\/div><\/header><div class=\"gb-block-post-grid-excerpt\"><\/div><\/div><\/article>\n<article id=\"post-45369\" class=\"gb-post-grid-item post-45369 post type-post status-publish format-standard has-post-thumbnail hentry category-mtb-holiday\"><div class=\"gb-block-post-grid-image\"><a href=\"https:\/\/www.basquemtb.com\/de\/unsere-mtb-reisen-pyrenaen-im-fruhjahr-2025\/\" rel=\"bookmark\" aria-hidden=\"true\" tabindex=\"-1\"><img decoding=\"async\" width=\"350\" height=\"250\" src=\"https:\/\/www.basquemtb.com\/wp-content\/uploads\/Backcountry-Pyrenees-Feedback-1-1-350x250.jpg\" class=\"attachment-rta_thumb_center_center_350x250 size-rta_thumb_center_center_350x250\" alt=\"\" srcset=\"https:\/\/www.basquemtb.com\/wp-content\/uploads\/Backcountry-Pyrenees-Feedback-1-1-350x250.jpg 350w, https:\/\/www.basquemtb.com\/wp-content\/uploads\/Backcountry-Pyrenees-Feedback-1-1-630x450.jpg 630w\" sizes=\"(max-width: 350px) 100vw, 350px\" \/><\/a><\/div><div class=\"gb-block-post-grid-text\"><header class=\"gb-block-post-grid-header\"><h3 class=\"gb-block-post-grid-title\"><a href=\"https:\/\/www.basquemtb.com\/de\/unsere-mtb-reisen-pyrenaen-im-fruhjahr-2025\/\" rel=\"bookmark\">In die G\u00e4nge kommen: Nehmen Sie an einer MTB-Tour in den Pyren\u00e4en im Fr\u00fchjahr 2025 teil<\/a><\/h3><div class=\"gb-block-post-grid-byline\"><\/div><\/header><div class=\"gb-block-post-grid-excerpt\"><\/div><\/div><\/article>\n<article id=\"post-45177\" class=\"gb-post-grid-item post-45177 post type-post status-publish format-standard has-post-thumbnail hentry category-mountain-bike-images category-singletrack-news\"><div class=\"gb-block-post-grid-image\"><a href=\"https:\/\/www.basquemtb.com\/de\/mountainbiking-in-den-pyrenaen-lokale-wanderwege\/\" rel=\"bookmark\" aria-hidden=\"true\" tabindex=\"-1\"><img decoding=\"async\" width=\"350\" height=\"250\" src=\"https:\/\/www.basquemtb.com\/wp-content\/uploads\/Pyrenees-Mountain-Bike-Evolution-Trail-Tales-18-350x250.jpg\" class=\"attachment-rta_thumb_center_center_350x250 size-rta_thumb_center_center_350x250\" alt=\"\" srcset=\"https:\/\/www.basquemtb.com\/wp-content\/uploads\/Pyrenees-Mountain-Bike-Evolution-Trail-Tales-18-350x250.jpg 350w, https:\/\/www.basquemtb.com\/wp-content\/uploads\/Pyrenees-Mountain-Bike-Evolution-Trail-Tales-18-630x450.jpg 630w\" sizes=\"(max-width: 350px) 100vw, 350px\" \/><\/a><\/div><div class=\"gb-block-post-grid-text\"><header class=\"gb-block-post-grid-header\"><h3 class=\"gb-block-post-grid-title\"><a href=\"https:\/\/www.basquemtb.com\/de\/mountainbiking-in-den-pyrenaen-lokale-wanderwege\/\" rel=\"bookmark\">Mountainbiken in den Pyren\u00e4en: Lokale Trails &amp; lokale Helden<\/a><\/h3><div class=\"gb-block-post-grid-byline\"><\/div><\/header><div class=\"gb-block-post-grid-excerpt\"><\/div><\/div><\/article>\n<\/div><\/div>","protected":false},"excerpt":{"rendered":"<p>Ein Video von unserem Mountainbike-Urlaub in den Pyren\u00e4en. <\/p>","protected":false},"author":1,"featured_media":9755,"comment_status":"open","ping_status":"open","sticky":false,"template":"","format":"standard","meta":{"_monsterinsights_skip_tracking":false,"_monsterinsights_sitenote_active":false,"_monsterinsights_sitenote_note":"","_monsterinsights_sitenote_category":0,"footnotes":""},"categories":[134],"tags":[424,631],"class_list":["post-6843","post","type-post","status-publish","format-standard","has-post-thumbnail","hentry","category-mountain-bike-images","tag-mountain-bike-holiday-report","tag-trail-tales"],"featured_image_src":"https:\/\/www.basquemtb.com\/wp-content\/uploads\/412369931_640-600x360.jpg","featured_image_src_square":"https:\/\/www.basquemtb.com\/wp-content\/uploads\/412369931_640-600x360.jpg","author_info":{"display_name":"admin","author_link":"https:\/\/www.basquemtb.com\/de\/author\/admin\/"},"_links":{"self":[{"href":"https:\/\/www.basquemtb.com\/de\/wp-json\/wp\/v2\/posts\/6843","targetHints":{"allow":["GET"]}}],"collection":[{"href":"https:\/\/www.basquemtb.com\/de\/wp-json\/wp\/v2\/posts"}],"about":[{"href":"https:\/\/www.basquemtb.com\/de\/wp-json\/wp\/v2\/types\/post"}],"author":[{"embeddable":true,"href":"https:\/\/www.basquemtb.com\/de\/wp-json\/wp\/v2\/users\/1"}],"replies":[{"embeddable":true,"href":"https:\/\/www.basquemtb.com\/de\/wp-json\/wp\/v2\/comments?post=6843"}],"version-history":[{"count":0,"href":"https:\/\/www.basquemtb.com\/de\/wp-json\/wp\/v2\/posts\/6843\/revisions"}],"wp:featuredmedia":[{"embeddable":true,"href":"https:\/\/www.basquemtb.com\/de\/wp-json\/wp\/v2\/media\/9755"}],"wp:attachment":[{"href":"https:\/\/www.basquemtb.com\/de\/wp-json\/wp\/v2\/media?parent=6843"}],"wp:term":[{"taxonomy":"category","embeddable":true,"href":"https:\/\/www.basquemtb.com\/de\/wp-json\/wp\/v2\/categories?post=6843"},{"taxonomy":"post_tag","embeddable":true,"href":"https:\/\/www.basquemtb.com\/de\/wp-json\/wp\/v2\/tags?post=6843"}],"curies":[{"name":"wp","href":"https:\/\/api.w.org\/{rel}","templated":true}]}}