{"id":4446,"date":"2011-12-19T12:35:14","date_gmt":"2011-12-19T12:35:14","guid":{"rendered":"http:\/\/localhost\/basquemtb\/?p=4446"},"modified":"2011-12-26T21:22:33","modified_gmt":"2011-12-26T21:22:33","slug":"basquemtb-mountain-bike-tour-on-the-coast-near-bilbao","status":"publish","type":"post","link":"https:\/\/www.basquemtb.com\/es\/tour-de-bicicleta-de-montana-basquemtb-en-la-costa-cerca-de-bilbao\/","title":{"rendered":"Excursi\u00f3n en bicicleta de monta\u00f1a por la costa cerca de Bilbao"},"content":{"rendered":"<table border=\"0\">\r\n<tbody>\r\n<tr>\r\n<td>[singlepic id=\u201d2514\u2033 w=590px float=center\u201d]<\/td>\r\n<\/tr>\r\n<tr>\r\n<td style=\"text-align: center;\"><span style=\"color: #888888;\"><em>Impresionantes vistas a lo largo de toda la costa.<\/em><\/span><\/td>\r\n<\/tr>\r\n<\/tbody>\r\n<\/table>\r\nEl mi\u00e9rcoles estaba construyendo un sendero para bicicleta de monta\u00f1a en un bosque neblinoso. El jueves estaba en la monta\u00f1a, muy por encima de las nubes, contemplando un largo descenso rocoso. El domingo pedaleamos por un sendero perfecto junto a la costa, cerca de Bilbao, en una ruta \u00e9pica de 52 km. \u00bfQu\u00e9 puedo decir? Me encanta el Pa\u00eds Vasco y \u00a1seguro que debe estar cerca del para\u00edso del ciclismo de monta\u00f1a! Sigue leyendo para saber m\u00e1s sobre la ruta del domingo, o simplemente para ver las fotos de uno de los lugares m\u00e1s bellos de Espa\u00f1a. <!--more-->\r\n<table border=\"0\">\r\n<tbody>\r\n<tr>\r\n<td>[singlepic id=\u201d2512\u2033 w=290px float=center\u201d]<\/td>\r\n<td>[singlepic id=\u201d2517\u2033 w=290px float=center\u201d]<\/td>\r\n<\/tr>\r\n<tr>\r\n<td style=\"text-align: center;\"><span style=\"color: #888888;\"><em>\u00a1Salir de la ciudad por senderos!<\/em><\/span><\/td>\r\n<td style=\"text-align: center;\"><span style=\"color: #888888;\"><em>Grandes vistas y bonitas copas.<\/em><\/span><\/td>\r\n<\/tr>\r\n<\/tbody>\r\n<\/table>\r\nPara 2012, ofrecemos unas vacaciones en bicicleta de monta\u00f1a por la costa hasta Bilbao. Comenzando en Espa\u00f1a, justo en la frontera francesa, recorreremos la costa en bicicleta, manteni\u00e9ndonos lo m\u00e1s cerca posible del mar. Las vacaciones contar\u00e1n con el apoyo total de Amaia y cada d\u00eda ofrecer\u00e1 actividades alternativas para acompa\u00f1antes o personas que deseen un descanso del ciclismo de monta\u00f1a. Amaia nos mostrar\u00e1 la cultura, la comida y la bebida de esta parte de Espa\u00f1a de la manera que solo una persona local puede hacerlo. Las vacaciones est\u00e1n casi listas, sin embargo, todav\u00eda estamos d\u00e1ndoles los toques finales al itinerario. Le hab\u00eda mencionado esto a un amigo, Mark, de Bilbao, y se ofreci\u00f3 a mostrarme sus senderos locales. Son estos senderos los que formar\u00e1n parte del \u00faltimo d\u00eda de nuestro recorrido mientras pedaleamos hacia la propia Bilbao.\r\n<table border=\"0\">\r\n<tbody>\r\n<tr>\r\n<td>[singlepic id=\u201d2515\u2033 w=290px float=center\u201d]<\/td>\r\n<td>[singlepic id=\u201d2527\u2033 w=290px float=center\u201d]<\/td>\r\n<\/tr>\r\n<tr>\r\n<td style=\"text-align: center;\"><span style=\"color: #888888;\"><em>Sendero estrecho con vistas. Y consecuencias.<\/em><\/span><\/td>\r\n<td style=\"text-align: center;\"><span style=\"color: #888888;\"><em>La vista sobre el puerto de Bilbao.<\/em><\/span><\/td>\r\n<\/tr>\r\n<\/tbody>\r\n<\/table>\r\nAunque hac\u00eda sol, hac\u00eda fr\u00edo para esta parte de Espa\u00f1a y nuestros rituales habituales previos a la ruta de caf\u00e9, charla y tonter\u00edas fueron inusualmente cortos, desesperados como est\u00e1bamos por empezar a mover las piernas y entrar un poco en calor. Como calentamiento, hicimos un circuito corto alrededor de la casa de Mark, subidas duras y algunos senderos DH preparados. La ruta era agradable pero nada espectacular, aunque logr\u00e9 inaugurar la sangre con un pedal que resbal\u00f3 en una bajada. Fue bueno entrar un poco en calor, pero est\u00e1bamos ansiosos por llegar a lo principal de la ruta. El sendero costero.\r\n<table border=\"0\">\r\n<tbody>\r\n<tr>\r\n<td colspan=\"2\">[singlepic id=\u201d2513\u2033 w=590px float=center\u201d]<\/td>\r\n<\/tr>\r\n<tr>\r\n<td style=\"text-align: center;\" colspan=\"2\"><span style=\"color: #888888;\"><em>Formaciones rocosas plegadas y estratificadas.<\/em><\/span><\/td>\r\n<\/tr>\r\n<tr>\r\n<td>[singlepic id=\u201d2516\u2033 w=290px float=center\u201d]<\/td>\r\n<td>[singlepic id=\u201d2518\u2033 w=290px float=center\u201d]<\/td>\r\n<\/tr>\r\n<tr>\r\n<td style=\"text-align: center;\"><span style=\"color: #888888;\"><em>Dif\u00edcil concentrarse en los senderos.<\/em><\/span><\/td>\r\n<td style=\"text-align: center;\"><span style=\"color: #888888;\"><em>Singletrack sinuoso y con curvas.<\/em><\/span><\/td>\r\n<\/tr>\r\n<\/tbody>\r\n<\/table>\r\nTan pronto como llegamos a la costa, qued\u00f3 claro que nos esperaba un ciclismo de monta\u00f1a especial. Aunque todav\u00eda est\u00e1bamos en las afueras de la ciudad, hab\u00eda senderos estrechos, t\u00e9cnicos y agradables bordeando los acantilados. Fue impresionante y pronto todos est\u00e1bamos corriendo por el sendero, entre las numerosas paradas para hacer fotos. Si hab\u00eda alg\u00fan inconveniente, era la cantidad de gente, pero todos eran amables y se apartaban de nuestro camino con una sonrisa. La raz\u00f3n por la que estaba tan concurrido era que era un domingo soleado y la hora en que la gente suele dar un paseo antes del almuerzo.\r\n<table border=\"0\">\r\n<tbody>\r\n<tr>\r\n<td>[singlepic id=\u201d2519\u2033 w=290px float=center\u201d]<\/td>\r\n<td>[singlepic id=\u201d2520\u2033 w=290px float=center\u201d]<\/td>\r\n<\/tr>\r\n<tr>\r\n<td style=\"text-align: center;\"><em><span style=\"color: #888888;\">Hay cerveza en ese pueblo.<\/span><\/em><\/td>\r\n<td style=\"text-align: center;\"><span style=\"color: #888888;\"><em>\u00a1Esto se sinti\u00f3 mucho m\u00e1s cerca del borde de lo que parece!<\/em><\/span><\/td>\r\n<\/tr>\r\n<\/tbody>\r\n<\/table>\r\nA medida que nos alej\u00e1bamos un poco del pueblo, el n\u00famero de personas disminuy\u00f3 dr\u00e1sticamente. Los senderos tambi\u00e9n parec\u00edan abrirse y los descensos, aunque cortos, ten\u00edan un flujo m\u00e1gico. Era casi como un pumptrack con curvas peraltadas, peque\u00f1os saltos y bajadas y desniveles que hab\u00eda que atacar. En resumen, fue una conducci\u00f3n incre\u00edble. Las subidas y bajadas eran todas cortas, de unos 100-200 metros de desnivel, y todo parec\u00eda gritar que se atacara con cien por cien de esfuerzo.\r\n<table border=\"0\">\r\n<tbody>\r\n<tr>\r\n<td colspan=\"2\">[singlepic id=\u201d2522\u2033 w=590px float=center\u201d]<\/td>\r\n<\/tr>\r\n<tr>\r\n<td style=\"text-align: center;\" colspan=\"2\"><span style=\"color: #888888;\"><em>Subiendo desde el faro.<\/em><\/span><\/td>\r\n<\/tr>\r\n<tr>\r\n<td>[singlepic id=\u201d2528\u2033 w=290px float=center\u201d]<\/td>\r\n<td>[singlepic id=\u201d2521\u2033 w=290px float=center\u201d]<\/td>\r\n<\/tr>\r\n<tr>\r\n<td style=\"text-align: center;\"><span style=\"color: #888888;\"><em>Escalando (alej\u00e1ndose de la camioneta) bajo la luz del atardecer.<\/em><\/span><\/td>\r\n<td style=\"text-align: center;\"><span style=\"color: #888888;\"><em>Bob. Cerca del borde.<\/em><\/span><\/td>\r\n<\/tr>\r\n<\/tbody>\r\n<\/table>\r\nMientras avanz\u00e1bamos por la costa, pasamos por algunos pueblecitos costeros. En uno de estos pueblos paramos a comer algo y rellenamos el dep\u00f3sito de caf\u00e9. Todos est\u00e1bamos cansados pero quer\u00edamos seguir avanzando por la costa, as\u00ed que despu\u00e9s de comer, partimos una vez m\u00e1s. Me alegro de haberlo hecho. Nuestra subida empez\u00f3 en asfalto y luego se convirti\u00f3 en sendero estrecho, todo posible en bicicleta pero dif\u00edcil. Nadie subi\u00f3 sin poner un pie en tierra. La subida habr\u00eda valido la pena solo por la vista, sin embargo, el descenso desde aqu\u00ed fue fant\u00e1stico. Empez\u00f3 rocoso y luego se volvi\u00f3 muy rocoso pero r\u00e1pido y duro con un mont\u00f3n de peque\u00f1os saltos y ca\u00eddas. Un total contraste con lo que hab\u00edamos rodado hasta ahora y, adem\u00e1s, enormemente disfrutable. Al llegar al final del descenso, era obvio que el sol estaba cerca del horizonte. Hablamos de si tomar el tren de vuelta a la furgoneta, pero todos estaban disfrutando de los senderos y quer\u00edan exprimir los \u00faltimos kil\u00f3metros de sendero estrecho del d\u00eda. \u00a1Y de nuestras piernas!\r\n<table border=\"0\">\r\n<tbody>\r\n<tr>\r\n<td>[singlepic id=\u201d2524\u2033 w=590px float=center\u201d]<\/td>\r\n<\/tr>\r\n<tr>\r\n<td style=\"text-align: center;\"><span style=\"color: #888888;\"><em>Est\u00e1 oscureciendo.<\/em><\/span><\/td>\r\n<\/tr>\r\n<\/tbody>\r\n<\/table>\r\nPedalear por la costa con el sol poni\u00e9ndose fue especial. No creo que pueda describirlo mejor. Las vistas y los senderos eran perfectos. Subidas cortas y pronunciadas seguidas de descensos revirados. En un momento dado, di un peque\u00f1o salto perfecto y pas\u00e9 volando por la siguiente curva con bermas, parti\u00e9ndome de risa. Creo que todo el mundo tuvo un momento as\u00ed. En alg\u00fan momento nos alejamos de la costa y tomamos una sinuosa cinta de singletrack que se adentraba en el bosque. El sol ya se hab\u00eda puesto. El sendero era perfecto, pero lo que se me qued\u00f3 grabado en la memoria fueron todos los hombres que hab\u00eda en el bosque. Es una zona conocida por los homosexuales, pero todos estos hombres eran mayores y se limitaban a merodear por el bosque para tener r\u00e1pidos escarceos con parejas desconocidas. Me pareci\u00f3 triste que tuvieran que vivir sus vidas as\u00ed, incapaces de salir del armario ante amigos y familiares. Sin embargo, a pesar de mi tristeza, no me qued\u00e9 de brazos cruzados y me lanc\u00e9 a por la bici a trav\u00e9s del bosque tan r\u00e1pido como me atrev\u00ed; no necesitaba ser la m\u00e1s r\u00e1pida, pero desde luego no quer\u00eda ser la m\u00e1s lenta. Salimos del bosque y, de repente, nuestro \u00e9pico viaje hab\u00eda terminado. Cansados, felices, cubiertos de polvo, sangrando, sedientos. Podr\u00eda seguir, pero seguro que ya sabes c\u00f3mo nos sent\u00edamos. Fue otro viaje \u00e9pico en bicicleta de monta\u00f1a, a\u00fan m\u00e1s cerca de la perfecci\u00f3n debido a su contraste con el resto de las semanas.\r\n<table border=\"0\">\r\n<tbody>\r\n<tr>\r\n<td>[singlepic id=\u201d2525\u2033 w=590px float=center\u201d]<\/td>\r\n<\/tr>\r\n<tr>\r\n<td style=\"text-align: center;\"><span style=\"color: #888888;\"><em>\u00bfYa est\u00e1 oscuro?<\/em><\/span><\/td>\r\n<\/tr>\r\n<tr>\r\n<td>[singlepic id=\u201d2523\u2033 w=590px float=center\u201d]<\/td>\r\n<\/tr>\r\n<tr>\r\n<td style=\"text-align: center;\"><span style=\"color: #888888;\"><em>El sol poni\u00e9ndose en la costa. <\/em><\/span><\/td>\r\n<\/tr>\r\n<\/tbody>\r\n<\/table>","protected":false},"excerpt":{"rendered":"<p>Ciclismo de monta\u00f1a en la costa cerca de Bilbao.<\/p>","protected":false},"author":1,"featured_media":4457,"comment_status":"open","ping_status":"open","sticky":false,"template":"","format":"standard","meta":{"_monsterinsights_skip_tracking":false,"_monsterinsights_sitenote_active":false,"_monsterinsights_sitenote_note":"","_monsterinsights_sitenote_category":0,"footnotes":""},"categories":[],"tags":[],"class_list":["post-4446","post","type-post","status-publish","format-standard","has-post-thumbnail","hentry"],"featured_image_src":"https:\/\/www.basquemtb.com\/wp-content\/uploads\/basquemtb-mountain-bike-tour-on-the-coast-near-bilbao-1.jpg","featured_image_src_square":"https:\/\/www.basquemtb.com\/wp-content\/uploads\/basquemtb-mountain-bike-tour-on-the-coast-near-bilbao-1.jpg","author_info":{"display_name":"admin","author_link":"https:\/\/www.basquemtb.com\/es\/author\/admin\/"},"_links":{"self":[{"href":"https:\/\/www.basquemtb.com\/es\/wp-json\/wp\/v2\/posts\/4446","targetHints":{"allow":["GET"]}}],"collection":[{"href":"https:\/\/www.basquemtb.com\/es\/wp-json\/wp\/v2\/posts"}],"about":[{"href":"https:\/\/www.basquemtb.com\/es\/wp-json\/wp\/v2\/types\/post"}],"author":[{"embeddable":true,"href":"https:\/\/www.basquemtb.com\/es\/wp-json\/wp\/v2\/users\/1"}],"replies":[{"embeddable":true,"href":"https:\/\/www.basquemtb.com\/es\/wp-json\/wp\/v2\/comments?post=4446"}],"version-history":[{"count":0,"href":"https:\/\/www.basquemtb.com\/es\/wp-json\/wp\/v2\/posts\/4446\/revisions"}],"wp:featuredmedia":[{"embeddable":true,"href":"https:\/\/www.basquemtb.com\/es\/wp-json\/wp\/v2\/media\/4457"}],"wp:attachment":[{"href":"https:\/\/www.basquemtb.com\/es\/wp-json\/wp\/v2\/media?parent=4446"}],"wp:term":[{"taxonomy":"category","embeddable":true,"href":"https:\/\/www.basquemtb.com\/es\/wp-json\/wp\/v2\/categories?post=4446"},{"taxonomy":"post_tag","embeddable":true,"href":"https:\/\/www.basquemtb.com\/es\/wp-json\/wp\/v2\/tags?post=4446"}],"curies":[{"name":"wp","href":"https:\/\/api.w.org\/{rel}","templated":true}]}}