{"id":45341,"date":"2007-01-06T11:07:58","date_gmt":"2007-01-06T11:07:58","guid":{"rendered":"https:\/\/www.basquemtb.com\/?p=45341"},"modified":"2025-01-06T11:08:36","modified_gmt":"2025-01-06T11:08:36","slug":"pyrenees-odyssey-welcome-pack","status":"publish","type":"post","link":"https:\/\/www.basquemtb.com\/es\/paquete-de-bienvenida-odisea-pirenaica\/","title":{"rendered":"Pack de bienvenida a la Odisea de los Pirineos"},"content":{"rendered":"<div class=\"wp-block-rank-math-toc-block text-fullscreen-list\" id=\"rank-math-toc\"><h2>Tabla de Contenidos<\/h2><nav><ul><li><a href=\"#general-information\">Informaci\u00f3n general<\/a><\/li><li><a href=\"#payment-terms-and-conditions\">T\u00e9rminos y Condiciones de Pago<\/a><\/li><li><a href=\"#insurance-and-emergency-details\">Detalles de seguro y emergencia.<\/a><\/li><li><a href=\"#travel-and-transfer-information\">Informaci\u00f3n de viaje y traslado.<\/a><\/li><li><a href=\"#travel-check-in-check-out-driving-directions\">Viaje \/ Registrarse Salir \/ Indicaciones para llegar en coche<\/a><\/li><li><a href=\"#accommodation-facilities\">Instalaciones de alojamiento<\/a><\/li><li><a href=\"#the-riding-number-of-uplifts\">La equitaci\u00f3n \/ N\u00famero de subidas<\/a><\/li><li><a href=\"#rental-bikes\">Bicicletas de alquiler<\/a><\/li><li><a href=\"#equipment-needed-and-recommended\">Equipo necesario y recomendado<\/a><\/li><li><a href=\"#backcountry-pyrenees-related-pages\">ODISEA DE LOS PIRINEOS | P\u00c1GINAS RELACIONADAS<\/a><\/li><li><a href=\"#or-check-our-latest-stories\">O consulte nuestras \u00faltimas historias<\/a><\/li><\/ul><\/nav><\/div>\n\n\n\n<h2 class=\"wp-block-heading h2_post\" id=\"general-information\">Informaci\u00f3n general<\/h2>\n\n\n\n<ol class=\"wp-block-list\">\n<li class=\"text-fullscreen-list\">Aqu\u00ed tienes toda la informaci\u00f3n que necesitas sobre tus vacaciones de ciclismo de monta\u00f1a Pyrenees Odyssey.<\/li>\n\n\n\n<li class=\"text-fullscreen-list\"><a href=\"https:\/\/www.basquemtb.com\/es\/que-incluye\/ponerse-en-contacto\/\">Haz clic aqu\u00ed para obtener informaci\u00f3n de contacto. <\/a><\/li>\n\n\n\n<li class=\"text-fullscreen-list\">\u00a1Mant\u00e9n alta la motivaci\u00f3n para tu aventura! S\u00edguenos en Instagram. <\/li>\n<\/ol>\n\n\n\n<div style=\"background-color:#f0f0f0\" class=\"wp-block-genesis-blocks-gb-container gb-block-container\"><div class=\"gb-container-inside\"><div class=\"gb-container-content\">\n<div id=\"sb_instagram\"  class=\"sbi sbi_mob_col_3 sbi_tab_col_3 sbi_col_6 sbi_width_resp\" style=\"padding-bottom: 10px;\"\t data-feedid=\"*1\"  data-res=\"auto\" data-cols=\"6\" data-colsmobile=\"3\" data-colstablet=\"3\" data-num=\"12\" data-nummobile=\"6\" data-item-padding=\"5\"\t data-shortcode-atts=\"{}\"  data-postid=\"45341\" data-locatornonce=\"46e18f992b\" data-imageaspectratio=\"1:1\" data-sbi-flags=\"favorLocal\">\n\t<div class=\"sb_instagram_header  sbi_medium\"   >\n\t<a class=\"sbi_header_link\" target=\"_blank\" rel=\"nofollow noopener\" href=\"https:\/\/www.instagram.com\/basquemtb\/\" title=\"@basquemtb\">\n\t\t<div class=\"sbi_header_text\">\n\t\t\t<div class=\"sbi_header_img\"  data-avatar-url=\"https:\/\/scontent-lhr6-2.xx.fbcdn.net\/v\/t51.2885-15\/491439912_1495859091405774_853816002454634846_n.jpg?_nc_cat=100&amp;ccb=1-7&amp;_nc_sid=7d201b&amp;_nc_ohc=oBGBFZoxaMcQ7kNvwEteNsI&amp;_nc_oc=Adrf8xCOEQDrcPcWBBQ4HFxPDygKrtvxU__DgNSpsv0Y3x-pdmyIHrNXab5zT6CCV8M&amp;_nc_zt=23&amp;_nc_ht=scontent-lhr6-2.xx&amp;edm=AL-3X8kEAAAA&amp;oh=00_Af2ObnAlKWvl9c-KN62EEQbfnrqX7UVy6a2QDHY_DzQ9ag&amp;oe=69F31D0D\">\n\t\t\t\t\t\t\t\t\t<div class=\"sbi_header_img_hover\"  ><svg class=\"sbi_new_logo fa-instagram fa-w-14\" aria-hidden=\"true\" data-fa-processed=\"\" aria-label=\"Instagram\" data-prefix=\"fab\" data-icon=\"instagram\" role=\"img\" viewbox=\"0 0 448 512\">\n                    <path fill=\"currentColor\" d=\"M224.1 141c-63.6 0-114.9 51.3-114.9 114.9s51.3 114.9 114.9 114.9S339 319.5 339 255.9 287.7 141 224.1 141zm0 189.6c-41.1 0-74.7-33.5-74.7-74.7s33.5-74.7 74.7-74.7 74.7 33.5 74.7 74.7-33.6 74.7-74.7 74.7zm146.4-194.3c0 14.9-12 26.8-26.8 26.8-14.9 0-26.8-12-26.8-26.8s12-26.8 26.8-26.8 26.8 12 26.8 26.8zm76.1 27.2c-1.7-35.9-9.9-67.7-36.2-93.9-26.2-26.2-58-34.4-93.9-36.2-37-2.1-147.9-2.1-184.9 0-35.8 1.7-67.6 9.9-93.9 36.1s-34.4 58-36.2 93.9c-2.1 37-2.1 147.9 0 184.9 1.7 35.9 9.9 67.7 36.2 93.9s58 34.4 93.9 36.2c37 2.1 147.9 2.1 184.9 0 35.9-1.7 67.7-9.9 93.9-36.2 26.2-26.2 34.4-58 36.2-93.9 2.1-37 2.1-147.8 0-184.8zM398.8 388c-7.8 19.6-22.9 34.7-42.6 42.6-29.5 11.7-99.5 9-132.1 9s-102.7 2.6-132.1-9c-19.6-7.8-34.7-22.9-42.6-42.6-11.7-29.5-9-99.5-9-132.1s-2.6-102.7 9-132.1c7.8-19.6 22.9-34.7 42.6-42.6 29.5-11.7 99.5-9 132.1-9s102.7-2.6 132.1 9c19.6 7.8 34.7 22.9 42.6 42.6 11.7 29.5 9 99.5 9 132.1s2.7 102.7-9 132.1z\"><\/path>\n                <\/svg><\/div>\n\t\t\t\t\t<img decoding=\"async\"  src=\"https:\/\/www.basquemtb.com\/wp-content\/uploads\/sb-instagram-feed-images\/basquemtb.webp\" alt=\"\" width=\"50\" height=\"50\">\n\t\t\t\t\n\t\t\t\t\t\t\t<\/div>\n\n\t\t\t<div class=\"sbi_feedtheme_header_text\">\n\t\t\t\t<h3>basquemtb<\/h3>\n\t\t\t\t\t\t\t\t\t<p class=\"sbi_bio\">Vacaciones guiadas en bicicleta de monta\u00f1a por los Pirineos y el Pa\u00eds Vasco. #basquemtb<\/p>\n\t\t\t\t\t\t\t<\/div>\n\t\t<\/div>\n\t<\/a>\n<\/div>\n\n\t<div id=\"sbi_images\"  style=\"gap: 10px;\">\n\t\t<div class=\"sbi_item sbi_type_video sbi_new sbi_transition\"\n\tid=\"sbi_17865833367511685\" data-date=\"1773498359\">\n\t<div class=\"sbi_photo_wrap\">\n\t\t<a class=\"sbi_photo\" href=\"https:\/\/www.instagram.com\/reel\/DV3jwUnCJRM\/\" target=\"_blank\" rel=\"noopener nofollow\" data-full-res=\"https:\/\/scontent-lhr6-1.cdninstagram.com\/v\/t51.82787-15\/650739222_18570858232035359_6089363738622335754_n.jpg?stp=dst-jpg_e35_tt6&#038;_nc_cat=110&#038;ccb=7-5&#038;_nc_sid=18de74&#038;efg=eyJlZmdfdGFnIjoiQ0xJUFMuYmVzdF9pbWFnZV91cmxnZW4uQzMifQ%3D%3D&#038;_nc_ohc=irDRyS_70ZgQ7kNvwEVlmG-&#038;_nc_oc=Adp5iIe85H0eidEBJd3IEwc_g9O_sUJ7u-WTNOFzY_SbNnsuGO3ATx4WF-oClh-jwgw&#038;_nc_zt=23&#038;_nc_ht=scontent-lhr6-1.cdninstagram.com&#038;edm=AM6HXa8EAAAA&#038;_nc_gid=NnFd7aX4hPjc8Ofix9WnEw&#038;_nc_tpa=Q5bMBQFrr2z_fZUNs4kTkIxyLzCf3jvbClXZBofnflfv_I7AJuJ063h53hvZ3WdzxSfWJpSlzSozjTcz&#038;oh=00_Af1stDc0yr9f8G9KBpaQUTIWA2iBlrxMuHtwHbQLZvLjgA&#038;oe=69F323E7\" data-img-src-set=\"{&quot;d&quot;:&quot;https:\\\/\\\/scontent-lhr6-1.cdninstagram.com\\\/v\\\/t51.82787-15\\\/650739222_18570858232035359_6089363738622335754_n.jpg?stp=dst-jpg_e35_tt6&amp;_nc_cat=110&amp;ccb=7-5&amp;_nc_sid=18de74&amp;efg=eyJlZmdfdGFnIjoiQ0xJUFMuYmVzdF9pbWFnZV91cmxnZW4uQzMifQ%3D%3D&amp;_nc_ohc=irDRyS_70ZgQ7kNvwEVlmG-&amp;_nc_oc=Adp5iIe85H0eidEBJd3IEwc_g9O_sUJ7u-WTNOFzY_SbNnsuGO3ATx4WF-oClh-jwgw&amp;_nc_zt=23&amp;_nc_ht=scontent-lhr6-1.cdninstagram.com&amp;edm=AM6HXa8EAAAA&amp;_nc_gid=NnFd7aX4hPjc8Ofix9WnEw&amp;_nc_tpa=Q5bMBQFrr2z_fZUNs4kTkIxyLzCf3jvbClXZBofnflfv_I7AJuJ063h53hvZ3WdzxSfWJpSlzSozjTcz&amp;oh=00_Af1stDc0yr9f8G9KBpaQUTIWA2iBlrxMuHtwHbQLZvLjgA&amp;oe=69F323E7&quot;,&quot;150&quot;:&quot;https:\\\/\\\/scontent-lhr6-1.cdninstagram.com\\\/v\\\/t51.82787-15\\\/650739222_18570858232035359_6089363738622335754_n.jpg?stp=dst-jpg_e35_tt6&amp;_nc_cat=110&amp;ccb=7-5&amp;_nc_sid=18de74&amp;efg=eyJlZmdfdGFnIjoiQ0xJUFMuYmVzdF9pbWFnZV91cmxnZW4uQzMifQ%3D%3D&amp;_nc_ohc=irDRyS_70ZgQ7kNvwEVlmG-&amp;_nc_oc=Adp5iIe85H0eidEBJd3IEwc_g9O_sUJ7u-WTNOFzY_SbNnsuGO3ATx4WF-oClh-jwgw&amp;_nc_zt=23&amp;_nc_ht=scontent-lhr6-1.cdninstagram.com&amp;edm=AM6HXa8EAAAA&amp;_nc_gid=NnFd7aX4hPjc8Ofix9WnEw&amp;_nc_tpa=Q5bMBQFrr2z_fZUNs4kTkIxyLzCf3jvbClXZBofnflfv_I7AJuJ063h53hvZ3WdzxSfWJpSlzSozjTcz&amp;oh=00_Af1stDc0yr9f8G9KBpaQUTIWA2iBlrxMuHtwHbQLZvLjgA&amp;oe=69F323E7&quot;,&quot;320&quot;:&quot;https:\\\/\\\/scontent-lhr6-1.cdninstagram.com\\\/v\\\/t51.82787-15\\\/650739222_18570858232035359_6089363738622335754_n.jpg?stp=dst-jpg_e35_tt6&amp;_nc_cat=110&amp;ccb=7-5&amp;_nc_sid=18de74&amp;efg=eyJlZmdfdGFnIjoiQ0xJUFMuYmVzdF9pbWFnZV91cmxnZW4uQzMifQ%3D%3D&amp;_nc_ohc=irDRyS_70ZgQ7kNvwEVlmG-&amp;_nc_oc=Adp5iIe85H0eidEBJd3IEwc_g9O_sUJ7u-WTNOFzY_SbNnsuGO3ATx4WF-oClh-jwgw&amp;_nc_zt=23&amp;_nc_ht=scontent-lhr6-1.cdninstagram.com&amp;edm=AM6HXa8EAAAA&amp;_nc_gid=NnFd7aX4hPjc8Ofix9WnEw&amp;_nc_tpa=Q5bMBQFrr2z_fZUNs4kTkIxyLzCf3jvbClXZBofnflfv_I7AJuJ063h53hvZ3WdzxSfWJpSlzSozjTcz&amp;oh=00_Af1stDc0yr9f8G9KBpaQUTIWA2iBlrxMuHtwHbQLZvLjgA&amp;oe=69F323E7&quot;,&quot;640&quot;:&quot;https:\\\/\\\/scontent-lhr6-1.cdninstagram.com\\\/v\\\/t51.82787-15\\\/650739222_18570858232035359_6089363738622335754_n.jpg?stp=dst-jpg_e35_tt6&amp;_nc_cat=110&amp;ccb=7-5&amp;_nc_sid=18de74&amp;efg=eyJlZmdfdGFnIjoiQ0xJUFMuYmVzdF9pbWFnZV91cmxnZW4uQzMifQ%3D%3D&amp;_nc_ohc=irDRyS_70ZgQ7kNvwEVlmG-&amp;_nc_oc=Adp5iIe85H0eidEBJd3IEwc_g9O_sUJ7u-WTNOFzY_SbNnsuGO3ATx4WF-oClh-jwgw&amp;_nc_zt=23&amp;_nc_ht=scontent-lhr6-1.cdninstagram.com&amp;edm=AM6HXa8EAAAA&amp;_nc_gid=NnFd7aX4hPjc8Ofix9WnEw&amp;_nc_tpa=Q5bMBQFrr2z_fZUNs4kTkIxyLzCf3jvbClXZBofnflfv_I7AJuJ063h53hvZ3WdzxSfWJpSlzSozjTcz&amp;oh=00_Af1stDc0yr9f8G9KBpaQUTIWA2iBlrxMuHtwHbQLZvLjgA&amp;oe=69F323E7&quot;}\">\n\t\t\t<span class=\"sbi-screenreader\">Atardeceres soleados en la Costa Vasca. #basquemtb #o<\/span>\n\t\t\t\t\t\t<svg style=\"color: rgba(255,255,255,1)\" class=\"svg-inline--fa fa-play fa-w-14 sbi_playbtn\" aria-label=\"Jugar\" aria-hidden=\"true\" data-fa-processed=\"\" data-prefix=\"fa\" data-icon=\"play\" role=\"presentation\" xmlns=\"http:\/\/www.w3.org\/2000\/svg\" viewbox=\"0 0 448 512\"><path fill=\"currentColor\" d=\"M424.4 214.7L72.4 6.6C43.8-10.3 0 6.1 0 47.9V464c0 37.5 40.7 60.1 72.4 41.3l352-208c31.4-18.5 31.5-64.1 0-82.6z\"><\/path><\/svg>\t\t\t<img decoding=\"async\" src=\"https:\/\/www.basquemtb.com\/wp-content\/plugins\/instagram-feed\/img\/placeholder.png\" alt=\"Atardeceres soleados en la Costa Vasca. #basquemtb #orbeawild @trailtales_\" aria-hidden=\"true\">\n\t\t<\/a>\n\t<\/div>\n<\/div><div class=\"sbi_item sbi_type_carousel sbi_new sbi_transition\"\n\tid=\"sbi_17997236648745768\" data-date=\"1773145385\">\n\t<div class=\"sbi_photo_wrap\">\n\t\t<a class=\"sbi_photo\" href=\"https:\/\/www.instagram.com\/p\/DVtCqg4iHxD\/\" target=\"_blank\" rel=\"noopener nofollow\" data-full-res=\"https:\/\/scontent-lhr8-2.cdninstagram.com\/v\/t51.82787-15\/648754694_18569904361035359_2912048204220191621_n.jpg?stp=dst-jpg_e35_tt6&#038;_nc_cat=101&#038;ccb=7-5&#038;_nc_sid=18de74&#038;efg=eyJlZmdfdGFnIjoiQ0FST1VTRUxfSVRFTS5iZXN0X2ltYWdlX3VybGdlbi5DMyJ9&#038;_nc_ohc=W_DAiukZQgEQ7kNvwHlTeEq&#038;_nc_oc=Adoogcn023gtMHZZKDPTvQ8ySdTpkTdPyVWIdXBYDPzuXiEOCvV7EakMxPT9nsMhFLA&#038;_nc_zt=23&#038;_nc_ht=scontent-lhr8-2.cdninstagram.com&#038;edm=AM6HXa8EAAAA&#038;_nc_gid=NnFd7aX4hPjc8Ofix9WnEw&#038;oh=00_Af1WQ_nI5ZjO2LTXi7ap_tVvxQwLQl6uZLcBJzYYwPnAvA&#038;oe=69F332A3\" data-img-src-set=\"{&quot;d&quot;:&quot;https:\\\/\\\/scontent-lhr8-2.cdninstagram.com\\\/v\\\/t51.82787-15\\\/648754694_18569904361035359_2912048204220191621_n.jpg?stp=dst-jpg_e35_tt6&amp;_nc_cat=101&amp;ccb=7-5&amp;_nc_sid=18de74&amp;efg=eyJlZmdfdGFnIjoiQ0FST1VTRUxfSVRFTS5iZXN0X2ltYWdlX3VybGdlbi5DMyJ9&amp;_nc_ohc=W_DAiukZQgEQ7kNvwHlTeEq&amp;_nc_oc=Adoogcn023gtMHZZKDPTvQ8ySdTpkTdPyVWIdXBYDPzuXiEOCvV7EakMxPT9nsMhFLA&amp;_nc_zt=23&amp;_nc_ht=scontent-lhr8-2.cdninstagram.com&amp;edm=AM6HXa8EAAAA&amp;_nc_gid=NnFd7aX4hPjc8Ofix9WnEw&amp;oh=00_Af1WQ_nI5ZjO2LTXi7ap_tVvxQwLQl6uZLcBJzYYwPnAvA&amp;oe=69F332A3&quot;,&quot;150&quot;:&quot;https:\\\/\\\/scontent-lhr8-2.cdninstagram.com\\\/v\\\/t51.82787-15\\\/648754694_18569904361035359_2912048204220191621_n.jpg?stp=dst-jpg_e35_tt6&amp;_nc_cat=101&amp;ccb=7-5&amp;_nc_sid=18de74&amp;efg=eyJlZmdfdGFnIjoiQ0FST1VTRUxfSVRFTS5iZXN0X2ltYWdlX3VybGdlbi5DMyJ9&amp;_nc_ohc=W_DAiukZQgEQ7kNvwHlTeEq&amp;_nc_oc=Adoogcn023gtMHZZKDPTvQ8ySdTpkTdPyVWIdXBYDPzuXiEOCvV7EakMxPT9nsMhFLA&amp;_nc_zt=23&amp;_nc_ht=scontent-lhr8-2.cdninstagram.com&amp;edm=AM6HXa8EAAAA&amp;_nc_gid=NnFd7aX4hPjc8Ofix9WnEw&amp;oh=00_Af1WQ_nI5ZjO2LTXi7ap_tVvxQwLQl6uZLcBJzYYwPnAvA&amp;oe=69F332A3&quot;,&quot;320&quot;:&quot;https:\\\/\\\/scontent-lhr8-2.cdninstagram.com\\\/v\\\/t51.82787-15\\\/648754694_18569904361035359_2912048204220191621_n.jpg?stp=dst-jpg_e35_tt6&amp;_nc_cat=101&amp;ccb=7-5&amp;_nc_sid=18de74&amp;efg=eyJlZmdfdGFnIjoiQ0FST1VTRUxfSVRFTS5iZXN0X2ltYWdlX3VybGdlbi5DMyJ9&amp;_nc_ohc=W_DAiukZQgEQ7kNvwHlTeEq&amp;_nc_oc=Adoogcn023gtMHZZKDPTvQ8ySdTpkTdPyVWIdXBYDPzuXiEOCvV7EakMxPT9nsMhFLA&amp;_nc_zt=23&amp;_nc_ht=scontent-lhr8-2.cdninstagram.com&amp;edm=AM6HXa8EAAAA&amp;_nc_gid=NnFd7aX4hPjc8Ofix9WnEw&amp;oh=00_Af1WQ_nI5ZjO2LTXi7ap_tVvxQwLQl6uZLcBJzYYwPnAvA&amp;oe=69F332A3&quot;,&quot;640&quot;:&quot;https:\\\/\\\/scontent-lhr8-2.cdninstagram.com\\\/v\\\/t51.82787-15\\\/648754694_18569904361035359_2912048204220191621_n.jpg?stp=dst-jpg_e35_tt6&amp;_nc_cat=101&amp;ccb=7-5&amp;_nc_sid=18de74&amp;efg=eyJlZmdfdGFnIjoiQ0FST1VTRUxfSVRFTS5iZXN0X2ltYWdlX3VybGdlbi5DMyJ9&amp;_nc_ohc=W_DAiukZQgEQ7kNvwHlTeEq&amp;_nc_oc=Adoogcn023gtMHZZKDPTvQ8ySdTpkTdPyVWIdXBYDPzuXiEOCvV7EakMxPT9nsMhFLA&amp;_nc_zt=23&amp;_nc_ht=scontent-lhr8-2.cdninstagram.com&amp;edm=AM6HXa8EAAAA&amp;_nc_gid=NnFd7aX4hPjc8Ofix9WnEw&amp;oh=00_Af1WQ_nI5ZjO2LTXi7ap_tVvxQwLQl6uZLcBJzYYwPnAvA&amp;oe=69F332A3&quot;}\">\n\t\t\t<span class=\"sbi-screenreader\">Tarjetas postales de la costa vasca. \u00bfQu\u00e9 te parece?<\/span>\n\t\t\t<svg class=\"svg-inline--fa fa-clone fa-w-16 sbi_lightbox_carousel_icon\" aria-hidden=\"true\" aria-label=\"Clon\" data-fa-pro\u0192cessed=\"\" data-prefix=\"far\" data-icon=\"clone\" role=\"img\" xmlns=\"http:\/\/www.w3.org\/2000\/svg\" viewbox=\"0 0 512 512\">\n                    <path fill=\"currentColor\" d=\"M464 0H144c-26.51 0-48 21.49-48 48v48H48c-26.51 0-48 21.49-48 48v320c0 26.51 21.49 48 48 48h320c26.51 0 48-21.49 48-48v-48h48c26.51 0 48-21.49 48-48V48c0-26.51-21.49-48-48-48zM362 464H54a6 6 0 0 1-6-6V150a6 6 0 0 1 6-6h42v224c0 26.51 21.49 48 48 48h224v42a6 6 0 0 1-6 6zm96-96H150a6 6 0 0 1-6-6V54a6 6 0 0 1 6-6h308a6 6 0 0 1 6 6v308a6 6 0 0 1-6 6z\"><\/path>\n                <\/svg>\t\t\t\t\t\t<img decoding=\"async\" src=\"https:\/\/www.basquemtb.com\/wp-content\/plugins\/instagram-feed\/img\/placeholder.png\" alt=\"Postales de la Costa Vasca. \u00bfQu\u00e9 te parece? Nuestros viajes a la Costa Vasca comienzan en junio. Hemos estado trabajando duro, con muchos senderos nuevos. Desde r\u00e1pidos y fluidos hasta empinados y salvajes... la Costa Vasca lo tiene todo. #basquemtb #basquecoast\" aria-hidden=\"true\">\n\t\t<\/a>\n\t<\/div>\n<\/div><div class=\"sbi_item sbi_type_carousel sbi_new sbi_transition\"\n\tid=\"sbi_17998836359899274\" data-date=\"1770217447\">\n\t<div class=\"sbi_photo_wrap\">\n\t\t<a class=\"sbi_photo\" href=\"https:\/\/www.instagram.com\/p\/DUVyBUvj69l\/\" target=\"_blank\" rel=\"noopener nofollow\" data-full-res=\"https:\/\/scontent-lhr6-1.cdninstagram.com\/v\/t51.82787-15\/626511320_18557155882035359_4483437767632324946_n.jpg?stp=dst-jpg_e35_tt6&#038;_nc_cat=102&#038;ccb=7-5&#038;_nc_sid=18de74&#038;efg=eyJlZmdfdGFnIjoiQ0FST1VTRUxfSVRFTS5iZXN0X2ltYWdlX3VybGdlbi5DMyJ9&#038;_nc_ohc=o3CCRD-LEX0Q7kNvwHxCwdc&#038;_nc_oc=Ado53ET41Hyn4UTysUaeM8BQu7xg6NQga1SnzQPzEBbRlfluMlnwiI5msTLndsysYyY&#038;_nc_zt=23&#038;_nc_ht=scontent-lhr6-1.cdninstagram.com&#038;edm=AM6HXa8EAAAA&#038;_nc_gid=NnFd7aX4hPjc8Ofix9WnEw&#038;oh=00_Af318sE8M2LHKvjDDd7uPVNso2zOnNfc5zWHv0780jfKeQ&#038;oe=69F3417F\" data-img-src-set=\"{&quot;d&quot;:&quot;https:\\\/\\\/scontent-lhr6-1.cdninstagram.com\\\/v\\\/t51.82787-15\\\/626511320_18557155882035359_4483437767632324946_n.jpg?stp=dst-jpg_e35_tt6&amp;_nc_cat=102&amp;ccb=7-5&amp;_nc_sid=18de74&amp;efg=eyJlZmdfdGFnIjoiQ0FST1VTRUxfSVRFTS5iZXN0X2ltYWdlX3VybGdlbi5DMyJ9&amp;_nc_ohc=o3CCRD-LEX0Q7kNvwHxCwdc&amp;_nc_oc=Ado53ET41Hyn4UTysUaeM8BQu7xg6NQga1SnzQPzEBbRlfluMlnwiI5msTLndsysYyY&amp;_nc_zt=23&amp;_nc_ht=scontent-lhr6-1.cdninstagram.com&amp;edm=AM6HXa8EAAAA&amp;_nc_gid=NnFd7aX4hPjc8Ofix9WnEw&amp;oh=00_Af318sE8M2LHKvjDDd7uPVNso2zOnNfc5zWHv0780jfKeQ&amp;oe=69F3417F&quot;,&quot;150&quot;:&quot;https:\\\/\\\/scontent-lhr6-1.cdninstagram.com\\\/v\\\/t51.82787-15\\\/626511320_18557155882035359_4483437767632324946_n.jpg?stp=dst-jpg_e35_tt6&amp;_nc_cat=102&amp;ccb=7-5&amp;_nc_sid=18de74&amp;efg=eyJlZmdfdGFnIjoiQ0FST1VTRUxfSVRFTS5iZXN0X2ltYWdlX3VybGdlbi5DMyJ9&amp;_nc_ohc=o3CCRD-LEX0Q7kNvwHxCwdc&amp;_nc_oc=Ado53ET41Hyn4UTysUaeM8BQu7xg6NQga1SnzQPzEBbRlfluMlnwiI5msTLndsysYyY&amp;_nc_zt=23&amp;_nc_ht=scontent-lhr6-1.cdninstagram.com&amp;edm=AM6HXa8EAAAA&amp;_nc_gid=NnFd7aX4hPjc8Ofix9WnEw&amp;oh=00_Af318sE8M2LHKvjDDd7uPVNso2zOnNfc5zWHv0780jfKeQ&amp;oe=69F3417F&quot;,&quot;320&quot;:&quot;https:\\\/\\\/scontent-lhr6-1.cdninstagram.com\\\/v\\\/t51.82787-15\\\/626511320_18557155882035359_4483437767632324946_n.jpg?stp=dst-jpg_e35_tt6&amp;_nc_cat=102&amp;ccb=7-5&amp;_nc_sid=18de74&amp;efg=eyJlZmdfdGFnIjoiQ0FST1VTRUxfSVRFTS5iZXN0X2ltYWdlX3VybGdlbi5DMyJ9&amp;_nc_ohc=o3CCRD-LEX0Q7kNvwHxCwdc&amp;_nc_oc=Ado53ET41Hyn4UTysUaeM8BQu7xg6NQga1SnzQPzEBbRlfluMlnwiI5msTLndsysYyY&amp;_nc_zt=23&amp;_nc_ht=scontent-lhr6-1.cdninstagram.com&amp;edm=AM6HXa8EAAAA&amp;_nc_gid=NnFd7aX4hPjc8Ofix9WnEw&amp;oh=00_Af318sE8M2LHKvjDDd7uPVNso2zOnNfc5zWHv0780jfKeQ&amp;oe=69F3417F&quot;,&quot;640&quot;:&quot;https:\\\/\\\/scontent-lhr6-1.cdninstagram.com\\\/v\\\/t51.82787-15\\\/626511320_18557155882035359_4483437767632324946_n.jpg?stp=dst-jpg_e35_tt6&amp;_nc_cat=102&amp;ccb=7-5&amp;_nc_sid=18de74&amp;efg=eyJlZmdfdGFnIjoiQ0FST1VTRUxfSVRFTS5iZXN0X2ltYWdlX3VybGdlbi5DMyJ9&amp;_nc_ohc=o3CCRD-LEX0Q7kNvwHxCwdc&amp;_nc_oc=Ado53ET41Hyn4UTysUaeM8BQu7xg6NQga1SnzQPzEBbRlfluMlnwiI5msTLndsysYyY&amp;_nc_zt=23&amp;_nc_ht=scontent-lhr6-1.cdninstagram.com&amp;edm=AM6HXa8EAAAA&amp;_nc_gid=NnFd7aX4hPjc8Ofix9WnEw&amp;oh=00_Af318sE8M2LHKvjDDd7uPVNso2zOnNfc5zWHv0780jfKeQ&amp;oe=69F3417F&quot;}\">\n\t\t\t<span class=\"sbi-screenreader\">Senderos remotos.\nGrandes horizontes.\nDescensos rocosos <\/span>\n\t\t\t<svg class=\"svg-inline--fa fa-clone fa-w-16 sbi_lightbox_carousel_icon\" aria-hidden=\"true\" aria-label=\"Clon\" data-fa-pro\u0192cessed=\"\" data-prefix=\"far\" data-icon=\"clone\" role=\"img\" xmlns=\"http:\/\/www.w3.org\/2000\/svg\" viewbox=\"0 0 512 512\">\n                    <path fill=\"currentColor\" d=\"M464 0H144c-26.51 0-48 21.49-48 48v48H48c-26.51 0-48 21.49-48 48v320c0 26.51 21.49 48 48 48h320c26.51 0 48-21.49 48-48v-48h48c26.51 0 48-21.49 48-48V48c0-26.51-21.49-48-48-48zM362 464H54a6 6 0 0 1-6-6V150a6 6 0 0 1 6-6h42v224c0 26.51 21.49 48 48 48h224v42a6 6 0 0 1-6 6zm96-96H150a6 6 0 0 1-6-6V54a6 6 0 0 1 6-6h308a6 6 0 0 1 6 6v308a6 6 0 0 1-6 6z\"><\/path>\n                <\/svg>\t\t\t\t\t\t<img decoding=\"async\" src=\"https:\/\/www.basquemtb.com\/wp-content\/plugins\/instagram-feed\/img\/placeholder.png\" alt=\"Senderos remotos. Grandes horizontes. Descenso rocoso que parece interminable. Peque\u00f1os pueblos con los Pirineos nevados al fondo. Experiencias locales y d\u00edas largos que se quedan contigo. Esto es Backcountry Pyrenees y estamos seguros de decir que no hay mejor lugar para montar en primavera.#basquemtb#BackcountryPyrenees\" aria-hidden=\"true\">\n\t\t<\/a>\n\t<\/div>\n<\/div><div class=\"sbi_item sbi_type_carousel sbi_new sbi_transition\"\n\tid=\"sbi_17887405713425001\" data-date=\"1769612640\">\n\t<div class=\"sbi_photo_wrap\">\n\t\t<a class=\"sbi_photo\" href=\"https:\/\/www.instagram.com\/p\/DUDwco1jZea\/\" target=\"_blank\" rel=\"noopener nofollow\" data-full-res=\"https:\/\/scontent-lhr6-2.cdninstagram.com\/v\/t51.82787-15\/622760488_18554995447035359_6679832829194928835_n.jpg?stp=dst-jpg_e35_tt6&#038;_nc_cat=100&#038;ccb=7-5&#038;_nc_sid=18de74&#038;efg=eyJlZmdfdGFnIjoiQ0FST1VTRUxfSVRFTS5iZXN0X2ltYWdlX3VybGdlbi5DMyJ9&#038;_nc_ohc=b2AcLcri-AIQ7kNvwHj98eD&#038;_nc_oc=AdrWC_TKuUye5cvDqT2Dh2pQS2h-2SxpUAsu0tHscIpopkzkSkT60ei046sBN55y_dA&#038;_nc_zt=23&#038;_nc_ht=scontent-lhr6-2.cdninstagram.com&#038;edm=AM6HXa8EAAAA&#038;_nc_gid=NnFd7aX4hPjc8Ofix9WnEw&#038;oh=00_Af2gvgx5NfPJCWwIeEo6md0DvI0ArYES6isdQxqMoomfdQ&#038;oe=69F33B1E\" data-img-src-set=\"{&quot;d&quot;:&quot;https:\\\/\\\/scontent-lhr6-2.cdninstagram.com\\\/v\\\/t51.82787-15\\\/622760488_18554995447035359_6679832829194928835_n.jpg?stp=dst-jpg_e35_tt6&amp;_nc_cat=100&amp;ccb=7-5&amp;_nc_sid=18de74&amp;efg=eyJlZmdfdGFnIjoiQ0FST1VTRUxfSVRFTS5iZXN0X2ltYWdlX3VybGdlbi5DMyJ9&amp;_nc_ohc=b2AcLcri-AIQ7kNvwHj98eD&amp;_nc_oc=AdrWC_TKuUye5cvDqT2Dh2pQS2h-2SxpUAsu0tHscIpopkzkSkT60ei046sBN55y_dA&amp;_nc_zt=23&amp;_nc_ht=scontent-lhr6-2.cdninstagram.com&amp;edm=AM6HXa8EAAAA&amp;_nc_gid=NnFd7aX4hPjc8Ofix9WnEw&amp;oh=00_Af2gvgx5NfPJCWwIeEo6md0DvI0ArYES6isdQxqMoomfdQ&amp;oe=69F33B1E&quot;,&quot;150&quot;:&quot;https:\\\/\\\/scontent-lhr6-2.cdninstagram.com\\\/v\\\/t51.82787-15\\\/622760488_18554995447035359_6679832829194928835_n.jpg?stp=dst-jpg_e35_tt6&amp;_nc_cat=100&amp;ccb=7-5&amp;_nc_sid=18de74&amp;efg=eyJlZmdfdGFnIjoiQ0FST1VTRUxfSVRFTS5iZXN0X2ltYWdlX3VybGdlbi5DMyJ9&amp;_nc_ohc=b2AcLcri-AIQ7kNvwHj98eD&amp;_nc_oc=AdrWC_TKuUye5cvDqT2Dh2pQS2h-2SxpUAsu0tHscIpopkzkSkT60ei046sBN55y_dA&amp;_nc_zt=23&amp;_nc_ht=scontent-lhr6-2.cdninstagram.com&amp;edm=AM6HXa8EAAAA&amp;_nc_gid=NnFd7aX4hPjc8Ofix9WnEw&amp;oh=00_Af2gvgx5NfPJCWwIeEo6md0DvI0ArYES6isdQxqMoomfdQ&amp;oe=69F33B1E&quot;,&quot;320&quot;:&quot;https:\\\/\\\/scontent-lhr6-2.cdninstagram.com\\\/v\\\/t51.82787-15\\\/622760488_18554995447035359_6679832829194928835_n.jpg?stp=dst-jpg_e35_tt6&amp;_nc_cat=100&amp;ccb=7-5&amp;_nc_sid=18de74&amp;efg=eyJlZmdfdGFnIjoiQ0FST1VTRUxfSVRFTS5iZXN0X2ltYWdlX3VybGdlbi5DMyJ9&amp;_nc_ohc=b2AcLcri-AIQ7kNvwHj98eD&amp;_nc_oc=AdrWC_TKuUye5cvDqT2Dh2pQS2h-2SxpUAsu0tHscIpopkzkSkT60ei046sBN55y_dA&amp;_nc_zt=23&amp;_nc_ht=scontent-lhr6-2.cdninstagram.com&amp;edm=AM6HXa8EAAAA&amp;_nc_gid=NnFd7aX4hPjc8Ofix9WnEw&amp;oh=00_Af2gvgx5NfPJCWwIeEo6md0DvI0ArYES6isdQxqMoomfdQ&amp;oe=69F33B1E&quot;,&quot;640&quot;:&quot;https:\\\/\\\/scontent-lhr6-2.cdninstagram.com\\\/v\\\/t51.82787-15\\\/622760488_18554995447035359_6679832829194928835_n.jpg?stp=dst-jpg_e35_tt6&amp;_nc_cat=100&amp;ccb=7-5&amp;_nc_sid=18de74&amp;efg=eyJlZmdfdGFnIjoiQ0FST1VTRUxfSVRFTS5iZXN0X2ltYWdlX3VybGdlbi5DMyJ9&amp;_nc_ohc=b2AcLcri-AIQ7kNvwHj98eD&amp;_nc_oc=AdrWC_TKuUye5cvDqT2Dh2pQS2h-2SxpUAsu0tHscIpopkzkSkT60ei046sBN55y_dA&amp;_nc_zt=23&amp;_nc_ht=scontent-lhr6-2.cdninstagram.com&amp;edm=AM6HXa8EAAAA&amp;_nc_gid=NnFd7aX4hPjc8Ofix9WnEw&amp;oh=00_Af2gvgx5NfPJCWwIeEo6md0DvI0ArYES6isdQxqMoomfdQ&amp;oe=69F33B1E&quot;}\">\n\t\t\t<span class=\"sbi-screenreader\">El trabajo en senderos hace que el sue\u00f1o funcione.\u2060\n\u2060\n#basquemtb<\/span>\n\t\t\t<svg class=\"svg-inline--fa fa-clone fa-w-16 sbi_lightbox_carousel_icon\" aria-hidden=\"true\" aria-label=\"Clon\" data-fa-pro\u0192cessed=\"\" data-prefix=\"far\" data-icon=\"clone\" role=\"img\" xmlns=\"http:\/\/www.w3.org\/2000\/svg\" viewbox=\"0 0 512 512\">\n                    <path fill=\"currentColor\" d=\"M464 0H144c-26.51 0-48 21.49-48 48v48H48c-26.51 0-48 21.49-48 48v320c0 26.51 21.49 48 48 48h320c26.51 0 48-21.49 48-48v-48h48c26.51 0 48-21.49 48-48V48c0-26.51-21.49-48-48-48zM362 464H54a6 6 0 0 1-6-6V150a6 6 0 0 1 6-6h42v224c0 26.51 21.49 48 48 48h224v42a6 6 0 0 1-6 6zm96-96H150a6 6 0 0 1-6-6V54a6 6 0 0 1 6-6h308a6 6 0 0 1 6 6v308a6 6 0 0 1-6 6z\"><\/path>\n                <\/svg>\t\t\t\t\t\t<img decoding=\"async\" src=\"https:\/\/www.basquemtb.com\/wp-content\/plugins\/instagram-feed\/img\/placeholder.png\" alt=\"El trabajo en senderos hace que los sue\u00f1os se hagan realidad.\u2060\u2060#basquemtb #construcci\u00f3n de senderos\" aria-hidden=\"true\">\n\t\t<\/a>\n\t<\/div>\n<\/div><div class=\"sbi_item sbi_type_carousel sbi_new sbi_transition\"\n\tid=\"sbi_17977271846980018\" data-date=\"1768881817\">\n\t<div class=\"sbi_photo_wrap\">\n\t\t<a class=\"sbi_photo\" href=\"https:\/\/www.instagram.com\/p\/DTt-igPEpJP\/\" target=\"_blank\" rel=\"noopener nofollow\" data-full-res=\"https:\/\/scontent-lhr8-1.cdninstagram.com\/v\/t51.82787-15\/619439227_18553379878035359_7497317274021724112_n.jpg?stp=dst-jpg_e35_tt6&#038;_nc_cat=107&#038;ccb=7-5&#038;_nc_sid=18de74&#038;efg=eyJlZmdfdGFnIjoiQ0FST1VTRUxfSVRFTS5iZXN0X2ltYWdlX3VybGdlbi5DMyJ9&#038;_nc_ohc=3U-326T6NUgQ7kNvwHEO3Fa&#038;_nc_oc=AdqQd2T21_29qEXWvsQfTdx4KDxMjHuj8cL-H3SFtnqpxrtgGdKECA_InSPWkG6t3rM&#038;_nc_zt=23&#038;_nc_ht=scontent-lhr8-1.cdninstagram.com&#038;edm=AM6HXa8EAAAA&#038;_nc_gid=NnFd7aX4hPjc8Ofix9WnEw&#038;oh=00_Af2q9f40or44nVZDbqKBYThqVeWbbdK3EW4xvmB64XYPsg&#038;oe=69F321D0\" data-img-src-set=\"{&quot;d&quot;:&quot;https:\\\/\\\/scontent-lhr8-1.cdninstagram.com\\\/v\\\/t51.82787-15\\\/619439227_18553379878035359_7497317274021724112_n.jpg?stp=dst-jpg_e35_tt6&amp;_nc_cat=107&amp;ccb=7-5&amp;_nc_sid=18de74&amp;efg=eyJlZmdfdGFnIjoiQ0FST1VTRUxfSVRFTS5iZXN0X2ltYWdlX3VybGdlbi5DMyJ9&amp;_nc_ohc=3U-326T6NUgQ7kNvwHEO3Fa&amp;_nc_oc=AdqQd2T21_29qEXWvsQfTdx4KDxMjHuj8cL-H3SFtnqpxrtgGdKECA_InSPWkG6t3rM&amp;_nc_zt=23&amp;_nc_ht=scontent-lhr8-1.cdninstagram.com&amp;edm=AM6HXa8EAAAA&amp;_nc_gid=NnFd7aX4hPjc8Ofix9WnEw&amp;oh=00_Af2q9f40or44nVZDbqKBYThqVeWbbdK3EW4xvmB64XYPsg&amp;oe=69F321D0&quot;,&quot;150&quot;:&quot;https:\\\/\\\/scontent-lhr8-1.cdninstagram.com\\\/v\\\/t51.82787-15\\\/619439227_18553379878035359_7497317274021724112_n.jpg?stp=dst-jpg_e35_tt6&amp;_nc_cat=107&amp;ccb=7-5&amp;_nc_sid=18de74&amp;efg=eyJlZmdfdGFnIjoiQ0FST1VTRUxfSVRFTS5iZXN0X2ltYWdlX3VybGdlbi5DMyJ9&amp;_nc_ohc=3U-326T6NUgQ7kNvwHEO3Fa&amp;_nc_oc=AdqQd2T21_29qEXWvsQfTdx4KDxMjHuj8cL-H3SFtnqpxrtgGdKECA_InSPWkG6t3rM&amp;_nc_zt=23&amp;_nc_ht=scontent-lhr8-1.cdninstagram.com&amp;edm=AM6HXa8EAAAA&amp;_nc_gid=NnFd7aX4hPjc8Ofix9WnEw&amp;oh=00_Af2q9f40or44nVZDbqKBYThqVeWbbdK3EW4xvmB64XYPsg&amp;oe=69F321D0&quot;,&quot;320&quot;:&quot;https:\\\/\\\/scontent-lhr8-1.cdninstagram.com\\\/v\\\/t51.82787-15\\\/619439227_18553379878035359_7497317274021724112_n.jpg?stp=dst-jpg_e35_tt6&amp;_nc_cat=107&amp;ccb=7-5&amp;_nc_sid=18de74&amp;efg=eyJlZmdfdGFnIjoiQ0FST1VTRUxfSVRFTS5iZXN0X2ltYWdlX3VybGdlbi5DMyJ9&amp;_nc_ohc=3U-326T6NUgQ7kNvwHEO3Fa&amp;_nc_oc=AdqQd2T21_29qEXWvsQfTdx4KDxMjHuj8cL-H3SFtnqpxrtgGdKECA_InSPWkG6t3rM&amp;_nc_zt=23&amp;_nc_ht=scontent-lhr8-1.cdninstagram.com&amp;edm=AM6HXa8EAAAA&amp;_nc_gid=NnFd7aX4hPjc8Ofix9WnEw&amp;oh=00_Af2q9f40or44nVZDbqKBYThqVeWbbdK3EW4xvmB64XYPsg&amp;oe=69F321D0&quot;,&quot;640&quot;:&quot;https:\\\/\\\/scontent-lhr8-1.cdninstagram.com\\\/v\\\/t51.82787-15\\\/619439227_18553379878035359_7497317274021724112_n.jpg?stp=dst-jpg_e35_tt6&amp;_nc_cat=107&amp;ccb=7-5&amp;_nc_sid=18de74&amp;efg=eyJlZmdfdGFnIjoiQ0FST1VTRUxfSVRFTS5iZXN0X2ltYWdlX3VybGdlbi5DMyJ9&amp;_nc_ohc=3U-326T6NUgQ7kNvwHEO3Fa&amp;_nc_oc=AdqQd2T21_29qEXWvsQfTdx4KDxMjHuj8cL-H3SFtnqpxrtgGdKECA_InSPWkG6t3rM&amp;_nc_zt=23&amp;_nc_ht=scontent-lhr8-1.cdninstagram.com&amp;edm=AM6HXa8EAAAA&amp;_nc_gid=NnFd7aX4hPjc8Ofix9WnEw&amp;oh=00_Af2q9f40or44nVZDbqKBYThqVeWbbdK3EW4xvmB64XYPsg&amp;oe=69F321D0&quot;}\">\n\t\t\t<span class=\"sbi-screenreader\">Esta es la temporada baja.\nEs hora de planificar<\/span>\n\t\t\t<svg class=\"svg-inline--fa fa-clone fa-w-16 sbi_lightbox_carousel_icon\" aria-hidden=\"true\" aria-label=\"Clon\" data-fa-pro\u0192cessed=\"\" data-prefix=\"far\" data-icon=\"clone\" role=\"img\" xmlns=\"http:\/\/www.w3.org\/2000\/svg\" viewbox=\"0 0 512 512\">\n                    <path fill=\"currentColor\" d=\"M464 0H144c-26.51 0-48 21.49-48 48v48H48c-26.51 0-48 21.49-48 48v320c0 26.51 21.49 48 48 48h320c26.51 0 48-21.49 48-48v-48h48c26.51 0 48-21.49 48-48V48c0-26.51-21.49-48-48-48zM362 464H54a6 6 0 0 1-6-6V150a6 6 0 0 1 6-6h42v224c0 26.51 21.49 48 48 48h224v42a6 6 0 0 1-6 6zm96-96H150a6 6 0 0 1-6-6V54a6 6 0 0 1 6-6h308a6 6 0 0 1 6 6v308a6 6 0 0 1-6 6z\"><\/path>\n                <\/svg>\t\t\t\t\t\t<img decoding=\"async\" src=\"https:\/\/www.basquemtb.com\/wp-content\/plugins\/instagram-feed\/img\/placeholder.png\" alt=\"Es temporada baja. Es hora de planificar, reservar y explorar nuevas rutas. Es hora de trabajar con nuestra asociaci\u00f3n de senderos \u2014 conseguir financiaci\u00f3n, organizar el trabajo de los senderos del a\u00f1o. Se venden y reemplazan bicicletas de alquiler. Se revisan las furgonetas. Se revisan las rutas. La gente a menudo pregunta qu\u00e9 hacemos cuando no estamos montando. Planificamos. Nos preparamos. Y sobre todo, esperamos d\u00edas como estos en un futuro no muy lejano. Abril empieza con Ainsa vs Tremp. Mayo nos lleva de vuelta a los Pirineos del Backcountry. No podemos esperar.#basquemtb #mtbholidays\" aria-hidden=\"true\">\n\t\t<\/a>\n\t<\/div>\n<\/div><div class=\"sbi_item sbi_type_image sbi_new sbi_transition\"\n\tid=\"sbi_18145887292396001\" data-date=\"1766656095\">\n\t<div class=\"sbi_photo_wrap\">\n\t\t<a class=\"sbi_photo\" href=\"https:\/\/www.instagram.com\/p\/DSrpU8zCH5O\/\" target=\"_blank\" rel=\"noopener nofollow\" data-full-res=\"https:\/\/scontent-lhr6-1.cdninstagram.com\/v\/t51.82787-15\/604346230_18548750779035359_4720936415951395974_n.jpg?stp=dst-jpg_e35_tt6&#038;_nc_cat=110&#038;ccb=7-5&#038;_nc_sid=18de74&#038;efg=eyJlZmdfdGFnIjoiRkVFRC5iZXN0X2ltYWdlX3VybGdlbi5DMyJ9&#038;_nc_ohc=2PMUHX_IGXkQ7kNvwG0u5un&#038;_nc_oc=AdqHBUgMvsgRb5DG8VnplPci_UPthMeKUejDgwLq1YOvMFUMpMMbs_zz5IEOA6yWex4&#038;_nc_zt=23&#038;_nc_ht=scontent-lhr6-1.cdninstagram.com&#038;edm=AM6HXa8EAAAA&#038;_nc_gid=NnFd7aX4hPjc8Ofix9WnEw&#038;oh=00_Af0CVNfgezHqMOnAQZEdy7msAAF1TN4fQrYKQsnnt42i9Q&#038;oe=69F35176\" data-img-src-set=\"{&quot;d&quot;:&quot;https:\\\/\\\/scontent-lhr6-1.cdninstagram.com\\\/v\\\/t51.82787-15\\\/604346230_18548750779035359_4720936415951395974_n.jpg?stp=dst-jpg_e35_tt6&amp;_nc_cat=110&amp;ccb=7-5&amp;_nc_sid=18de74&amp;efg=eyJlZmdfdGFnIjoiRkVFRC5iZXN0X2ltYWdlX3VybGdlbi5DMyJ9&amp;_nc_ohc=2PMUHX_IGXkQ7kNvwG0u5un&amp;_nc_oc=AdqHBUgMvsgRb5DG8VnplPci_UPthMeKUejDgwLq1YOvMFUMpMMbs_zz5IEOA6yWex4&amp;_nc_zt=23&amp;_nc_ht=scontent-lhr6-1.cdninstagram.com&amp;edm=AM6HXa8EAAAA&amp;_nc_gid=NnFd7aX4hPjc8Ofix9WnEw&amp;oh=00_Af0CVNfgezHqMOnAQZEdy7msAAF1TN4fQrYKQsnnt42i9Q&amp;oe=69F35176&quot;,&quot;150&quot;:&quot;https:\\\/\\\/scontent-lhr6-1.cdninstagram.com\\\/v\\\/t51.82787-15\\\/604346230_18548750779035359_4720936415951395974_n.jpg?stp=dst-jpg_e35_tt6&amp;_nc_cat=110&amp;ccb=7-5&amp;_nc_sid=18de74&amp;efg=eyJlZmdfdGFnIjoiRkVFRC5iZXN0X2ltYWdlX3VybGdlbi5DMyJ9&amp;_nc_ohc=2PMUHX_IGXkQ7kNvwG0u5un&amp;_nc_oc=AdqHBUgMvsgRb5DG8VnplPci_UPthMeKUejDgwLq1YOvMFUMpMMbs_zz5IEOA6yWex4&amp;_nc_zt=23&amp;_nc_ht=scontent-lhr6-1.cdninstagram.com&amp;edm=AM6HXa8EAAAA&amp;_nc_gid=NnFd7aX4hPjc8Ofix9WnEw&amp;oh=00_Af0CVNfgezHqMOnAQZEdy7msAAF1TN4fQrYKQsnnt42i9Q&amp;oe=69F35176&quot;,&quot;320&quot;:&quot;https:\\\/\\\/scontent-lhr6-1.cdninstagram.com\\\/v\\\/t51.82787-15\\\/604346230_18548750779035359_4720936415951395974_n.jpg?stp=dst-jpg_e35_tt6&amp;_nc_cat=110&amp;ccb=7-5&amp;_nc_sid=18de74&amp;efg=eyJlZmdfdGFnIjoiRkVFRC5iZXN0X2ltYWdlX3VybGdlbi5DMyJ9&amp;_nc_ohc=2PMUHX_IGXkQ7kNvwG0u5un&amp;_nc_oc=AdqHBUgMvsgRb5DG8VnplPci_UPthMeKUejDgwLq1YOvMFUMpMMbs_zz5IEOA6yWex4&amp;_nc_zt=23&amp;_nc_ht=scontent-lhr6-1.cdninstagram.com&amp;edm=AM6HXa8EAAAA&amp;_nc_gid=NnFd7aX4hPjc8Ofix9WnEw&amp;oh=00_Af0CVNfgezHqMOnAQZEdy7msAAF1TN4fQrYKQsnnt42i9Q&amp;oe=69F35176&quot;,&quot;640&quot;:&quot;https:\\\/\\\/scontent-lhr6-1.cdninstagram.com\\\/v\\\/t51.82787-15\\\/604346230_18548750779035359_4720936415951395974_n.jpg?stp=dst-jpg_e35_tt6&amp;_nc_cat=110&amp;ccb=7-5&amp;_nc_sid=18de74&amp;efg=eyJlZmdfdGFnIjoiRkVFRC5iZXN0X2ltYWdlX3VybGdlbi5DMyJ9&amp;_nc_ohc=2PMUHX_IGXkQ7kNvwG0u5un&amp;_nc_oc=AdqHBUgMvsgRb5DG8VnplPci_UPthMeKUejDgwLq1YOvMFUMpMMbs_zz5IEOA6yWex4&amp;_nc_zt=23&amp;_nc_ht=scontent-lhr6-1.cdninstagram.com&amp;edm=AM6HXa8EAAAA&amp;_nc_gid=NnFd7aX4hPjc8Ofix9WnEw&amp;oh=00_Af0CVNfgezHqMOnAQZEdy7msAAF1TN4fQrYKQsnnt42i9Q&amp;oe=69F35176&quot;}\">\n\t\t\t<span class=\"sbi-screenreader\">Ha sido una temporada infernal. Gracias a todos<\/span>\n\t\t\t\t\t\t\t\t\t<img decoding=\"async\" src=\"https:\/\/www.basquemtb.com\/wp-content\/plugins\/instagram-feed\/img\/placeholder.png\" alt=\"Ha sido una temporada incre\u00edble. Gracias a todos los que la hicieron una de las mejores hasta ahora. #basquemtb\" aria-hidden=\"true\">\n\t\t<\/a>\n\t<\/div>\n<\/div><div class=\"sbi_item sbi_type_video sbi_new sbi_transition\"\n\tid=\"sbi_18417335134129319\" data-date=\"1758108379\">\n\t<div class=\"sbi_photo_wrap\">\n\t\t<a class=\"sbi_photo\" href=\"https:\/\/www.instagram.com\/reel\/DOs5YJxCG1v\/\" target=\"_blank\" rel=\"noopener nofollow\" data-full-res=\"https:\/\/scontent-lhr6-1.cdninstagram.com\/v\/t51.71878-15\/549706457_799429925999977_7158375391176211146_n.jpg?stp=dst-jpg_e35_tt6&#038;_nc_cat=102&#038;ccb=7-5&#038;_nc_sid=18de74&#038;efg=eyJlZmdfdGFnIjoiQ0xJUFMuYmVzdF9pbWFnZV91cmxnZW4uQzMifQ%3D%3D&#038;_nc_ohc=GJzFz-v-ywYQ7kNvwHe8PcL&#038;_nc_oc=AdoOdg2i6hhTp87foKLZ37avuEC017DxrCFUASutR-vu3BQk88IcDsB9h1TUfExAVRQ&#038;_nc_zt=23&#038;_nc_ht=scontent-lhr6-1.cdninstagram.com&#038;edm=AM6HXa8EAAAA&#038;_nc_gid=NnFd7aX4hPjc8Ofix9WnEw&#038;_nc_tpa=Q5bMBQEhmkkuKL4tZLg4zzPnfMXhMJsB2_FE8jNybDVb9AesZyznwNMiOojXVDDElfzO4QaXo0wsJyJ-&#038;oh=00_Af16RQ5wlyIpwG-wS9xOhQphNDFyi6ZCVBUl0rVbqKjVQQ&#038;oe=69F33F33\" data-img-src-set=\"{&quot;d&quot;:&quot;https:\\\/\\\/scontent-lhr6-1.cdninstagram.com\\\/v\\\/t51.71878-15\\\/549706457_799429925999977_7158375391176211146_n.jpg?stp=dst-jpg_e35_tt6&amp;_nc_cat=102&amp;ccb=7-5&amp;_nc_sid=18de74&amp;efg=eyJlZmdfdGFnIjoiQ0xJUFMuYmVzdF9pbWFnZV91cmxnZW4uQzMifQ%3D%3D&amp;_nc_ohc=GJzFz-v-ywYQ7kNvwHe8PcL&amp;_nc_oc=AdoOdg2i6hhTp87foKLZ37avuEC017DxrCFUASutR-vu3BQk88IcDsB9h1TUfExAVRQ&amp;_nc_zt=23&amp;_nc_ht=scontent-lhr6-1.cdninstagram.com&amp;edm=AM6HXa8EAAAA&amp;_nc_gid=NnFd7aX4hPjc8Ofix9WnEw&amp;_nc_tpa=Q5bMBQEhmkkuKL4tZLg4zzPnfMXhMJsB2_FE8jNybDVb9AesZyznwNMiOojXVDDElfzO4QaXo0wsJyJ-&amp;oh=00_Af16RQ5wlyIpwG-wS9xOhQphNDFyi6ZCVBUl0rVbqKjVQQ&amp;oe=69F33F33&quot;,&quot;150&quot;:&quot;https:\\\/\\\/scontent-lhr6-1.cdninstagram.com\\\/v\\\/t51.71878-15\\\/549706457_799429925999977_7158375391176211146_n.jpg?stp=dst-jpg_e35_tt6&amp;_nc_cat=102&amp;ccb=7-5&amp;_nc_sid=18de74&amp;efg=eyJlZmdfdGFnIjoiQ0xJUFMuYmVzdF9pbWFnZV91cmxnZW4uQzMifQ%3D%3D&amp;_nc_ohc=GJzFz-v-ywYQ7kNvwHe8PcL&amp;_nc_oc=AdoOdg2i6hhTp87foKLZ37avuEC017DxrCFUASutR-vu3BQk88IcDsB9h1TUfExAVRQ&amp;_nc_zt=23&amp;_nc_ht=scontent-lhr6-1.cdninstagram.com&amp;edm=AM6HXa8EAAAA&amp;_nc_gid=NnFd7aX4hPjc8Ofix9WnEw&amp;_nc_tpa=Q5bMBQEhmkkuKL4tZLg4zzPnfMXhMJsB2_FE8jNybDVb9AesZyznwNMiOojXVDDElfzO4QaXo0wsJyJ-&amp;oh=00_Af16RQ5wlyIpwG-wS9xOhQphNDFyi6ZCVBUl0rVbqKjVQQ&amp;oe=69F33F33&quot;,&quot;320&quot;:&quot;https:\\\/\\\/scontent-lhr6-1.cdninstagram.com\\\/v\\\/t51.71878-15\\\/549706457_799429925999977_7158375391176211146_n.jpg?stp=dst-jpg_e35_tt6&amp;_nc_cat=102&amp;ccb=7-5&amp;_nc_sid=18de74&amp;efg=eyJlZmdfdGFnIjoiQ0xJUFMuYmVzdF9pbWFnZV91cmxnZW4uQzMifQ%3D%3D&amp;_nc_ohc=GJzFz-v-ywYQ7kNvwHe8PcL&amp;_nc_oc=AdoOdg2i6hhTp87foKLZ37avuEC017DxrCFUASutR-vu3BQk88IcDsB9h1TUfExAVRQ&amp;_nc_zt=23&amp;_nc_ht=scontent-lhr6-1.cdninstagram.com&amp;edm=AM6HXa8EAAAA&amp;_nc_gid=NnFd7aX4hPjc8Ofix9WnEw&amp;_nc_tpa=Q5bMBQEhmkkuKL4tZLg4zzPnfMXhMJsB2_FE8jNybDVb9AesZyznwNMiOojXVDDElfzO4QaXo0wsJyJ-&amp;oh=00_Af16RQ5wlyIpwG-wS9xOhQphNDFyi6ZCVBUl0rVbqKjVQQ&amp;oe=69F33F33&quot;,&quot;640&quot;:&quot;https:\\\/\\\/scontent-lhr6-1.cdninstagram.com\\\/v\\\/t51.71878-15\\\/549706457_799429925999977_7158375391176211146_n.jpg?stp=dst-jpg_e35_tt6&amp;_nc_cat=102&amp;ccb=7-5&amp;_nc_sid=18de74&amp;efg=eyJlZmdfdGFnIjoiQ0xJUFMuYmVzdF9pbWFnZV91cmxnZW4uQzMifQ%3D%3D&amp;_nc_ohc=GJzFz-v-ywYQ7kNvwHe8PcL&amp;_nc_oc=AdoOdg2i6hhTp87foKLZ37avuEC017DxrCFUASutR-vu3BQk88IcDsB9h1TUfExAVRQ&amp;_nc_zt=23&amp;_nc_ht=scontent-lhr6-1.cdninstagram.com&amp;edm=AM6HXa8EAAAA&amp;_nc_gid=NnFd7aX4hPjc8Ofix9WnEw&amp;_nc_tpa=Q5bMBQEhmkkuKL4tZLg4zzPnfMXhMJsB2_FE8jNybDVb9AesZyznwNMiOojXVDDElfzO4QaXo0wsJyJ-&amp;oh=00_Af16RQ5wlyIpwG-wS9xOhQphNDFyi6ZCVBUl0rVbqKjVQQ&amp;oe=69F33F33&quot;}\">\n\t\t\t<span class=\"sbi-screenreader\">Altos Pirineos, el paseo matutino. -1500m m\u00e1s o menos<\/span>\n\t\t\t\t\t\t<svg style=\"color: rgba(255,255,255,1)\" class=\"svg-inline--fa fa-play fa-w-14 sbi_playbtn\" aria-label=\"Jugar\" aria-hidden=\"true\" data-fa-processed=\"\" data-prefix=\"fa\" data-icon=\"play\" role=\"presentation\" xmlns=\"http:\/\/www.w3.org\/2000\/svg\" viewbox=\"0 0 448 512\"><path fill=\"currentColor\" d=\"M424.4 214.7L72.4 6.6C43.8-10.3 0 6.1 0 47.9V464c0 37.5 40.7 60.1 72.4 41.3l352-208c31.4-18.5 31.5-64.1 0-82.6z\"><\/path><\/svg>\t\t\t<img decoding=\"async\" src=\"https:\/\/www.basquemtb.com\/wp-content\/plugins\/instagram-feed\/img\/placeholder.png\" alt=\"Pirineos occidentales, la salida matutina. -1500m m\u00e1s o menos seguido de un picnic. #basquemtb #Pirineos occidentales\" aria-hidden=\"true\">\n\t\t<\/a>\n\t<\/div>\n<\/div><div class=\"sbi_item sbi_type_video sbi_new sbi_transition\"\n\tid=\"sbi_18012466916788837\" data-date=\"1757852000\">\n\t<div class=\"sbi_photo_wrap\">\n\t\t<a class=\"sbi_photo\" href=\"https:\/\/www.instagram.com\/reel\/DOlQshTiMKD\/\" target=\"_blank\" rel=\"noopener nofollow\" data-full-res=\"https:\/\/scontent-lhr8-2.cdninstagram.com\/v\/t51.71878-15\/548976430_3347545778717229_1803714881820621433_n.jpg?stp=dst-jpg_e35_tt6&#038;_nc_cat=103&#038;ccb=7-5&#038;_nc_sid=18de74&#038;efg=eyJlZmdfdGFnIjoiQ0xJUFMuYmVzdF9pbWFnZV91cmxnZW4uQzMifQ%3D%3D&#038;_nc_ohc=8_HF0HIexS0Q7kNvwEqFvwk&#038;_nc_oc=AdotqHi1wIDbcxW5F3d9nXvCrNShp4h8cy1KriMCAbnvpLCezzX9pacTdr-DmeyTNp4&#038;_nc_zt=23&#038;_nc_ht=scontent-lhr8-2.cdninstagram.com&#038;edm=AM6HXa8EAAAA&#038;_nc_gid=NnFd7aX4hPjc8Ofix9WnEw&#038;_nc_tpa=Q5bMBQEOfgkx96Z8hwstbclz52Tjn0HIgspeYzJ4A8HJmWX3LHASm9kHHsfy_XujKogSnaL5hCYkzIjh&#038;oh=00_Af1MUl-z4t8NPChfvzmj-jY2e6DdwSuJIgst49vxa1Uclw&#038;oe=69F32934\" data-img-src-set=\"{&quot;d&quot;:&quot;https:\\\/\\\/scontent-lhr8-2.cdninstagram.com\\\/v\\\/t51.71878-15\\\/548976430_3347545778717229_1803714881820621433_n.jpg?stp=dst-jpg_e35_tt6&amp;_nc_cat=103&amp;ccb=7-5&amp;_nc_sid=18de74&amp;efg=eyJlZmdfdGFnIjoiQ0xJUFMuYmVzdF9pbWFnZV91cmxnZW4uQzMifQ%3D%3D&amp;_nc_ohc=8_HF0HIexS0Q7kNvwEqFvwk&amp;_nc_oc=AdotqHi1wIDbcxW5F3d9nXvCrNShp4h8cy1KriMCAbnvpLCezzX9pacTdr-DmeyTNp4&amp;_nc_zt=23&amp;_nc_ht=scontent-lhr8-2.cdninstagram.com&amp;edm=AM6HXa8EAAAA&amp;_nc_gid=NnFd7aX4hPjc8Ofix9WnEw&amp;_nc_tpa=Q5bMBQEOfgkx96Z8hwstbclz52Tjn0HIgspeYzJ4A8HJmWX3LHASm9kHHsfy_XujKogSnaL5hCYkzIjh&amp;oh=00_Af1MUl-z4t8NPChfvzmj-jY2e6DdwSuJIgst49vxa1Uclw&amp;oe=69F32934&quot;,&quot;150&quot;:&quot;https:\\\/\\\/scontent-lhr8-2.cdninstagram.com\\\/v\\\/t51.71878-15\\\/548976430_3347545778717229_1803714881820621433_n.jpg?stp=dst-jpg_e35_tt6&amp;_nc_cat=103&amp;ccb=7-5&amp;_nc_sid=18de74&amp;efg=eyJlZmdfdGFnIjoiQ0xJUFMuYmVzdF9pbWFnZV91cmxnZW4uQzMifQ%3D%3D&amp;_nc_ohc=8_HF0HIexS0Q7kNvwEqFvwk&amp;_nc_oc=AdotqHi1wIDbcxW5F3d9nXvCrNShp4h8cy1KriMCAbnvpLCezzX9pacTdr-DmeyTNp4&amp;_nc_zt=23&amp;_nc_ht=scontent-lhr8-2.cdninstagram.com&amp;edm=AM6HXa8EAAAA&amp;_nc_gid=NnFd7aX4hPjc8Ofix9WnEw&amp;_nc_tpa=Q5bMBQEOfgkx96Z8hwstbclz52Tjn0HIgspeYzJ4A8HJmWX3LHASm9kHHsfy_XujKogSnaL5hCYkzIjh&amp;oh=00_Af1MUl-z4t8NPChfvzmj-jY2e6DdwSuJIgst49vxa1Uclw&amp;oe=69F32934&quot;,&quot;320&quot;:&quot;https:\\\/\\\/scontent-lhr8-2.cdninstagram.com\\\/v\\\/t51.71878-15\\\/548976430_3347545778717229_1803714881820621433_n.jpg?stp=dst-jpg_e35_tt6&amp;_nc_cat=103&amp;ccb=7-5&amp;_nc_sid=18de74&amp;efg=eyJlZmdfdGFnIjoiQ0xJUFMuYmVzdF9pbWFnZV91cmxnZW4uQzMifQ%3D%3D&amp;_nc_ohc=8_HF0HIexS0Q7kNvwEqFvwk&amp;_nc_oc=AdotqHi1wIDbcxW5F3d9nXvCrNShp4h8cy1KriMCAbnvpLCezzX9pacTdr-DmeyTNp4&amp;_nc_zt=23&amp;_nc_ht=scontent-lhr8-2.cdninstagram.com&amp;edm=AM6HXa8EAAAA&amp;_nc_gid=NnFd7aX4hPjc8Ofix9WnEw&amp;_nc_tpa=Q5bMBQEOfgkx96Z8hwstbclz52Tjn0HIgspeYzJ4A8HJmWX3LHASm9kHHsfy_XujKogSnaL5hCYkzIjh&amp;oh=00_Af1MUl-z4t8NPChfvzmj-jY2e6DdwSuJIgst49vxa1Uclw&amp;oe=69F32934&quot;,&quot;640&quot;:&quot;https:\\\/\\\/scontent-lhr8-2.cdninstagram.com\\\/v\\\/t51.71878-15\\\/548976430_3347545778717229_1803714881820621433_n.jpg?stp=dst-jpg_e35_tt6&amp;_nc_cat=103&amp;ccb=7-5&amp;_nc_sid=18de74&amp;efg=eyJlZmdfdGFnIjoiQ0xJUFMuYmVzdF9pbWFnZV91cmxnZW4uQzMifQ%3D%3D&amp;_nc_ohc=8_HF0HIexS0Q7kNvwEqFvwk&amp;_nc_oc=AdotqHi1wIDbcxW5F3d9nXvCrNShp4h8cy1KriMCAbnvpLCezzX9pacTdr-DmeyTNp4&amp;_nc_zt=23&amp;_nc_ht=scontent-lhr8-2.cdninstagram.com&amp;edm=AM6HXa8EAAAA&amp;_nc_gid=NnFd7aX4hPjc8Ofix9WnEw&amp;_nc_tpa=Q5bMBQEOfgkx96Z8hwstbclz52Tjn0HIgspeYzJ4A8HJmWX3LHASm9kHHsfy_XujKogSnaL5hCYkzIjh&amp;oh=00_Af1MUl-z4t8NPChfvzmj-jY2e6DdwSuJIgst49vxa1Uclw&amp;oe=69F32934&quot;}\">\n\t\t\t<span class=\"sbi-screenreader\">Los Pirineos Altos comienzan hoy. Una ma\u00f1ana divertida en g<\/span>\n\t\t\t\t\t\t<svg style=\"color: rgba(255,255,255,1)\" class=\"svg-inline--fa fa-play fa-w-14 sbi_playbtn\" aria-label=\"Jugar\" aria-hidden=\"true\" data-fa-processed=\"\" data-prefix=\"fa\" data-icon=\"play\" role=\"presentation\" xmlns=\"http:\/\/www.w3.org\/2000\/svg\" viewbox=\"0 0 448 512\"><path fill=\"currentColor\" d=\"M424.4 214.7L72.4 6.6C43.8-10.3 0 6.1 0 47.9V464c0 37.5 40.7 60.1 72.4 41.3l352-208c31.4-18.5 31.5-64.1 0-82.6z\"><\/path><\/svg>\t\t\t<img decoding=\"async\" src=\"https:\/\/www.basquemtb.com\/wp-content\/plugins\/instagram-feed\/img\/placeholder.png\" alt=\"Los Pirineos Altas comienzan hoy. Una ma\u00f1ana divertida en buena tierra para empezar. #basquemtb #highpyrenees\" aria-hidden=\"true\">\n\t\t<\/a>\n\t<\/div>\n<\/div><div class=\"sbi_item sbi_type_carousel sbi_new sbi_transition\"\n\tid=\"sbi_17947873829991320\" data-date=\"1752073045\">\n\t<div class=\"sbi_photo_wrap\">\n\t\t<a class=\"sbi_photo\" href=\"https:\/\/www.instagram.com\/p\/DL5CXfas4-K\/\" target=\"_blank\" rel=\"noopener nofollow\" data-full-res=\"https:\/\/scontent-lhr6-2.cdninstagram.com\/v\/t51.82787-15\/517213967_18515296486035359_4052359954044252081_n.jpg?stp=dst-jpg_e35_tt6&#038;_nc_cat=104&#038;ccb=7-5&#038;_nc_sid=18de74&#038;efg=eyJlZmdfdGFnIjoiQ0FST1VTRUxfSVRFTS5iZXN0X2ltYWdlX3VybGdlbi5DMyJ9&#038;_nc_ohc=hiZG66-4dr0Q7kNvwEEQWlE&#038;_nc_oc=AdpRPkmi_OofvjdB1flYGbSFTNCQgiNnWsfzm2MivYD7v1Vz1WiCFhlKe6My9kcGzFg&#038;_nc_zt=23&#038;_nc_ht=scontent-lhr6-2.cdninstagram.com&#038;edm=AM6HXa8EAAAA&#038;_nc_gid=NnFd7aX4hPjc8Ofix9WnEw&#038;oh=00_Af24uJzJdGNPEEFiwqTI9foKzblfWC_-nF9ohomkdYGxCA&#038;oe=69F33A26\" data-img-src-set=\"{&quot;d&quot;:&quot;https:\\\/\\\/scontent-lhr6-2.cdninstagram.com\\\/v\\\/t51.82787-15\\\/517213967_18515296486035359_4052359954044252081_n.jpg?stp=dst-jpg_e35_tt6&amp;_nc_cat=104&amp;ccb=7-5&amp;_nc_sid=18de74&amp;efg=eyJlZmdfdGFnIjoiQ0FST1VTRUxfSVRFTS5iZXN0X2ltYWdlX3VybGdlbi5DMyJ9&amp;_nc_ohc=hiZG66-4dr0Q7kNvwEEQWlE&amp;_nc_oc=AdpRPkmi_OofvjdB1flYGbSFTNCQgiNnWsfzm2MivYD7v1Vz1WiCFhlKe6My9kcGzFg&amp;_nc_zt=23&amp;_nc_ht=scontent-lhr6-2.cdninstagram.com&amp;edm=AM6HXa8EAAAA&amp;_nc_gid=NnFd7aX4hPjc8Ofix9WnEw&amp;oh=00_Af24uJzJdGNPEEFiwqTI9foKzblfWC_-nF9ohomkdYGxCA&amp;oe=69F33A26&quot;,&quot;150&quot;:&quot;https:\\\/\\\/scontent-lhr6-2.cdninstagram.com\\\/v\\\/t51.82787-15\\\/517213967_18515296486035359_4052359954044252081_n.jpg?stp=dst-jpg_e35_tt6&amp;_nc_cat=104&amp;ccb=7-5&amp;_nc_sid=18de74&amp;efg=eyJlZmdfdGFnIjoiQ0FST1VTRUxfSVRFTS5iZXN0X2ltYWdlX3VybGdlbi5DMyJ9&amp;_nc_ohc=hiZG66-4dr0Q7kNvwEEQWlE&amp;_nc_oc=AdpRPkmi_OofvjdB1flYGbSFTNCQgiNnWsfzm2MivYD7v1Vz1WiCFhlKe6My9kcGzFg&amp;_nc_zt=23&amp;_nc_ht=scontent-lhr6-2.cdninstagram.com&amp;edm=AM6HXa8EAAAA&amp;_nc_gid=NnFd7aX4hPjc8Ofix9WnEw&amp;oh=00_Af24uJzJdGNPEEFiwqTI9foKzblfWC_-nF9ohomkdYGxCA&amp;oe=69F33A26&quot;,&quot;320&quot;:&quot;https:\\\/\\\/scontent-lhr6-2.cdninstagram.com\\\/v\\\/t51.82787-15\\\/517213967_18515296486035359_4052359954044252081_n.jpg?stp=dst-jpg_e35_tt6&amp;_nc_cat=104&amp;ccb=7-5&amp;_nc_sid=18de74&amp;efg=eyJlZmdfdGFnIjoiQ0FST1VTRUxfSVRFTS5iZXN0X2ltYWdlX3VybGdlbi5DMyJ9&amp;_nc_ohc=hiZG66-4dr0Q7kNvwEEQWlE&amp;_nc_oc=AdpRPkmi_OofvjdB1flYGbSFTNCQgiNnWsfzm2MivYD7v1Vz1WiCFhlKe6My9kcGzFg&amp;_nc_zt=23&amp;_nc_ht=scontent-lhr6-2.cdninstagram.com&amp;edm=AM6HXa8EAAAA&amp;_nc_gid=NnFd7aX4hPjc8Ofix9WnEw&amp;oh=00_Af24uJzJdGNPEEFiwqTI9foKzblfWC_-nF9ohomkdYGxCA&amp;oe=69F33A26&quot;,&quot;640&quot;:&quot;https:\\\/\\\/scontent-lhr6-2.cdninstagram.com\\\/v\\\/t51.82787-15\\\/517213967_18515296486035359_4052359954044252081_n.jpg?stp=dst-jpg_e35_tt6&amp;_nc_cat=104&amp;ccb=7-5&amp;_nc_sid=18de74&amp;efg=eyJlZmdfdGFnIjoiQ0FST1VTRUxfSVRFTS5iZXN0X2ltYWdlX3VybGdlbi5DMyJ9&amp;_nc_ohc=hiZG66-4dr0Q7kNvwEEQWlE&amp;_nc_oc=AdpRPkmi_OofvjdB1flYGbSFTNCQgiNnWsfzm2MivYD7v1Vz1WiCFhlKe6My9kcGzFg&amp;_nc_zt=23&amp;_nc_ht=scontent-lhr6-2.cdninstagram.com&amp;edm=AM6HXa8EAAAA&amp;_nc_gid=NnFd7aX4hPjc8Ofix9WnEw&amp;oh=00_Af24uJzJdGNPEEFiwqTI9foKzblfWC_-nF9ohomkdYGxCA&amp;oe=69F33A26&quot;}\">\n\t\t\t<span class=\"sbi-screenreader\">D\u00eda 4 de la Odisea Pirineos. \u00c9pico. #PyreneesOdys<\/span>\n\t\t\t<svg class=\"svg-inline--fa fa-clone fa-w-16 sbi_lightbox_carousel_icon\" aria-hidden=\"true\" aria-label=\"Clon\" data-fa-pro\u0192cessed=\"\" data-prefix=\"far\" data-icon=\"clone\" role=\"img\" xmlns=\"http:\/\/www.w3.org\/2000\/svg\" viewbox=\"0 0 512 512\">\n                    <path fill=\"currentColor\" d=\"M464 0H144c-26.51 0-48 21.49-48 48v48H48c-26.51 0-48 21.49-48 48v320c0 26.51 21.49 48 48 48h320c26.51 0 48-21.49 48-48v-48h48c26.51 0 48-21.49 48-48V48c0-26.51-21.49-48-48-48zM362 464H54a6 6 0 0 1-6-6V150a6 6 0 0 1 6-6h42v224c0 26.51 21.49 48 48 48h224v42a6 6 0 0 1-6 6zm96-96H150a6 6 0 0 1-6-6V54a6 6 0 0 1 6-6h308a6 6 0 0 1 6 6v308a6 6 0 0 1-6 6z\"><\/path>\n                <\/svg>\t\t\t\t\t\t<img decoding=\"async\" src=\"https:\/\/www.basquemtb.com\/wp-content\/plugins\/instagram-feed\/img\/placeholder.png\" alt=\"D\u00eda 4 de la Odisea de los Pirineos. \u00c9pico. #PyreneesOdyssey #basqueMTB @trailtales_\" aria-hidden=\"true\">\n\t\t<\/a>\n\t<\/div>\n<\/div><div class=\"sbi_item sbi_type_video sbi_new sbi_transition\"\n\tid=\"sbi_18070190861012390\" data-date=\"1751992499\">\n\t<div class=\"sbi_photo_wrap\">\n\t\t<a class=\"sbi_photo\" href=\"https:\/\/www.instagram.com\/reel\/DL2ltY_svPb\/\" target=\"_blank\" rel=\"noopener nofollow\" data-full-res=\"https:\/\/scontent-lhr6-2.cdninstagram.com\/v\/t51.71878-15\/517260956_610490241641070_2247715045198778423_n.jpg?stp=dst-jpg_e35_tt6&#038;_nc_cat=104&#038;ccb=7-5&#038;_nc_sid=18de74&#038;efg=eyJlZmdfdGFnIjoiQ0xJUFMuYmVzdF9pbWFnZV91cmxnZW4uQzMifQ%3D%3D&#038;_nc_ohc=IgSXPVRynKAQ7kNvwEU06o9&#038;_nc_oc=AdpV-m9iuCyJ31WF5mLJk2Y_ihbh8cWCwvwO3MHOKWJYQegYuwjsEGkprU37rOZCS60&#038;_nc_zt=23&#038;_nc_ht=scontent-lhr6-2.cdninstagram.com&#038;edm=AM6HXa8EAAAA&#038;_nc_gid=NnFd7aX4hPjc8Ofix9WnEw&#038;_nc_tpa=Q5bMBQHM8ovKwSeoaW2kHIVjoyodgE701SgGpdI1GAGkUgrSC07_1NOeNPCi-NZH6eKvZ2ZuFD8wmDrM&#038;oh=00_Af2W8-hT01l1_au91YuR0zCqFEyPoZZzwwWlayzH3PnIog&#038;oe=69F31F00\" data-img-src-set=\"{&quot;d&quot;:&quot;https:\\\/\\\/scontent-lhr6-2.cdninstagram.com\\\/v\\\/t51.71878-15\\\/517260956_610490241641070_2247715045198778423_n.jpg?stp=dst-jpg_e35_tt6&amp;_nc_cat=104&amp;ccb=7-5&amp;_nc_sid=18de74&amp;efg=eyJlZmdfdGFnIjoiQ0xJUFMuYmVzdF9pbWFnZV91cmxnZW4uQzMifQ%3D%3D&amp;_nc_ohc=IgSXPVRynKAQ7kNvwEU06o9&amp;_nc_oc=AdpV-m9iuCyJ31WF5mLJk2Y_ihbh8cWCwvwO3MHOKWJYQegYuwjsEGkprU37rOZCS60&amp;_nc_zt=23&amp;_nc_ht=scontent-lhr6-2.cdninstagram.com&amp;edm=AM6HXa8EAAAA&amp;_nc_gid=NnFd7aX4hPjc8Ofix9WnEw&amp;_nc_tpa=Q5bMBQHM8ovKwSeoaW2kHIVjoyodgE701SgGpdI1GAGkUgrSC07_1NOeNPCi-NZH6eKvZ2ZuFD8wmDrM&amp;oh=00_Af2W8-hT01l1_au91YuR0zCqFEyPoZZzwwWlayzH3PnIog&amp;oe=69F31F00&quot;,&quot;150&quot;:&quot;https:\\\/\\\/scontent-lhr6-2.cdninstagram.com\\\/v\\\/t51.71878-15\\\/517260956_610490241641070_2247715045198778423_n.jpg?stp=dst-jpg_e35_tt6&amp;_nc_cat=104&amp;ccb=7-5&amp;_nc_sid=18de74&amp;efg=eyJlZmdfdGFnIjoiQ0xJUFMuYmVzdF9pbWFnZV91cmxnZW4uQzMifQ%3D%3D&amp;_nc_ohc=IgSXPVRynKAQ7kNvwEU06o9&amp;_nc_oc=AdpV-m9iuCyJ31WF5mLJk2Y_ihbh8cWCwvwO3MHOKWJYQegYuwjsEGkprU37rOZCS60&amp;_nc_zt=23&amp;_nc_ht=scontent-lhr6-2.cdninstagram.com&amp;edm=AM6HXa8EAAAA&amp;_nc_gid=NnFd7aX4hPjc8Ofix9WnEw&amp;_nc_tpa=Q5bMBQHM8ovKwSeoaW2kHIVjoyodgE701SgGpdI1GAGkUgrSC07_1NOeNPCi-NZH6eKvZ2ZuFD8wmDrM&amp;oh=00_Af2W8-hT01l1_au91YuR0zCqFEyPoZZzwwWlayzH3PnIog&amp;oe=69F31F00&quot;,&quot;320&quot;:&quot;https:\\\/\\\/scontent-lhr6-2.cdninstagram.com\\\/v\\\/t51.71878-15\\\/517260956_610490241641070_2247715045198778423_n.jpg?stp=dst-jpg_e35_tt6&amp;_nc_cat=104&amp;ccb=7-5&amp;_nc_sid=18de74&amp;efg=eyJlZmdfdGFnIjoiQ0xJUFMuYmVzdF9pbWFnZV91cmxnZW4uQzMifQ%3D%3D&amp;_nc_ohc=IgSXPVRynKAQ7kNvwEU06o9&amp;_nc_oc=AdpV-m9iuCyJ31WF5mLJk2Y_ihbh8cWCwvwO3MHOKWJYQegYuwjsEGkprU37rOZCS60&amp;_nc_zt=23&amp;_nc_ht=scontent-lhr6-2.cdninstagram.com&amp;edm=AM6HXa8EAAAA&amp;_nc_gid=NnFd7aX4hPjc8Ofix9WnEw&amp;_nc_tpa=Q5bMBQHM8ovKwSeoaW2kHIVjoyodgE701SgGpdI1GAGkUgrSC07_1NOeNPCi-NZH6eKvZ2ZuFD8wmDrM&amp;oh=00_Af2W8-hT01l1_au91YuR0zCqFEyPoZZzwwWlayzH3PnIog&amp;oe=69F31F00&quot;,&quot;640&quot;:&quot;https:\\\/\\\/scontent-lhr6-2.cdninstagram.com\\\/v\\\/t51.71878-15\\\/517260956_610490241641070_2247715045198778423_n.jpg?stp=dst-jpg_e35_tt6&amp;_nc_cat=104&amp;ccb=7-5&amp;_nc_sid=18de74&amp;efg=eyJlZmdfdGFnIjoiQ0xJUFMuYmVzdF9pbWFnZV91cmxnZW4uQzMifQ%3D%3D&amp;_nc_ohc=IgSXPVRynKAQ7kNvwEU06o9&amp;_nc_oc=AdpV-m9iuCyJ31WF5mLJk2Y_ihbh8cWCwvwO3MHOKWJYQegYuwjsEGkprU37rOZCS60&amp;_nc_zt=23&amp;_nc_ht=scontent-lhr6-2.cdninstagram.com&amp;edm=AM6HXa8EAAAA&amp;_nc_gid=NnFd7aX4hPjc8Ofix9WnEw&amp;_nc_tpa=Q5bMBQHM8ovKwSeoaW2kHIVjoyodgE701SgGpdI1GAGkUgrSC07_1NOeNPCi-NZH6eKvZ2ZuFD8wmDrM&amp;oh=00_Af2W8-hT01l1_au91YuR0zCqFEyPoZZzwwWlayzH3PnIog&amp;oe=69F31F00&quot;}\">\n\t\t\t<span class=\"sbi-screenreader\">La Odisea de los Pirineos d\u00eda 3. Un d\u00eda para tomarlo con un poco de calma<\/span>\n\t\t\t\t\t\t<svg style=\"color: rgba(255,255,255,1)\" class=\"svg-inline--fa fa-play fa-w-14 sbi_playbtn\" aria-label=\"Jugar\" aria-hidden=\"true\" data-fa-processed=\"\" data-prefix=\"fa\" data-icon=\"play\" role=\"presentation\" xmlns=\"http:\/\/www.w3.org\/2000\/svg\" viewbox=\"0 0 448 512\"><path fill=\"currentColor\" d=\"M424.4 214.7L72.4 6.6C43.8-10.3 0 6.1 0 47.9V464c0 37.5 40.7 60.1 72.4 41.3l352-208c31.4-18.5 31.5-64.1 0-82.6z\"><\/path><\/svg>\t\t\t<img decoding=\"async\" src=\"https:\/\/www.basquemtb.com\/wp-content\/plugins\/instagram-feed\/img\/placeholder.png\" alt=\"El d\u00eda 3 de la Odisea de los Pirineos. Un d\u00eda para tom\u00e1rselo con un poco de calma en preparaci\u00f3n para los grandes d\u00edas que se avecinan. #PyreneesOdyssey #basquemtb @trailtales_\" aria-hidden=\"true\">\n\t\t<\/a>\n\t<\/div>\n<\/div><div class=\"sbi_item sbi_type_carousel sbi_new sbi_transition\"\n\tid=\"sbi_17963781878910657\" data-date=\"1746183439\">\n\t<div class=\"sbi_photo_wrap\">\n\t\t<a class=\"sbi_photo\" href=\"https:\/\/www.instagram.com\/p\/DJJg1XtMCtG\/\" target=\"_blank\" rel=\"noopener nofollow\" data-full-res=\"https:\/\/scontent-lhr6-1.cdninstagram.com\/v\/t51.75761-15\/494961338_18502238731035359_7771869329109028891_n.jpg?stp=dst-jpg_e35_tt6&#038;_nc_cat=109&#038;ccb=7-5&#038;_nc_sid=18de74&#038;efg=eyJlZmdfdGFnIjoiQ0FST1VTRUxfSVRFTS5iZXN0X2ltYWdlX3VybGdlbi5DMyJ9&#038;_nc_ohc=7P85Hine5w0Q7kNvwEQcoRw&#038;_nc_oc=Adp5WSaQG3MZSuBEbPeRtqnd6adi1DgPXq9_O07_oMZLW31iRro_WB1ukqiVHmuZ9Jc&#038;_nc_zt=23&#038;_nc_ht=scontent-lhr6-1.cdninstagram.com&#038;edm=AM6HXa8EAAAA&#038;_nc_gid=NnFd7aX4hPjc8Ofix9WnEw&#038;oh=00_Af1RKbZz9OOvPJ4L5WJeopCm37cCdR2QLdlz9yWLZdZwNg&#038;oe=69F34606\" data-img-src-set=\"{&quot;d&quot;:&quot;https:\\\/\\\/scontent-lhr6-1.cdninstagram.com\\\/v\\\/t51.75761-15\\\/494961338_18502238731035359_7771869329109028891_n.jpg?stp=dst-jpg_e35_tt6&amp;_nc_cat=109&amp;ccb=7-5&amp;_nc_sid=18de74&amp;efg=eyJlZmdfdGFnIjoiQ0FST1VTRUxfSVRFTS5iZXN0X2ltYWdlX3VybGdlbi5DMyJ9&amp;_nc_ohc=7P85Hine5w0Q7kNvwEQcoRw&amp;_nc_oc=Adp5WSaQG3MZSuBEbPeRtqnd6adi1DgPXq9_O07_oMZLW31iRro_WB1ukqiVHmuZ9Jc&amp;_nc_zt=23&amp;_nc_ht=scontent-lhr6-1.cdninstagram.com&amp;edm=AM6HXa8EAAAA&amp;_nc_gid=NnFd7aX4hPjc8Ofix9WnEw&amp;oh=00_Af1RKbZz9OOvPJ4L5WJeopCm37cCdR2QLdlz9yWLZdZwNg&amp;oe=69F34606&quot;,&quot;150&quot;:&quot;https:\\\/\\\/scontent-lhr6-1.cdninstagram.com\\\/v\\\/t51.75761-15\\\/494961338_18502238731035359_7771869329109028891_n.jpg?stp=dst-jpg_e35_tt6&amp;_nc_cat=109&amp;ccb=7-5&amp;_nc_sid=18de74&amp;efg=eyJlZmdfdGFnIjoiQ0FST1VTRUxfSVRFTS5iZXN0X2ltYWdlX3VybGdlbi5DMyJ9&amp;_nc_ohc=7P85Hine5w0Q7kNvwEQcoRw&amp;_nc_oc=Adp5WSaQG3MZSuBEbPeRtqnd6adi1DgPXq9_O07_oMZLW31iRro_WB1ukqiVHmuZ9Jc&amp;_nc_zt=23&amp;_nc_ht=scontent-lhr6-1.cdninstagram.com&amp;edm=AM6HXa8EAAAA&amp;_nc_gid=NnFd7aX4hPjc8Ofix9WnEw&amp;oh=00_Af1RKbZz9OOvPJ4L5WJeopCm37cCdR2QLdlz9yWLZdZwNg&amp;oe=69F34606&quot;,&quot;320&quot;:&quot;https:\\\/\\\/scontent-lhr6-1.cdninstagram.com\\\/v\\\/t51.75761-15\\\/494961338_18502238731035359_7771869329109028891_n.jpg?stp=dst-jpg_e35_tt6&amp;_nc_cat=109&amp;ccb=7-5&amp;_nc_sid=18de74&amp;efg=eyJlZmdfdGFnIjoiQ0FST1VTRUxfSVRFTS5iZXN0X2ltYWdlX3VybGdlbi5DMyJ9&amp;_nc_ohc=7P85Hine5w0Q7kNvwEQcoRw&amp;_nc_oc=Adp5WSaQG3MZSuBEbPeRtqnd6adi1DgPXq9_O07_oMZLW31iRro_WB1ukqiVHmuZ9Jc&amp;_nc_zt=23&amp;_nc_ht=scontent-lhr6-1.cdninstagram.com&amp;edm=AM6HXa8EAAAA&amp;_nc_gid=NnFd7aX4hPjc8Ofix9WnEw&amp;oh=00_Af1RKbZz9OOvPJ4L5WJeopCm37cCdR2QLdlz9yWLZdZwNg&amp;oe=69F34606&quot;,&quot;640&quot;:&quot;https:\\\/\\\/scontent-lhr6-1.cdninstagram.com\\\/v\\\/t51.75761-15\\\/494961338_18502238731035359_7771869329109028891_n.jpg?stp=dst-jpg_e35_tt6&amp;_nc_cat=109&amp;ccb=7-5&amp;_nc_sid=18de74&amp;efg=eyJlZmdfdGFnIjoiQ0FST1VTRUxfSVRFTS5iZXN0X2ltYWdlX3VybGdlbi5DMyJ9&amp;_nc_ohc=7P85Hine5w0Q7kNvwEQcoRw&amp;_nc_oc=Adp5WSaQG3MZSuBEbPeRtqnd6adi1DgPXq9_O07_oMZLW31iRro_WB1ukqiVHmuZ9Jc&amp;_nc_zt=23&amp;_nc_ht=scontent-lhr6-1.cdninstagram.com&amp;edm=AM6HXa8EAAAA&amp;_nc_gid=NnFd7aX4hPjc8Ofix9WnEw&amp;oh=00_Af1RKbZz9OOvPJ4L5WJeopCm37cCdR2QLdlz9yWLZdZwNg&amp;oe=69F34606&quot;}\">\n\t\t\t<span class=\"sbi-screenreader\">Tic Toc, Backcountry O\u2019Clock. Hora de la Backc<\/span>\n\t\t\t<svg class=\"svg-inline--fa fa-clone fa-w-16 sbi_lightbox_carousel_icon\" aria-hidden=\"true\" aria-label=\"Clon\" data-fa-pro\u0192cessed=\"\" data-prefix=\"far\" data-icon=\"clone\" role=\"img\" xmlns=\"http:\/\/www.w3.org\/2000\/svg\" viewbox=\"0 0 512 512\">\n                    <path fill=\"currentColor\" d=\"M464 0H144c-26.51 0-48 21.49-48 48v48H48c-26.51 0-48 21.49-48 48v320c0 26.51 21.49 48 48 48h320c26.51 0 48-21.49 48-48v-48h48c26.51 0 48-21.49 48-48V48c0-26.51-21.49-48-48-48zM362 464H54a6 6 0 0 1-6-6V150a6 6 0 0 1 6-6h42v224c0 26.51 21.49 48 48 48h224v42a6 6 0 0 1-6 6zm96-96H150a6 6 0 0 1-6-6V54a6 6 0 0 1 6-6h308a6 6 0 0 1 6 6v308a6 6 0 0 1-6 6z\"><\/path>\n                <\/svg>\t\t\t\t\t\t<img decoding=\"async\" src=\"https:\/\/www.basquemtb.com\/wp-content\/plugins\/instagram-feed\/img\/placeholder.png\" alt=\"Tic Toc, Hora de la Monta\u00f1a. Es hora del Pirineo Salvaje. En Mayo recorreremos los incre\u00edbles y remotos senderos del Pre-Pirineo. \u00a1No puedo esperar! #backcountrypyrenees #basquemtb\" aria-hidden=\"true\">\n\t\t<\/a>\n\t<\/div>\n<\/div><div class=\"sbi_item sbi_type_carousel sbi_new sbi_transition\"\n\tid=\"sbi_17878443627203960\" data-date=\"1745752887\">\n\t<div class=\"sbi_photo_wrap\">\n\t\t<a class=\"sbi_photo\" href=\"https:\/\/www.instagram.com\/p\/DI8rn0tsJ9K\/\" target=\"_blank\" rel=\"noopener nofollow\" data-full-res=\"https:\/\/scontent-lhr6-1.cdninstagram.com\/v\/t51.75761-15\/491465312_18501338878035359_1890610912149749344_n.jpg?stp=dst-jpg_e35_tt6&#038;_nc_cat=102&#038;ccb=7-5&#038;_nc_sid=18de74&#038;efg=eyJlZmdfdGFnIjoiQ0FST1VTRUxfSVRFTS5iZXN0X2ltYWdlX3VybGdlbi5DMyJ9&#038;_nc_ohc=R0dg_djcoXkQ7kNvwHSbv9Q&#038;_nc_oc=AdpzCnGrTHV4eVkXvVkmCCFcuxtQNdvwpj9F7YtuU9TmndADFcfWd-ze53gy1czHMyo&#038;_nc_zt=23&#038;_nc_ht=scontent-lhr6-1.cdninstagram.com&#038;edm=AM6HXa8EAAAA&#038;_nc_gid=NnFd7aX4hPjc8Ofix9WnEw&#038;oh=00_Af25wwjwLV8tAZeSbE-dZekYcGRFm5abfT3fK8PT_i5qgQ&#038;oe=69F328E5\" data-img-src-set=\"{&quot;d&quot;:&quot;https:\\\/\\\/scontent-lhr6-1.cdninstagram.com\\\/v\\\/t51.75761-15\\\/491465312_18501338878035359_1890610912149749344_n.jpg?stp=dst-jpg_e35_tt6&amp;_nc_cat=102&amp;ccb=7-5&amp;_nc_sid=18de74&amp;efg=eyJlZmdfdGFnIjoiQ0FST1VTRUxfSVRFTS5iZXN0X2ltYWdlX3VybGdlbi5DMyJ9&amp;_nc_ohc=R0dg_djcoXkQ7kNvwHSbv9Q&amp;_nc_oc=AdpzCnGrTHV4eVkXvVkmCCFcuxtQNdvwpj9F7YtuU9TmndADFcfWd-ze53gy1czHMyo&amp;_nc_zt=23&amp;_nc_ht=scontent-lhr6-1.cdninstagram.com&amp;edm=AM6HXa8EAAAA&amp;_nc_gid=NnFd7aX4hPjc8Ofix9WnEw&amp;oh=00_Af25wwjwLV8tAZeSbE-dZekYcGRFm5abfT3fK8PT_i5qgQ&amp;oe=69F328E5&quot;,&quot;150&quot;:&quot;https:\\\/\\\/scontent-lhr6-1.cdninstagram.com\\\/v\\\/t51.75761-15\\\/491465312_18501338878035359_1890610912149749344_n.jpg?stp=dst-jpg_e35_tt6&amp;_nc_cat=102&amp;ccb=7-5&amp;_nc_sid=18de74&amp;efg=eyJlZmdfdGFnIjoiQ0FST1VTRUxfSVRFTS5iZXN0X2ltYWdlX3VybGdlbi5DMyJ9&amp;_nc_ohc=R0dg_djcoXkQ7kNvwHSbv9Q&amp;_nc_oc=AdpzCnGrTHV4eVkXvVkmCCFcuxtQNdvwpj9F7YtuU9TmndADFcfWd-ze53gy1czHMyo&amp;_nc_zt=23&amp;_nc_ht=scontent-lhr6-1.cdninstagram.com&amp;edm=AM6HXa8EAAAA&amp;_nc_gid=NnFd7aX4hPjc8Ofix9WnEw&amp;oh=00_Af25wwjwLV8tAZeSbE-dZekYcGRFm5abfT3fK8PT_i5qgQ&amp;oe=69F328E5&quot;,&quot;320&quot;:&quot;https:\\\/\\\/scontent-lhr6-1.cdninstagram.com\\\/v\\\/t51.75761-15\\\/491465312_18501338878035359_1890610912149749344_n.jpg?stp=dst-jpg_e35_tt6&amp;_nc_cat=102&amp;ccb=7-5&amp;_nc_sid=18de74&amp;efg=eyJlZmdfdGFnIjoiQ0FST1VTRUxfSVRFTS5iZXN0X2ltYWdlX3VybGdlbi5DMyJ9&amp;_nc_ohc=R0dg_djcoXkQ7kNvwHSbv9Q&amp;_nc_oc=AdpzCnGrTHV4eVkXvVkmCCFcuxtQNdvwpj9F7YtuU9TmndADFcfWd-ze53gy1czHMyo&amp;_nc_zt=23&amp;_nc_ht=scontent-lhr6-1.cdninstagram.com&amp;edm=AM6HXa8EAAAA&amp;_nc_gid=NnFd7aX4hPjc8Ofix9WnEw&amp;oh=00_Af25wwjwLV8tAZeSbE-dZekYcGRFm5abfT3fK8PT_i5qgQ&amp;oe=69F328E5&quot;,&quot;640&quot;:&quot;https:\\\/\\\/scontent-lhr6-1.cdninstagram.com\\\/v\\\/t51.75761-15\\\/491465312_18501338878035359_1890610912149749344_n.jpg?stp=dst-jpg_e35_tt6&amp;_nc_cat=102&amp;ccb=7-5&amp;_nc_sid=18de74&amp;efg=eyJlZmdfdGFnIjoiQ0FST1VTRUxfSVRFTS5iZXN0X2ltYWdlX3VybGdlbi5DMyJ9&amp;_nc_ohc=R0dg_djcoXkQ7kNvwHSbv9Q&amp;_nc_oc=AdpzCnGrTHV4eVkXvVkmCCFcuxtQNdvwpj9F7YtuU9TmndADFcfWd-ze53gy1czHMyo&amp;_nc_zt=23&amp;_nc_ht=scontent-lhr6-1.cdninstagram.com&amp;edm=AM6HXa8EAAAA&amp;_nc_gid=NnFd7aX4hPjc8Ofix9WnEw&amp;oh=00_Af25wwjwLV8tAZeSbE-dZekYcGRFm5abfT3fK8PT_i5qgQ&amp;oe=69F328E5&quot;}\">\n\t\t\t<span class=\"sbi-screenreader\">Los Pirineos de traves\u00eda son quiz\u00e1s nuestro viaje con<\/span>\n\t\t\t<svg class=\"svg-inline--fa fa-clone fa-w-16 sbi_lightbox_carousel_icon\" aria-hidden=\"true\" aria-label=\"Clon\" data-fa-pro\u0192cessed=\"\" data-prefix=\"far\" data-icon=\"clone\" role=\"img\" xmlns=\"http:\/\/www.w3.org\/2000\/svg\" viewbox=\"0 0 512 512\">\n                    <path fill=\"currentColor\" d=\"M464 0H144c-26.51 0-48 21.49-48 48v48H48c-26.51 0-48 21.49-48 48v320c0 26.51 21.49 48 48 48h320c26.51 0 48-21.49 48-48v-48h48c26.51 0 48-21.49 48-48V48c0-26.51-21.49-48-48-48zM362 464H54a6 6 0 0 1-6-6V150a6 6 0 0 1 6-6h42v224c0 26.51 21.49 48 48 48h224v42a6 6 0 0 1-6 6zm96-96H150a6 6 0 0 1-6-6V54a6 6 0 0 1 6-6h308a6 6 0 0 1 6 6v308a6 6 0 0 1-6 6z\"><\/path>\n                <\/svg>\t\t\t\t\t\t<img decoding=\"async\" src=\"https:\/\/www.basquemtb.com\/wp-content\/plugins\/instagram-feed\/img\/placeholder.png\" alt=\"El Pirineo Salvaje es quiz\u00e1s nuestro viaje con m\u00e1s variedad. Tierra gris, tierra roja, roca resbaladiza y tierra. Esta es una gran aventura a trav\u00e9s de los salvajes Prepirineos por algunos de los mejores senderos que jam\u00e1s hayas recorrido. Realizaremos el Pirineo Salvaje solo en mayo de este a\u00f1o. Luego estaremos en la costa en junio. #basquemtb #BackcountryPyrenees \u00bfTe gusta nuestro logo renovado? \u00a1Llegar\u00e1n pronto nuevas camisetas!\" aria-hidden=\"true\">\n\t\t<\/a>\n\t<\/div>\n<\/div>\t<\/div>\n\n\t<div id=\"sbi_load\" >\n\n\t\n\t\n<\/div>\n\t\t<span class=\"sbi_resized_image_data\" data-feed-id=\"*1\"\n\t\t  data-resized=\"{&quot;17878443627203960&quot;:{&quot;id&quot;:&quot;491465312_18501338878035359_1890610912149749344_n&quot;,&quot;ratio&quot;:&quot;1.78&quot;,&quot;sizes&quot;:{&quot;full&quot;:640,&quot;low&quot;:320,&quot;thumb&quot;:150},&quot;extension&quot;:&quot;.webp&quot;},&quot;17963781878910657&quot;:{&quot;id&quot;:&quot;494961338_18502238731035359_7771869329109028891_n&quot;,&quot;ratio&quot;:&quot;1.33&quot;,&quot;sizes&quot;:{&quot;full&quot;:640,&quot;low&quot;:320,&quot;thumb&quot;:150},&quot;extension&quot;:&quot;.webp&quot;},&quot;18070190861012390&quot;:{&quot;id&quot;:&quot;517260956_610490241641070_2247715045198778423_n&quot;,&quot;ratio&quot;:&quot;0.56&quot;,&quot;sizes&quot;:{&quot;full&quot;:640,&quot;low&quot;:320,&quot;thumb&quot;:150},&quot;extension&quot;:&quot;.webp&quot;},&quot;17947873829991320&quot;:{&quot;id&quot;:&quot;517213967_18515296486035359_4052359954044252081_n&quot;,&quot;ratio&quot;:&quot;0.78&quot;,&quot;sizes&quot;:{&quot;full&quot;:640,&quot;low&quot;:320,&quot;thumb&quot;:150},&quot;extension&quot;:&quot;.webp&quot;},&quot;18012466916788837&quot;:{&quot;id&quot;:&quot;548976430_3347545778717229_1803714881820621433_n&quot;,&quot;ratio&quot;:&quot;0.56&quot;,&quot;sizes&quot;:{&quot;full&quot;:640,&quot;low&quot;:320,&quot;thumb&quot;:150},&quot;extension&quot;:&quot;.webp&quot;},&quot;18417335134129319&quot;:{&quot;id&quot;:&quot;549706457_799429925999977_7158375391176211146_n&quot;,&quot;ratio&quot;:&quot;0.56&quot;,&quot;sizes&quot;:{&quot;full&quot;:640,&quot;low&quot;:320,&quot;thumb&quot;:150},&quot;extension&quot;:&quot;.webp&quot;},&quot;18145887292396001&quot;:{&quot;id&quot;:&quot;604346230_18548750779035359_4720936415951395974_n&quot;,&quot;ratio&quot;:&quot;1.33&quot;,&quot;sizes&quot;:{&quot;full&quot;:640,&quot;low&quot;:320,&quot;thumb&quot;:150},&quot;extension&quot;:&quot;.webp&quot;},&quot;17977271846980018&quot;:{&quot;id&quot;:&quot;619439227_18553379878035359_7497317274021724112_n&quot;,&quot;ratio&quot;:&quot;1.54&quot;,&quot;sizes&quot;:{&quot;full&quot;:640,&quot;low&quot;:320,&quot;thumb&quot;:150},&quot;extension&quot;:&quot;.webp&quot;},&quot;17887405713425001&quot;:{&quot;id&quot;:&quot;622760488_18554995447035359_6679832829194928835_n&quot;,&quot;ratio&quot;:&quot;0.80&quot;,&quot;sizes&quot;:{&quot;full&quot;:640,&quot;low&quot;:320,&quot;thumb&quot;:150},&quot;extension&quot;:&quot;.webp&quot;},&quot;17998836359899274&quot;:{&quot;id&quot;:&quot;626511320_18557155882035359_4483437767632324946_n&quot;,&quot;ratio&quot;:&quot;1.78&quot;,&quot;sizes&quot;:{&quot;full&quot;:640,&quot;low&quot;:320,&quot;thumb&quot;:150},&quot;extension&quot;:&quot;.webp&quot;},&quot;17997236648745768&quot;:{&quot;id&quot;:&quot;648754694_18569904361035359_2912048204220191621_n&quot;,&quot;ratio&quot;:&quot;1.50&quot;,&quot;sizes&quot;:{&quot;full&quot;:640,&quot;low&quot;:320,&quot;thumb&quot;:150},&quot;extension&quot;:&quot;.webp&quot;},&quot;17865833367511685&quot;:{&quot;id&quot;:&quot;650739222_18570858232035359_6089363738622335754_n&quot;,&quot;ratio&quot;:&quot;1.77&quot;,&quot;sizes&quot;:{&quot;full&quot;:640,&quot;low&quot;:320,&quot;thumb&quot;:150},&quot;extension&quot;:&quot;.webp&quot;}}\">\n\t<\/span>\n\t<\/div>\n\n<\/div><\/div><\/div>\n\n\n\n<h2 class=\"wp-block-heading h2_post\" id=\"payment-terms-and-conditions\">T\u00e9rminos y Condiciones de Pago<\/h2>\n\n\n\n<ol class=\"wp-block-list\">\n<li class=\"text-fullscreen-list\">Los dep\u00f3sitos son totalmente reembolsables durante dos semanas despu\u00e9s de la reserva. Los dep\u00f3sitos no son reembolsables, sin embargo, si nos da tiempo suficiente para cubrir su lugar en el viaje, entonces podemos transferir sus dep\u00f3sitos a un nuevo viaje.<\/li>\n\n\n\n<li class=\"text-fullscreen-list\">La reserva no se confirmar\u00e1 hasta que le hayamos enviado un recibo completo. Por favor, no reserve ning\u00fan viaje antes de recibir el recibo. Es responsabilidad del cliente asegurarse de que los detalles en el recibo coinciden con sus requisitos. Organizamos todo de acuerdo con el recibo y no podemos aceptar responsabilidad por nada que no est\u00e9 anotado en el recibo. <\/li>\n\n\n\n<li class=\"text-fullscreen-list\">El pago restante es pagadero 2 meses antes de su viaje.<\/li>\n\n\n\n<li class=\"text-fullscreen-list\">Todos los pagos no son reembolsables en caso de cancelaci\u00f3n por parte del cliente. Le recomendamos encarecidamente que contrate un seguro de viaje al reservar, que lo proteja si necesita cancelar por cualquier motivo.<\/li>\n\n\n\n<li class=\"text-fullscreen-list\"><a href=\"https:\/\/www.basquemtb.com\/es\/condiciones-generales\/\">Aqu\u00ed tiene las condiciones completas. <\/a><\/li>\n<\/ol>\n\n\n<div class=\"wp-block-image\">\n<figure class=\"aligncenter size-full\"><img decoding=\"async\" width=\"600\" height=\"338\" src=\"https:\/\/www.basquemtb.com\/wp-content\/uploads\/BasqueMTB-Mountain-Bike-Holliday-Crash.gif\" alt=\"P\u00e1gina 404 de Accidente de Bicicleta de Monta\u00f1a BasqueMTB\" class=\"wp-image-27970\"\/><\/figure><\/div>\n\n\n<h2 class=\"wp-block-heading h2_post\" id=\"insurance-and-emergency-details\"><strong>Detalles de seguro y emergencia.<\/strong><\/h2>\n\n\n\n<ol class=\"wp-block-list\">\n<li class=\"text-fullscreen-list\">Es esencial que organicen su propio seguro para cubrirse a s\u00ed mismos y sus pertenencias personales. Este debe cubrir espec\u00edficamente el ciclismo de monta\u00f1a. Necesitamos que nos pasen una copia del seguro de todos los miembros de su grupo. <strong>Sin seguro, no hay paseo.<\/strong><\/li>\n\n\n\n<li class=\"text-fullscreen-list\">Recomendamos que su seguro lo cubra:\n<ul class=\"wp-block-list\">\n<li>Cancelaci\u00f3n de viaje. No reembolsaremos dep\u00f3sitos ni pagos que no cumplan con nuestros t\u00e9rminos y pediremos a las personas que reclamen a trav\u00e9s de su seguro en lugar de pasarnos los costos.<\/li>\n\n\n\n<li>Tu bicicleta contra robo y da\u00f1os. Nosotros <strong>No <\/strong>tener seguro para las bicicletas de los invitados porque no es posible asegurarnos tantas bicicletas.<\/li>\n\n\n\n<li>Funda para tu equipaje.<\/li>\n\n\n\n<li>Cobertura m\u00e9dica de emergencia. (La tarjeta sanitaria europea ofrece cobertura b\u00e1sica, pero el seguro abre la posibilidad de hospitales privados, lo que puede facilitar mucho las cosas).<\/li>\n\n\n\n<li>Rescate, incluido helic\u00f3ptero.<\/li>\n\n\n\n<li>Llevarte de vuelta a casa si es necesario. Si tienes una pierna rota, por ejemplo, es posible que no te permitan subir a un vuelo comercial.<\/li>\n\n\n\n<li>Estaremos montando senderos marcados, con un gu\u00eda, los viajes Pirineos llegar hasta casi 3000m y la Costa Vasca 2000m.<\/li>\n<\/ul>\n<\/li>\n\n\n\n<li class=\"text-fullscreen-list\">Si vives en la UE, necesitar\u00e1s una Tarjeta Sanitaria Europea (TSE\/EHIC) actualizada.<\/li>\n\n\n\n<li class=\"text-fullscreen-list\">Necesitamos un contacto en caso de emergencia y tambi\u00e9n una nota sobre cualquier condici\u00f3n m\u00e9dica relevante y medicamentos que est\u00e9 tomando. \u00bfPodr\u00eda por favor poner esto en un correo electr\u00f3nico y enviarlo a doug@basquemtb.com?<\/li>\n\n\n\n<li class=\"text-fullscreen-list\"><strong>Sin seguro, no hay paseo. <\/strong>Esto es un requisito legal aqu\u00ed en Espa\u00f1a. Si se presenta sin seguro, le organizaremos el seguro b\u00e1sico y se lo cobraremos. El coste es de 100 \u20ac a la semana (o 75 \u20ac si nos avisa con una semana de antelaci\u00f3n). Esto solo cubrir\u00e1 el rescate y los gastos m\u00e9dicos, no sus maletas, bicicletas ni cancelaciones.<\/li>\n<\/ol>\n\n\n\n<div class=\"wp-block-cover is-light\"><span aria-hidden=\"true\" class=\"wp-block-cover__background has-background-dim-0 has-background-dim\" style=\"background-color:#808482\"><\/span><img decoding=\"async\" width=\"2000\" height=\"1500\" class=\"wp-block-cover__image-background wp-image-42486\" alt=\"Bicicleta de monta\u00f1a Pyrenees Odyssey\" src=\"https:\/\/www.basquemtb.com\/wp-content\/uploads\/Pyrenees-Odyssey-187.jpg\" data-object-fit=\"cover\" srcset=\"https:\/\/www.basquemtb.com\/wp-content\/uploads\/Pyrenees-Odyssey-187-300x225.jpg 300w, https:\/\/www.basquemtb.com\/wp-content\/uploads\/Pyrenees-Odyssey-187-150x113.jpg 150w, https:\/\/www.basquemtb.com\/wp-content\/uploads\/Pyrenees-Odyssey-187-1024x768.jpg 1024w, https:\/\/www.basquemtb.com\/wp-content\/uploads\/Pyrenees-Odyssey-187-1536x1152.jpg 1536w, https:\/\/www.basquemtb.com\/wp-content\/uploads\/Pyrenees-Odyssey-187.jpg 2000w\" sizes=\"(max-width: 2000px) 100vw, 2000px\" \/><div class=\"wp-block-cover__inner-container is-layout-flow wp-block-cover-is-layout-flow\">\n<p class=\"has-text-align-center has-large-font-size\"><\/p>\n<\/div><\/div>\n\n\n\n<h2 class=\"wp-block-heading h2_post\" id=\"travel-and-transfer-information\"><strong>Informaci\u00f3n de viaje y traslado.<\/strong><\/h2>\n\n\n\n<p class=\"text-fullscreen\">Nos pondremos en contacto la semana antes de su viaje, normalmente el mi\u00e9rcoles, con informaci\u00f3n detallada sobre el traslado. La raz\u00f3n por la que lo dejamos tan tarde es que nos gusta darle una idea del clima esperado para la semana siguiente.<\/p>\n\n\n\n<ol class=\"wp-block-list\">\n<li class=\"text-fullscreen-list\">El d\u00eda de llegada es el primer s\u00e1bado. El d\u00eda de salida es el segundo s\u00e1bado. <\/li>\n\n\n\n<li class=\"text-fullscreen-list\">Para este viaje recogemos a la gente en el aeropuerto de Barcelona. Necesitas llegar antes de las 13:00 y organizaremos un traslado para todo el grupo a las 13:30.<\/li>\n\n\n\n<li class=\"text-fullscreen-list\">\u00a1El horario de los vuelos de regreso es el inverso de la llegada! Necesitas salir de Barcelona despu\u00e9s de las 13:30 aproximadamente. <\/li>\n\n\n\n<li class=\"text-fullscreen-list\">El espacio en la furgoneta es un poco limitado. La gente debe llevar una bolsa con su ropa, una mochila de ciclismo y su bolsa de bicicleta. \u00a1No te vuelvas loco al hacer la maleta!<\/li>\n\n\n\n<li class=\"text-fullscreen-list\">Por favor, almuerce antes de la recogida. Tiene un trayecto de aproximadamente 3 horas hasta el primer hotel. <\/li>\n<\/ol>\n\n\n\n<h2 class=\"wp-block-heading h2_post\" id=\"travel-check-in-check-out-driving-directions\"><strong>Viaje \/ Registrarse Salir \/ Indicaciones para llegar en coche<\/strong><\/h2>\n\n\n\n<ol class=\"wp-block-list\">\n<li class=\"text-fullscreen-list\">Si vas a conducir a tus vacaciones, necesitas contactarnos y te proporcionaremos instrucciones detalladas para conducir.<\/li>\n\n\n\n<li class=\"text-fullscreen-list\">Hay un lugar donde aparcar tu coche all\u00ed.<\/li>\n<\/ol>\n\n\n\n<h2 class=\"wp-block-heading h2_post\" id=\"accommodation-facilities\"><strong>Instalaciones de alojamiento<\/strong><\/h2>\n\n\n\n<p class=\"text-fullscreen\">Nos alojaremos en varios lugares diferentes durante este viaje. En general, la mayor\u00eda de los lugares tendr\u00e1n las siguientes instalaciones.<\/p>\n\n\n\n<ol class=\"wp-block-list\">\n<li class=\"text-fullscreen-list\">El WiFi estar\u00e1 disponible la mayor\u00eda de las noches. Algunas noches no hay cobertura celular y el WiFi no es muy bueno.<\/li>\n\n\n\n<li class=\"text-fullscreen-list\">No hay instalaciones para lavar ropa.<\/li>\n\n\n\n<li class=\"text-fullscreen-list\">Hay instalaciones para lavar bicicletas la mayor\u00eda de las noches, pero no todas. A veces estar\u00e1n en una gasolinera. Normalmente, \u00a1no tenemos que lavar las bicicletas!<\/li>\n\n\n\n<li class=\"text-fullscreen-list\">Almacenamiento seguro de bicicletas en una habitaci\u00f3n en los hoteles. Otros hu\u00e9spedes tambi\u00e9n tienen acceso a la habitaci\u00f3n, si desea llevar un candado, puede hacerlo.<\/li>\n\n\n\n<li class=\"text-fullscreen-list\">Se proporcionan s\u00e1banas, ropa de cama, toallas, etc. \u00a1Esto deber\u00eda ser obvio por la calidad del alojamiento que utilizamos! \u263a<\/li>\n\n\n\n<li class=\"text-fullscreen-list\">Todas las habitaciones son compartidas. Puede que tengas suerte si viajas solo y consigues una habitaci\u00f3n individual, pero intentaremos emparejarte con alguien. Para tener una habitaci\u00f3n individual garantizada, h\u00e1znoslo saber y hay un cargo adicional por esto. <\/li>\n<\/ol>\n\n\n\n<figure class=\"wp-block-gallery has-nested-images columns-default is-cropped wp-block-gallery-1 is-layout-flex wp-block-gallery-is-layout-flex\">\n<figure class=\"wp-block-image size-large\"><img decoding=\"async\" width=\"1024\" height=\"768\" data-id=\"42474\" src=\"https:\/\/www.basquemtb.com\/wp-content\/uploads\/Pyrenees-Odyssey-12-1024x768.jpg\" alt=\"Bicicleta de monta\u00f1a Pyrenees Odyssey\" class=\"wp-image-42474\" srcset=\"https:\/\/www.basquemtb.com\/wp-content\/uploads\/Pyrenees-Odyssey-12-1024x768.jpg 1024w, https:\/\/www.basquemtb.com\/wp-content\/uploads\/Pyrenees-Odyssey-12-300x225.jpg 300w, https:\/\/www.basquemtb.com\/wp-content\/uploads\/Pyrenees-Odyssey-12-150x113.jpg 150w, https:\/\/www.basquemtb.com\/wp-content\/uploads\/Pyrenees-Odyssey-12-1536x1152.jpg 1536w, https:\/\/www.basquemtb.com\/wp-content\/uploads\/Pyrenees-Odyssey-12.jpg 2000w\" sizes=\"(max-width: 1024px) 100vw, 1024px\" \/><\/figure>\n\n\n\n<figure class=\"wp-block-image size-large\"><img decoding=\"async\" width=\"1024\" height=\"768\" data-id=\"42470\" src=\"https:\/\/www.basquemtb.com\/wp-content\/uploads\/Pyrenees-Odyssey-17-1024x768.jpg\" alt=\"Bicicleta de monta\u00f1a Pyrenees Odyssey\" class=\"wp-image-42470\" srcset=\"https:\/\/www.basquemtb.com\/wp-content\/uploads\/Pyrenees-Odyssey-17-1024x768.jpg 1024w, https:\/\/www.basquemtb.com\/wp-content\/uploads\/Pyrenees-Odyssey-17-300x225.jpg 300w, https:\/\/www.basquemtb.com\/wp-content\/uploads\/Pyrenees-Odyssey-17-150x113.jpg 150w, https:\/\/www.basquemtb.com\/wp-content\/uploads\/Pyrenees-Odyssey-17-1536x1152.jpg 1536w, https:\/\/www.basquemtb.com\/wp-content\/uploads\/Pyrenees-Odyssey-17.jpg 2000w\" sizes=\"(max-width: 1024px) 100vw, 1024px\" \/><\/figure>\n\n\n\n<figure class=\"wp-block-image size-large\"><img decoding=\"async\" width=\"1024\" height=\"684\" data-id=\"29764\" src=\"https:\/\/www.basquemtb.com\/wp-content\/uploads\/basqueMTB-Pyrenees-Odyssey-61-1-e1668183145371-1024x684.jpg\" alt=\"\" class=\"wp-image-29764\"\/><\/figure>\n<\/figure>\n\n\n\n<h2 class=\"wp-block-heading h2_post\" id=\"the-riding-number-of-uplifts\"><strong>La equitaci\u00f3n \/ N\u00famero de subidas<\/strong><\/h2>\n\n\n\n<ol class=\"wp-block-list\">\n<li class=\"text-fullscreen-list\">Esperamos que no hayas llegado hasta aqu\u00ed sin tener una buena idea de la ruta. Si es as\u00ed, env\u00edanos un correo electr\u00f3nico y te lo explicaremos todo.<\/li>\n\n\n\n<li class=\"text-fullscreen-list\">Si desea m\u00e1s informaci\u00f3n sobre c\u00f3mo prepararse para un viaje a la Odisea de los Pirineos, tenemos un art\u00edculo aqu\u00ed. <a href=\"\/es\/preparacion-de-un-gran-viaje-en-bicicleta-de-montana\/\">Prepar\u00e1ndome para un gran viaje en bicicleta de monta\u00f1a.<\/a><\/li>\n<\/ol>\n\n\n\n<h2 class=\"wp-block-heading h2_post\" id=\"rental-bikes\"><strong>Bicicletas de alquiler<\/strong><\/h2>\n\n\n\n<ol class=\"wp-block-list\">\n<li class=\"text-fullscreen-list\">Contamos con una peque\u00f1a flota de bicicletas de alquiler. Estas est\u00e1n disponibles por orden de llegada. Si da\u00f1a su bicicleta de forma irreparable, intentaremos ofrecerle una bicicleta de alquiler si hay una disponible.<\/li>\n\n\n\n<li class=\"text-fullscreen-list\">Para todas las bicicletas de alquiler usted es<strong> responsable del robo y cualquier da\u00f1o<\/strong> que ocurre, adem\u00e1s del desgaste normal. Esto significa que si se rompe un desviador, una maneta de freno, se rasgan los neum\u00e1ticos, etc., deber\u00e1 pagar su reemplazo.<\/li>\n\n\n\n<li class=\"text-fullscreen-list\">Los gu\u00edas intentar\u00e1n ayudarte con cualquier problema con las bicicletas de alquiler, sin embargo, debes conducir de manera que asegures que tu bicicleta llegue al final de la semana. \"Cond\u00facela como si fuera de alquiler\" es una forma segura de perder d\u00edas de conducci\u00f3n. <\/li>\n\n\n\n<li class=\"text-fullscreen-list\">Deber\u00edas estar preparado para ajustar las cosas de la bicicleta como lo har\u00edas en tu bicicleta en casa. Los gu\u00edas te ayudar\u00e1n, pero a veces no es posible que arreglemos todo y no deber\u00edas pensar en los gu\u00edas como tus mec\u00e1nicos personales durante toda la semana. Se espera que arregles los pinchazos y ajustes los cambios seg\u00fan sea necesario.<\/li>\n\n\n\n<li class=\"text-fullscreen-list\">Nos reservamos el derecho de retirar las bicicletas alquiladas a las personas que no las respeten. Hemos visto ejemplos de personas que montan superando sus niveles de habilidad y que las tratan como una bicicleta de alquiler, causando da\u00f1os excesivos a las mismas. Esto no es aceptable, ya que a menudo necesitamos usar las bicicletas tambi\u00e9n la semana siguiente. Daremos una advertencia y luego se retirar\u00e1 la bicicleta y no tendr\u00e1 bicicleta por el resto de su viaje. <\/li>\n<\/ol>\n\n\n\n<div class=\"wp-block-cover is-light\"><span aria-hidden=\"true\" class=\"wp-block-cover__background has-background-dim-10 has-background-dim\" style=\"background-color:#a6a6a6\"><\/span><img decoding=\"async\" width=\"2000\" height=\"1500\" class=\"wp-block-cover__image-background wp-image-29751\" alt=\"\" src=\"https:\/\/www.basquemtb.com\/wp-content\/uploads\/basqueMTB-Pyrenees-Odyssey-42-1.jpg\" data-object-fit=\"cover\" srcset=\"https:\/\/www.basquemtb.com\/wp-content\/uploads\/basqueMTB-Pyrenees-Odyssey-42-1.jpg 2000w, https:\/\/www.basquemtb.com\/wp-content\/uploads\/basqueMTB-Pyrenees-Odyssey-42-1-300x225.jpg 300w, https:\/\/www.basquemtb.com\/wp-content\/uploads\/basqueMTB-Pyrenees-Odyssey-42-1-150x113.jpg 150w, https:\/\/www.basquemtb.com\/wp-content\/uploads\/basqueMTB-Pyrenees-Odyssey-42-1-1024x768.jpg 1024w, https:\/\/www.basquemtb.com\/wp-content\/uploads\/basqueMTB-Pyrenees-Odyssey-42-1-1536x1152.jpg 1536w\" sizes=\"(max-width: 2000px) 100vw, 2000px\" \/><div class=\"wp-block-cover__inner-container is-layout-constrained wp-block-cover-is-layout-constrained\">\n<p class=\"has-text-align-center has-large-font-size\"><\/p>\n<\/div><\/div>\n\n\n\n<h2 class=\"wp-block-heading h2_post\" id=\"equipment-needed-and-recommended\"><strong>Equipo necesario y recomendado<\/strong><\/h2>\n\n\n\n<ol class=\"wp-block-list\">\n<li class=\"text-fullscreen-list\"><strong>Bicicletas<\/strong>Hay muchos niveles de senderos diferentes y tendremos una discusi\u00f3n sobre el nivel de la semana, as\u00ed que trae una bicicleta que se adapte a ese nivel. Una bicicleta de descenso completa nunca es adecuada, ya que incluso nuestras vacaciones con m\u00e1s ascensos todav\u00eda tienen algo de escalada.<\/li>\n\n\n\n<li class=\"text-fullscreen-list\"><strong>Neum\u00e1ticos<\/strong>Los neum\u00e1ticos tubeless con sellador son realmente esenciales y te ahorrar\u00e1n muchos pinchazos. Necesitas neum\u00e1ticos con una pared lateral decente, como las carcasas Maxxis DD o DH. Incluso los neum\u00e1ticos EXO+ aqu\u00ed sufrir\u00e1n a menos que seas un ciclista ligero. <strong>Conf\u00eda en nosotros, lo pasar\u00e1s mejor con neum\u00e1ticos tubeless de calidad. <\/strong><\/li>\n\n\n\n<li class=\"text-fullscreen-list\"><strong>Frenos<\/strong>Los frenos de disco con un tama\u00f1o de rotor razonable ser\u00e1n los mejores para los descensos largos que tenemos. Por favor, haz que revisen tus frenos de disco si son viejos, \u00a1te sorprender\u00eda cu\u00e1nta gente tiene problemas! Recomendamos hacerles una revisi\u00f3n 3 o 4 semanas antes de tus vacaciones para que tengas tiempo de probarlos antes de venir. <strong>Trae pastillas de freno de repuesto. <\/strong><\/li>\n\n\n\n<li class=\"text-fullscreen-list\"><strong>Pedales<\/strong>Muchos hu\u00e9spedes nos dicen que desear\u00edan haber tra\u00eddo pedales planos, ya que muchos de los senderos son t\u00e9cnicos. Recomendamos traer lo que t\u00fa uses y si deseas traer pedales planos, \u00a1pasa alg\u00fan tiempo us\u00e1ndolos antes de venir de vacaciones!<\/li>\n\n\n\n<li class=\"text-fullscreen-list\"><strong>Protecci\u00f3n<\/strong>Es una elecci\u00f3n personal y aunque recomendamos encarecidamente rodilleras como m\u00ednimo. Muchas personas usan coderas. No hacemos que las rodilleras sean obligatorias, pero si tienes dificultades para decidir, ll\u00e1manos y te contaremos sobre las personas que se perdieron muchas salidas por tener una rodilla golpeada. La armadura corporal completa probablemente no sea una buena idea ya que haremos algo de pedaleo, pero depende de ti.<\/li>\n\n\n\n<li class=\"text-fullscreen-list\"><strong>Cascos<\/strong>: Es imprescindible usar casco; sin casco, no podemos llevarte a montar. Usamos cascos abiertos, pero muchas personas se sienten m\u00e1s c\u00f3modas con un casco integral de estilo enduro. Subiremos a las motos y tambi\u00e9n deber\u00edas llevar casco para las subidas, as\u00ed que tenlo en cuenta si usas un casco integral.<\/li>\n\n\n\n<li class=\"text-fullscreen-list\"><strong>Ropa<\/strong>Las temperaturas pueden variar de frescas a muy calurosas y siempre existe la posibilidad de algo de lluvia. Estaremos montando en lo alto de las monta\u00f1as, por lo que el clima puede cambiar muy r\u00e1pidamente e incluso existe la posibilidad de algo de nieve. Recomendamos impermeable, algunas capas base de diferentes grosores, quiz\u00e1s un conjunto de mallas t\u00e9rmicas o pantalones largos, guantes de dedo largo y pantalones cortos y camisetas de montar normales. Deber\u00eda tener ropa suficiente para prepararse para condiciones dif\u00edciles hasta los 3000 m.<\/li>\n\n\n\n<li class=\"text-fullscreen-list\"><strong>Cantidad de Ropa<\/strong>Necesitas suficiente ropa para una semana completa de mountain bike sin lavar.<\/li>\n\n\n\n<li class=\"text-fullscreen-list\"><strong>Empacar<\/strong>Necesitar\u00e1s suficiente agua para medio d\u00eda completo. Tambi\u00e9n tendr\u00e1s que llevar algunos repuestos y posiblemente una chaqueta contigo durante el d\u00eda. Algunos d\u00edas tendremos que llevar nuestro almuerzo y quiz\u00e1s una capa extra de ropa si vamos a hacer un d\u00eda de monta\u00f1a grande. Tu mochila debe ser lo suficientemente grande para esto.<\/li>\n\n\n\n<li class=\"text-fullscreen-list\"><strong>Hidrataci\u00f3n<\/strong>A menudo el agua no ser\u00e1 suficiente, es posible que necesites llevar polvos de hidrataci\u00f3n en recorridos m\u00e1s largos para asegurarte de mantenerte hidratado y en condiciones de rendir.<\/li>\n\n\n\n<li><strong>Meriendas<\/strong>A veces tenemos una ma\u00f1ana ajetreada antes de la hora de comer. Necesitas llevar tus propios bocadillos. <\/li>\n\n\n\n<li class=\"text-fullscreen-list\"><strong>Recambios<\/strong> En la Bicicleta: En la bicicleta deber\u00e1s llevar una bomba, dos c\u00e1maras de aire y una patilla de cambio de repuesto. Recomendamos encarecidamente que lleves eslabones de repuesto para tu cadena y pastillas de freno.<\/li>\n\n\n\n<li class=\"text-fullscreen-list\"><strong>Recambios<\/strong> Para fuera de la bicicleta: No estaremos cerca de muchas tiendas de bicicletas y necesitar\u00e1s ser autosuficiente. Llevamos algunos repuestos comunes en las camionetas.<\/li>\n<\/ol>\n\n\n\n<div class=\"wp-block-genesis-blocks-gb-container highlight-box gb-block-container\"><div class=\"gb-container-inside\"><div class=\"gb-container-content\">\n<div style=\"color:#ddd\" class=\"wp-block-genesis-blocks-gb-spacer gb-block-spacer gb-divider-solid gb-divider-size-1\"><hr style=\"height:30px\"\/><\/div>\n\n\n\n<h2 class=\"wp-block-heading h2_frontpage\" id=\"backcountry-pyrenees-related-pages\">ODISEA DE LOS PIRINEOS | P\u00c1GINAS RELACIONADAS<\/h2>\n\n\n\n<p class=\"has-text-align-center text-fullscreen\">Antes de reservar, \u00bfpor qu\u00e9 no echar un vistazo a algunas de nuestras historias de Pirineos Odisea y vacaciones relacionadas?<\/p>\n\n\n<style type=\"text\/css\">#envira-gallery-29126 {}<\/style><div id=\"envira-gallery-wrap-29126\" class=\"envira-gallery-wrap envira-lazy-loading-enabled envira-layout-grid envira-gallery-theme-base envira-gallery-featured-content-gallery\" itemscope itemtype=\"http:\/\/schema.org\/ImageGallery\"><div class=\"envira-loader\"><div><\/div><div><\/div><div><\/div><div><\/div><\/div><div id=\"envira-gallery-29126\" class=\"envira-gallery-public envira-gallery-4-columns envira-clear\" data-envira-id=\"29126\" data-gallery-config='{\"type\":\"fc\",\"layout\":\"grid\",\"columns\":\"4\",\"gallery_theme\":\"base\",\"justified_margins\":1,\"justified_last_row\":\"nojustify\",\"lazy_loading\":1,\"lazy_loading_delay\":500,\"gutter\":10,\"margin\":10,\"image_size\":\"default\",\"square_size\":300,\"crop_width\":300,\"crop_height\":150,\"crop\":1,\"crop_position\":\"c\",\"additional_copy_0\":0,\"additional_copy_title\":0,\"additional_copy_caption\":0,\"additional_copy_title_caption\":0,\"additional_copy_0_mobile\":0,\"additional_copy_title_mobile\":0,\"additional_copy_caption_mobile\":0,\"additional_copy_title_caption_mobile\":0,\"gallery_column_title_caption\":\"title\",\"gallery_column_title_caption_mobile\":\"title\",\"additional_copy_automatic_0\":0,\"additional_copy_automatic_title\":0,\"additional_copy_automatic_caption\":0,\"additional_copy_automatic_title_caption\":0,\"additional_copy_automatic_0_mobile\":0,\"additional_copy_automatic_title_mobile\":0,\"additional_copy_automatic_caption_mobile\":0,\"additional_copy_automatic_title_caption_mobile\":0,\"gallery_automatic_title_caption\":\"0\",\"gallery_automatic_title_caption_mobile\":\"0\",\"justified_row_height\":150,\"description_position\":\"0\",\"description\":\"\",\"random\":false,\"sort_order\":false,\"sorting_direction\":false,\"image_sizes_random\":[],\"isotope\":false,\"lightbox_enabled\":0,\"gallery_link_enabled\":1,\"lightbox_theme\":\"base_dark\",\"lightbox_image_size\":\"default\",\"title_display\":\"float\",\"lightbox_title_caption\":\"title\",\"arrows\":1,\"arrows_position\":\"inside\",\"toolbar\":0,\"toolbar_title\":0,\"toolbar_position\":\"top\",\"loop\":1,\"lightbox_open_close_effect\":\"fade\",\"effect\":\"fade\",\"supersize\":0,\"thumbnails_toggle\":0,\"thumbnails_hide\":0,\"image_counter\":0,\"thumbnails\":1,\"thumbnails_width\":\"auto\",\"thumbnails_height\":\"auto\",\"thumbnails_position\":\"bottom\",\"thumbnails_custom_size\":0,\"mobile\":1,\"mobile_width\":320,\"mobile_height\":240,\"mobile_lightbox\":0,\"mobile_gallery_link_enabled\":1,\"mobile_arrows\":1,\"mobile_toolbar\":1,\"mobile_thumbnails\":1,\"mobile_touchwipe_close\":0,\"mobile_thumbnails_width\":75,\"mobile_thumbnails_height\":50,\"mobile_justified_row_height\":80,\"keyboard\":true,\"classes\":[\"\"],\"rtl\":0,\"slug\":\"trans-nomad-related-posts\",\"custom_css\":\"#envira-gallery-29126 {\\r\\n    \\\/* margin-bottom: 20px; *\\\/\\r\\n    \\\/* font-size: 18px; *\\\/\\r\\n    \\\/* font-family: \\\"roboto\\\"; *\\\/\\r\\n}\",\"fc_post_types\":[\"post\",\"page\"],\"fc_terms\":false,\"fc_terms_relation\":\"IN\",\"fc_include_posts\":[\"30455\",\"29130\",\"25826\",\"14674\"],\"fc_exclude_posts\":[],\"fc_sticky\":false,\"fc_orderby\":\"date\",\"fc_meta_key\":\"\",\"fc_order\":\"DESC\",\"fc_number\":5,\"fc_offset\":false,\"fc_status\":\"publish\",\"fc_content_type\":\"post_excerpt\",\"fc_content_length\":40,\"fc_content_ellipses\":1,\"fc_post_url\":1,\"fc_post_new_window\":0,\"fc_fallback\":\"\",\"mousewheel\":1,\"gallery_id\":29126}' data-gallery-images='[{\"status\":\"active\",\"src\":\"https:\\\/\\\/www.basquemtb.com\\\/wp-content\\\/uploads\\\/Pyrenees-Odyssey-Mountain-Bike-1.jpg\",\"title\":\"Pyrenees Odyssey | Amazing Pyrenees MTB Adventures\",\"link\":\"https:\\\/\\\/www.basquemtb.com\\\/es\\\/odisea-por-los-pirineos-increibles-aventuras-de-mtb-en-los-pirineos\\\/\",\"alt\":\"Pyrenees Odyssey | Amazing Pyrenees MTB Adventures\",\"caption\":\"Our Pyrenees Odyssey mountain bike holiday is simply the biggest adventure you can have on your mountain bike. High alpine morning and shuttled afternoons make for a perfect mountain bike holiday. \",\"thumb\":\"https:\\\/\\\/www.basquemtb.com\\\/wp-content\\\/uploads\\\/Pyrenees-Odyssey-Mountain-Bike-1-75x50_c.jpg\",\"width\":2000,\"height\":1125,\"classes\":[\"envira-gallery-post-30455\",\"envira-gallery-post\",\"envira-gallery-type-post\",\"envira-gallery-status-publish\",\"envira-gallery-format-standard\",\"envira-gallery-has-post-thumbnail\",\"envira-gallery-hentry\",\"envira-gallery-category-mtb-holiday\"],\"index\":0,\"id\":30455,\"video\":false,\"opts\":{\"caption\":\"Our Pyrenees Odyssey mountain bike holiday is simply the biggest adventure you can have on your mountain bike. High alpine morning and shuttled afternoons make for a perfect mountain bike holiday. \",\"thumb\":\"https:\\\/\\\/www.basquemtb.com\\\/wp-content\\\/uploads\\\/Pyrenees-Odyssey-Mountain-Bike-1-75x50_c.jpg\",\"title\":\"Pyrenees Odyssey | Amazing Pyrenees MTB Adventures\"},\"gallery_id\":\"29126\"},{\"status\":\"active\",\"src\":\"https:\\\/\\\/www.basquemtb.com\\\/wp-content\\\/uploads\\\/Trans-Nomad-Experience-Title.jpg\",\"title\":\"Trans-Nomad Experience\",\"link\":\"https:\\\/\\\/www.basquemtb.com\\\/es\\\/trans-nomad-experience-la-ruta\\\/\",\"alt\":\"Trans-Nomad Experience\",\"caption\":\"The Trans-Nomad Experience is possibly the best mountain bike holiday in the Pyrenees for people who want to test their limits. \",\"thumb\":\"https:\\\/\\\/www.basquemtb.com\\\/wp-content\\\/uploads\\\/Trans-Nomad-Experience-Title-75x50_c.jpg\",\"width\":1600,\"height\":1050,\"classes\":[\"envira-gallery-post-29130\",\"envira-gallery-post\",\"envira-gallery-type-post\",\"envira-gallery-status-publish\",\"envira-gallery-format-standard\",\"envira-gallery-has-post-thumbnail\",\"envira-gallery-hentry\",\"envira-gallery-category-route-guides\"],\"index\":1,\"id\":29130,\"video\":false,\"opts\":{\"caption\":\"The Trans-Nomad Experience is possibly the best mountain bike holiday in the Pyrenees for people who want to test their limits. \",\"thumb\":\"https:\\\/\\\/www.basquemtb.com\\\/wp-content\\\/uploads\\\/Trans-Nomad-Experience-Title-75x50_c.jpg\",\"title\":\"Trans-Nomad Experience\"},\"gallery_id\":\"29126\"},{\"status\":\"active\",\"src\":\"https:\\\/\\\/www.basquemtb.com\\\/wp-content\\\/uploads\\\/tour-of-aneto-mountain-bike-adventure-43.jpg\",\"title\":\"Tour of Aneto |&nbsp;Pyrenees Mountain Bike Adventure\",\"link\":\"https:\\\/\\\/www.basquemtb.com\\\/es\\\/aventura-en-bicicleta-de-montana-en-el-pirineo-de-aneto\\\/\",\"alt\":\"Tour of Aneto |&nbsp;Pyrenees Mountain Bike Adventure\",\"caption\":\"Read all about our Pyrenees mountain bike adventure, riding and camping high in the pyrenees. We call this trip our Tour of Aneto, and it was a welcome tonic. Hard for the body is good for the soul!\",\"thumb\":\"https:\\\/\\\/www.basquemtb.com\\\/wp-content\\\/uploads\\\/tour-of-aneto-mountain-bike-adventure-43-75x50_c.jpg\",\"width\":1200,\"height\":800,\"classes\":[\"envira-gallery-post-25826\",\"envira-gallery-post\",\"envira-gallery-type-post\",\"envira-gallery-status-publish\",\"envira-gallery-format-standard\",\"envira-gallery-has-post-thumbnail\",\"envira-gallery-hentry\",\"envira-gallery-category-mountain-bike-images\",\"envira-gallery-tag-camping\",\"envira-gallery-tag-high-pyrenees\",\"envira-gallery-tag-mules\",\"envira-gallery-tag-pyrenees\"],\"index\":2,\"id\":25826,\"video\":false,\"opts\":{\"caption\":\"Read all about our Pyrenees mountain bike adventure, riding and camping high in the pyrenees. We call this trip our Tour of Aneto, and it was a welcome tonic. Hard for the body is good for the soul!\",\"thumb\":\"https:\\\/\\\/www.basquemtb.com\\\/wp-content\\\/uploads\\\/tour-of-aneto-mountain-bike-adventure-43-75x50_c.jpg\",\"title\":\"Tour of Aneto |&nbsp;Pyrenees Mountain Bike Adventure\"},\"gallery_id\":\"29126\"},{\"status\":\"active\",\"src\":\"https:\\\/\\\/www.basquemtb.com\\\/wp-content\\\/uploads\\\/High-Pyrenees-Mountain-Bike-Holiday.jpg\",\"title\":\"Best Mountain Bike Trails in the Pyrenees | Our 2019 High Pyrenees\",\"link\":\"https:\\\/\\\/www.basquemtb.com\\\/es\\\/los-mejores-senderos-para-bicicleta-de-montana-en-los-pirineos\\\/\",\"alt\":\"Best Mountain Bike Trails in the Pyrenees | Our 2019 High Pyrenees\",\"caption\":false,\"thumb\":\"https:\\\/\\\/www.basquemtb.com\\\/wp-content\\\/uploads\\\/High-Pyrenees-Mountain-Bike-Holiday-75x50_c.jpg\",\"width\":1500,\"height\":828,\"classes\":[\"envira-gallery-post-14674\",\"envira-gallery-post\",\"envira-gallery-type-post\",\"envira-gallery-status-publish\",\"envira-gallery-format-standard\",\"envira-gallery-has-post-thumbnail\",\"envira-gallery-hentry\",\"envira-gallery-category-foto-y-video\",\"envira-gallery-tag-high-pyrenees\",\"envira-gallery-tag-holidays\",\"envira-gallery-tag-mountain-bike-holdiay-report\",\"envira-gallery-tag-trail-tales\"],\"index\":3,\"id\":14674,\"video\":false,\"opts\":{\"caption\":\"\",\"thumb\":\"https:\\\/\\\/www.basquemtb.com\\\/wp-content\\\/uploads\\\/High-Pyrenees-Mountain-Bike-Holiday-75x50_c.jpg\",\"title\":\"Best Mountain Bike Trails in the Pyrenees | Our 2019 High Pyrenees\"},\"gallery_id\":\"29126\"}]' data-lightbox-theme='{&quot;arrows&quot;:true,&quot;margins&quot;:[120,0],&quot;gutter&quot;:&quot;100&quot;,&quot;thumbs_position&quot;:&quot;bottom&quot;,&quot;base_template&quot;:&quot;&lt;div id=\\&quot;envirabox-29126\\&quot; data-envirabox-id=\\&quot;29126\\&quot; class=\\&quot;envirabox-container envirabox-theme-base_dark envirabox-wrap\\&quot; role=\\&quot;dialog\\&quot;&gt;&lt;div class=\\&quot;envirabox-bg\\&quot;&gt;&lt;\\\/div&gt;&lt;div class=\\&quot;envirabox-outer\\&quot;&gt;&lt;div class=\\&quot;envirabox-inner\\&quot;&gt;&lt;div class=\\&quot;envirabox-caption-wrap\\&quot;&gt;&lt;div class=\\&quot;envirabox-title\\&quot;&gt;&lt;\\\/div&gt;&lt;\\\/div&gt;&lt;div class=\\&quot;envirabox-toolbar\\&quot;&gt;&lt;div class=\\&quot;envira-close-button\\&quot;&gt;&lt;a data-envirabox-close class=\\&quot;envirabox-item envirabox-close envirabox-button--close\\&quot; title=\\&quot;Cerrar\\&quot; href=\\&quot;#\\&quot;&gt;&lt;\\\/a&gt;&lt;\\\/div&gt;&lt;\\\/div&gt;&lt;div class=\\&quot;envirabox-navigation\\&quot;&gt;&lt;a data-envirabox-prev title=\\&quot;Anterior\\&quot; class=\\&quot;envirabox-arrow envirabox-arrow--left envirabox-nav envirabox-prev\\&quot; href=\\&quot;#\\&quot;&gt;&lt;span&gt;&lt;\\\/span&gt;&lt;\\\/a&gt;&lt;a data-envirabox-next title=\\&quot;Siguiente\\&quot; class=\\&quot;envirabox-arrow envirabox-arrow--right envirabox-nav envirabox-next\\&quot; href=\\&quot;#\\&quot;&gt;&lt;span&gt;&lt;\\\/span&gt;&lt;\\\/a&gt;&lt;\\\/div&gt;&lt;div class=\\&quot;envirabox-stage\\&quot;&gt;&lt;\\\/div&gt;&lt;\\\/div&gt;&lt;\\\/div&gt;&lt;\\\/div&gt;&quot;,&quot;load_all&quot;:false,&quot;error_template&quot;:&quot;&lt;div class=\\&quot;envirabox-error\\&quot;&gt;&lt;p&gt;{{ERROR}}&lt;p&gt;&lt;\\\/div&gt;&quot;,&quot;inner_caption&quot;:false,&quot;caption_position&quot;:false,&quot;arrow_position&quot;:false,&quot;toolbar&quot;:true,&quot;infobar&quot;:false,&quot;show_smallbtn&quot;:false,&quot;idle_time&quot;:false,&quot;click_content&quot;:false,&quot;click_slide&quot;:false,&quot;click_outside&quot;:false,&quot;animation_duration&quot;:false,&quot;transition_duration&quot;:false,&quot;small_btn_template&quot;:&quot;&lt;a data-envirabox-close class=\\&quot;envirabox-item envirabox-close envirabox-button--close\\&quot; title=\\&quot;Cerrar\\&quot; href=\\&quot;#\\&quot;&gt;&lt;\\\/a&gt;&quot;}'><div id=\"envira-gallery-item-30455\" class=\"envira-gallery-item envira-gallery-item-1 envira-lazy-load envira-gallery-post-30455 envira-gallery-post envira-gallery-type-post envira-gallery-status-publish envira-gallery-format-standard envira-gallery-has-post-thumbnail envira-gallery-hentry envira-gallery-category-mtb-holiday\" style=\"padding-left: 5px; padding-bottom: 10px; padding-right: 5px;\"  itemscope itemtype=\"http:\/\/schema.org\/ImageObject\"><div class=\"envira-gallery-item-inner\"><div class=\"envira-gallery-position-overlay envira-gallery-top-left\"><\/div><div class=\"envira-gallery-position-overlay envira-gallery-top-right\"><\/div><div class=\"envira-gallery-position-overlay envira-gallery-bottom-left\"><\/div><div class=\"envira-gallery-position-overlay envira-gallery-bottom-right\"><\/div><a class=\"envira-gallery-29126 envira-gallery-link-disabled\" href=\"https:\/\/www.basquemtb.com\/es\/odisea-por-los-pirineos-increibles-aventuras-de-mtb-en-los-pirineos\/\" title=\"Pyrenees Odyssey | Aventuras en BTT por los Pirineos\" data-caption=\"Our Pyrenees Odyssey mountain bike holiday is simply the biggest adventure you can have on your...\" data-envira-item-id=\"30455\" data-envira-retina=\"https:\/\/www.basquemtb.com\/wp-content\/uploads\/Pyrenees-Odyssey-Mountain-Bike-1.jpg\" data-thumb=\"https:\/\/www.basquemtb.com\/wp-content\/uploads\/Pyrenees-Odyssey-Mountain-Bike-1-75x50_c.jpg\" data-title=\"Pyrenees Odyssey | Amazing Pyrenees MTB Adventures\" data-envirabox=\"29126\" itemprop=\"contentUrl\" data-><div class=\"envira-lazy\" style=\"padding-bottom: 50%;\" data-envira-changed=\"false\" data-width=\"300\" data-height=\"150\"><img decoding=\"async\" src=\"https:\/\/www.basquemtb.com\/wp-content\/uploads\/Pyrenees-Odyssey-Mountain-Bike-1-300x150_c.jpg\" alt=\"Pyrenees Odyssey | Aventuras en BTT por los Pirineos\" class=\"envira-gallery-image envira-gallery-image-1    envira-lazy\" height=\"150\" id=\"envira-gallery-image-30455\" srcset=\"data:image\/gif;base64,R0lGODlhAQABAIAAAP\/\/\/\/\/\/\/yH5BAEKAAEALAAAAAABAAEAAAICTAEAOw==\" tabindex=\"-1\" title=\"Pyrenees Odyssey | Aventuras en BTT por los Pirineos\" width=\"300\" data-caption=\"Our Pyrenees Odyssey mountain bike holiday is simply the biggest adventure you can have on your...\" data-envira-gallery-id=\"29126\" data-envira-index=\"0\" data-envira-item-id=\"30455\" data-envira-src=\"https:\/\/www.basquemtb.com\/wp-content\/uploads\/Pyrenees-Odyssey-Mountain-Bike-1-300x150_c.jpg\" data-envira-srcset=\"https:\/\/www.basquemtb.com\/wp-content\/uploads\/Pyrenees-Odyssey-Mountain-Bike-1-300x150_c.jpg 400w, https:\/\/www.basquemtb.com\/wp-content\/uploads\/Pyrenees-Odyssey-Mountain-Bike-1-300x150_c.jpg 2x\" data-title=\"Pyrenees Odyssey | Amazing Pyrenees MTB Adventures\" itemprop=\"thumbnailUrl\"  data-no-lazy=\"1\"  data-envirabox=\"29126\" \/><\/div><\/a><div class=\"envira-gallery-captioned-data envira-gallery-captioned-data-base\"><span class='envira-title envira-gallery-captioned-text title-30455'>Pyrenees Odyssey | Aventuras en BTT por los Pirineos<\/span><\/div><\/div><\/div><div id=\"envira-gallery-item-29130\" class=\"envira-gallery-item envira-gallery-item-2 envira-lazy-load envira-gallery-post-29130 envira-gallery-post envira-gallery-type-post envira-gallery-status-publish envira-gallery-format-standard envira-gallery-has-post-thumbnail envira-gallery-hentry envira-gallery-category-route-guides\" style=\"padding-left: 5px; padding-bottom: 10px; padding-right: 5px;\"  itemscope itemtype=\"http:\/\/schema.org\/ImageObject\"><div class=\"envira-gallery-item-inner\"><div class=\"envira-gallery-position-overlay envira-gallery-top-left\"><\/div><div class=\"envira-gallery-position-overlay envira-gallery-top-right\"><\/div><div class=\"envira-gallery-position-overlay envira-gallery-bottom-left\"><\/div><div class=\"envira-gallery-position-overlay envira-gallery-bottom-right\"><\/div><a class=\"envira-gallery-29126 envira-gallery-link-disabled\" href=\"https:\/\/www.basquemtb.com\/es\/trans-nomad-experience-la-ruta\/\" title=\"Experiencia transn\u00f3mada\" data-caption=\"The Trans-Nomad Experience is possibly the best mountain bike holiday in the Pyrenees for people...\" data-envira-item-id=\"29130\" data-envira-retina=\"https:\/\/www.basquemtb.com\/wp-content\/uploads\/Trans-Nomad-Experience-Title.jpg\" data-thumb=\"https:\/\/www.basquemtb.com\/wp-content\/uploads\/Trans-Nomad-Experience-Title-75x50_c.jpg\" data-title=\"Trans-Nomad Experience\" data-envirabox=\"29126\" itemprop=\"contentUrl\" data-><div class=\"envira-lazy\" style=\"padding-bottom: 50%;\" data-envira-changed=\"false\" data-width=\"300\" data-height=\"150\"><img decoding=\"async\" src=\"https:\/\/www.basquemtb.com\/wp-content\/uploads\/Trans-Nomad-Experience-Title-300x150_c.jpg\" alt=\"Experiencia transn\u00f3mada\" class=\"envira-gallery-image envira-gallery-image-2    envira-lazy\" height=\"150\" id=\"envira-gallery-image-29130\" srcset=\"data:image\/gif;base64,R0lGODlhAQABAIAAAP\/\/\/\/\/\/\/yH5BAEKAAEALAAAAAABAAEAAAICTAEAOw==\" tabindex=\"-1\" title=\"Experiencia transn\u00f3mada\" width=\"300\" data-caption=\"The Trans-Nomad Experience is possibly the best mountain bike holiday in the Pyrenees for people...\" data-envira-gallery-id=\"29126\" data-envira-index=\"1\" data-envira-item-id=\"29130\" data-envira-src=\"https:\/\/www.basquemtb.com\/wp-content\/uploads\/Trans-Nomad-Experience-Title-300x150_c.jpg\" data-envira-srcset=\"https:\/\/www.basquemtb.com\/wp-content\/uploads\/Trans-Nomad-Experience-Title-300x150_c.jpg 400w, https:\/\/www.basquemtb.com\/wp-content\/uploads\/Trans-Nomad-Experience-Title-300x150_c.jpg 2x\" data-title=\"Trans-Nomad Experience\" itemprop=\"thumbnailUrl\"  data-no-lazy=\"1\"  data-envirabox=\"29126\" \/><\/div><\/a><div class=\"envira-gallery-captioned-data envira-gallery-captioned-data-base\"><span class='envira-title envira-gallery-captioned-text title-29130'>Experiencia transn\u00f3mada<\/span><\/div><\/div><\/div><div id=\"envira-gallery-item-25826\" class=\"envira-gallery-item envira-gallery-item-3 envira-lazy-load envira-gallery-post-25826 envira-gallery-post envira-gallery-type-post envira-gallery-status-publish envira-gallery-format-standard envira-gallery-has-post-thumbnail envira-gallery-hentry envira-gallery-category-mountain-bike-images envira-gallery-tag-camping envira-gallery-tag-high-pyrenees envira-gallery-tag-mules envira-gallery-tag-pyrenees\" style=\"padding-left: 5px; padding-bottom: 10px; padding-right: 5px;\"  itemscope itemtype=\"http:\/\/schema.org\/ImageObject\"><div class=\"envira-gallery-item-inner\"><div class=\"envira-gallery-position-overlay envira-gallery-top-left\"><\/div><div class=\"envira-gallery-position-overlay envira-gallery-top-right\"><\/div><div class=\"envira-gallery-position-overlay envira-gallery-bottom-left\"><\/div><div class=\"envira-gallery-position-overlay envira-gallery-bottom-right\"><\/div><a class=\"envira-gallery-29126 envira-gallery-link-disabled\" href=\"https:\/\/www.basquemtb.com\/es\/aventura-en-bicicleta-de-montana-en-el-pirineo-de-aneto\/\" title=\"Vuelta al Aneto | Pirineos Aventura BTT\" data-caption=\"Read all about our Pyrenees mountain bike adventure, riding and camping high in the pyrenees. We...\" data-envira-item-id=\"25826\" data-envira-retina=\"https:\/\/www.basquemtb.com\/wp-content\/uploads\/tour-of-aneto-mountain-bike-adventure-43.jpg\" data-thumb=\"https:\/\/www.basquemtb.com\/wp-content\/uploads\/tour-of-aneto-mountain-bike-adventure-43-75x50_c.jpg\" data-title=\"Tour of Aneto |\u00a0Pyrenees Mountain Bike Adventure\" data-envirabox=\"29126\" itemprop=\"contentUrl\" data-><div class=\"envira-lazy\" style=\"padding-bottom: 50%;\" data-envira-changed=\"false\" data-width=\"300\" data-height=\"150\"><img decoding=\"async\" src=\"https:\/\/www.basquemtb.com\/wp-content\/uploads\/tour-of-aneto-mountain-bike-adventure-43-300x150_c.jpg\" alt=\"Vuelta al Aneto | Pirineos Aventura BTT\" class=\"envira-gallery-image envira-gallery-image-3    envira-lazy\" height=\"150\" id=\"envira-gallery-image-25826\" srcset=\"data:image\/gif;base64,R0lGODlhAQABAIAAAP\/\/\/\/\/\/\/yH5BAEKAAEALAAAAAABAAEAAAICTAEAOw==\" tabindex=\"-1\" title=\"Vuelta al Aneto | Pirineos Aventura BTT\" width=\"300\" data-caption=\"Read all about our Pyrenees mountain bike adventure, riding and camping high in the pyrenees. We...\" data-envira-gallery-id=\"29126\" data-envira-index=\"2\" data-envira-item-id=\"25826\" data-envira-src=\"https:\/\/www.basquemtb.com\/wp-content\/uploads\/tour-of-aneto-mountain-bike-adventure-43-300x150_c.jpg\" data-envira-srcset=\"https:\/\/www.basquemtb.com\/wp-content\/uploads\/tour-of-aneto-mountain-bike-adventure-43-300x150_c.jpg 400w, https:\/\/www.basquemtb.com\/wp-content\/uploads\/tour-of-aneto-mountain-bike-adventure-43-300x150_c.jpg 2x\" data-title=\"Tour of Aneto |\u00a0Pyrenees Mountain Bike Adventure\" itemprop=\"thumbnailUrl\"  data-no-lazy=\"1\"  data-envirabox=\"29126\" \/><\/div><\/a><div class=\"envira-gallery-captioned-data envira-gallery-captioned-data-base\"><span class='envira-title envira-gallery-captioned-text title-25826'>Vuelta al Aneto | Pirineos Aventura BTT<\/span><\/div><\/div><\/div><div id=\"envira-gallery-item-14674\" class=\"envira-gallery-item envira-gallery-item-4 envira-lazy-load envira-gallery-post-14674 envira-gallery-post envira-gallery-type-post envira-gallery-status-publish envira-gallery-format-standard envira-gallery-has-post-thumbnail envira-gallery-hentry envira-gallery-category-foto-y-video envira-gallery-tag-high-pyrenees envira-gallery-tag-holidays envira-gallery-tag-mountain-bike-holdiay-report envira-gallery-tag-trail-tales\" style=\"padding-left: 5px; padding-bottom: 10px; padding-right: 5px;\"  itemscope itemtype=\"http:\/\/schema.org\/ImageObject\"><div class=\"envira-gallery-item-inner\"><div class=\"envira-gallery-position-overlay envira-gallery-top-left\"><\/div><div class=\"envira-gallery-position-overlay envira-gallery-top-right\"><\/div><div class=\"envira-gallery-position-overlay envira-gallery-bottom-left\"><\/div><div class=\"envira-gallery-position-overlay envira-gallery-bottom-right\"><\/div><a class=\"envira-gallery-29126 envira-gallery-link-disabled\" href=\"https:\/\/www.basquemtb.com\/es\/los-mejores-senderos-para-bicicleta-de-montana-en-los-pirineos\/\" title=\"Los mejores senderos para BTT en los Pirineos | Nuestros Altos Pirineos 2019\" data-caption=\"\" data-envira-item-id=\"14674\" data-envira-retina=\"https:\/\/www.basquemtb.com\/wp-content\/uploads\/High-Pyrenees-Mountain-Bike-Holiday.jpg\" data-thumb=\"https:\/\/www.basquemtb.com\/wp-content\/uploads\/High-Pyrenees-Mountain-Bike-Holiday-75x50_c.jpg\" data-title=\"Best Mountain Bike Trails in the Pyrenees | Our 2019 High Pyrenees\" data-envirabox=\"29126\" itemprop=\"contentUrl\" data-><div class=\"envira-lazy\" style=\"padding-bottom: 50%;\" data-envira-changed=\"false\" data-width=\"300\" data-height=\"150\"><img decoding=\"async\" src=\"https:\/\/www.basquemtb.com\/wp-content\/uploads\/High-Pyrenees-Mountain-Bike-Holiday-300x150_c.jpg\" alt=\"Los mejores senderos para BTT en los Pirineos | Nuestros Altos Pirineos 2019\" class=\"envira-gallery-image envira-gallery-image-4    envira-lazy\" height=\"150\" id=\"envira-gallery-image-14674\" srcset=\"data:image\/gif;base64,R0lGODlhAQABAIAAAP\/\/\/\/\/\/\/yH5BAEKAAEALAAAAAABAAEAAAICTAEAOw==\" tabindex=\"-1\" title=\"Los mejores senderos para BTT en los Pirineos | Nuestros Altos Pirineos 2019\" width=\"300\" data-caption=\"\" data-envira-gallery-id=\"29126\" data-envira-index=\"3\" data-envira-item-id=\"14674\" data-envira-src=\"https:\/\/www.basquemtb.com\/wp-content\/uploads\/High-Pyrenees-Mountain-Bike-Holiday-300x150_c.jpg\" data-envira-srcset=\"https:\/\/www.basquemtb.com\/wp-content\/uploads\/High-Pyrenees-Mountain-Bike-Holiday-300x150_c.jpg 400w, https:\/\/www.basquemtb.com\/wp-content\/uploads\/High-Pyrenees-Mountain-Bike-Holiday-300x150_c.jpg 2x\" data-title=\"Best Mountain Bike Trails in the Pyrenees | Our 2019 High Pyrenees\" itemprop=\"thumbnailUrl\"  data-no-lazy=\"1\"  data-envirabox=\"29126\" \/><\/div><\/a><div class=\"envira-gallery-captioned-data envira-gallery-captioned-data-base\"><span class='envira-title envira-gallery-captioned-text title-14674'>Los mejores senderos para BTT en los Pirineos | Nuestros Altos Pirineos 2019<\/span><\/div><\/div><\/div><\/div><\/div><noscript><img data-no-lazy=\"1\"  src='https:\/\/www.basquemtb.com\/wp-content\/uploads\/Pyrenees-Odyssey-Mountain-Bike-1.jpg' alt='Pyrenees Odyssey | Aventuras en BTT por los Pirineos' class='envira_noscript_images' \/><img data-no-lazy=\"1\"  src='https:\/\/www.basquemtb.com\/wp-content\/uploads\/Trans-Nomad-Experience-Title.jpg' alt='Experiencia transn\u00f3mada' class='envira_noscript_images' \/><img data-no-lazy=\"1\"  src='https:\/\/www.basquemtb.com\/wp-content\/uploads\/tour-of-aneto-mountain-bike-adventure-43.jpg' alt='Vuelta al Aneto | Pirineos Aventura BTT' class='envira_noscript_images' \/><img data-no-lazy=\"1\"  src='https:\/\/www.basquemtb.com\/wp-content\/uploads\/High-Pyrenees-Mountain-Bike-Holiday.jpg' alt='Los mejores senderos para BTT en los Pirineos | Nuestros Altos Pirineos 2019' class='envira_noscript_images' \/><\/noscript>\n\n\n\n<h2 class=\"wp-block-heading has-text-align-center h2_frontpage\" id=\"or-check-our-latest-stories\">O consulte nuestras \u00faltimas historias<\/h2>\n\n\n<section class=\"gb-block-post-grid featuredpost aligncenter\"><div class=\"gb-post-grid-items is-grid columns-4\"><article id=\"post-45776\" class=\"gb-post-grid-item post-45776 post type-post status-publish format-standard has-post-thumbnail hentry category-singletrack-news\"><div class=\"gb-block-post-grid-image\"><a href=\"https:\/\/www.basquemtb.com\/es\/construccion-de-senderos-de-bicicleta-de-montana-en-el-pais-vasco\/\" rel=\"bookmark\" aria-hidden=\"true\" tabindex=\"-1\"><img decoding=\"async\" width=\"150\" height=\"100\" src=\"https:\/\/www.basquemtb.com\/wp-content\/uploads\/RP-80-80-150x100.jpg\" class=\"attachment-thumbnail size-thumbnail\" alt=\"Parque de bicicletas Bera\" srcset=\"https:\/\/www.basquemtb.com\/wp-content\/uploads\/RP-80-80-150x100.jpg 150w, https:\/\/www.basquemtb.com\/wp-content\/uploads\/RP-80-80-300x200.jpg 300w, https:\/\/www.basquemtb.com\/wp-content\/uploads\/RP-80-80-1024x683.jpg 1024w, https:\/\/www.basquemtb.com\/wp-content\/uploads\/RP-80-80-768x512.jpg 768w, https:\/\/www.basquemtb.com\/wp-content\/uploads\/RP-80-80-1536x1024.jpg 1536w, https:\/\/www.basquemtb.com\/wp-content\/uploads\/RP-80-80-2048x1365.jpg 2048w, https:\/\/www.basquemtb.com\/wp-content\/uploads\/RP-80-80-18x12.jpg 18w, https:\/\/www.basquemtb.com\/wp-content\/uploads\/RP-80-80-250x167.jpg 250w, https:\/\/www.basquemtb.com\/wp-content\/uploads\/RP-80-80-600x400.jpg 600w\" sizes=\"(max-width: 150px) 100vw, 150px\" \/><\/a><\/div><div class=\"gb-block-post-grid-text\"><header class=\"gb-block-post-grid-header\"><h3 class=\"gb-block-post-grid-title\"><a href=\"https:\/\/www.basquemtb.com\/es\/construccion-de-senderos-de-bicicleta-de-montana-en-el-pais-vasco\/\" rel=\"bookmark\">Construcci\u00f3n de senderos para bicicletas de monta\u00f1a en el Pa\u00eds Vasco y construcci\u00f3n de comunidad<\/a><\/h3><div class=\"gb-block-post-grid-byline\"><time datetime=\"2025-10-05T11:43:23+00:00\" class=\"gb-block-post-grid-date\" itemprop=\"datePublished\">5 de octubre de 2025<\/time><\/div><\/header><div class=\"gb-block-post-grid-excerpt\"><p><a class=\"gb-block-post-grid-more-link gb-text-link\" href=\"https:\/\/www.basquemtb.com\/es\/construccion-de-senderos-de-bicicleta-de-montana-en-el-pais-vasco\/\" rel=\"bookmark\">Seguir leyendo <span class=\"screen-reader-text\">Construcci\u00f3n de senderos para bicicletas de monta\u00f1a en el Pa\u00eds Vasco y construcci\u00f3n de comunidad<\/span><\/a><\/p><\/div><\/div><\/article>\n<article id=\"post-45777\" class=\"gb-post-grid-item post-45777 post type-post status-publish format-standard has-post-thumbnail hentry category-mountain-bike-holiday-advice\"><div class=\"gb-block-post-grid-image\"><a href=\"https:\/\/www.basquemtb.com\/es\/telas-esenciales-para-vacaciones-de-ciclismo-de-montana\/\" rel=\"bookmark\" aria-hidden=\"true\" tabindex=\"-1\"><img decoding=\"async\" width=\"150\" height=\"84\" src=\"https:\/\/www.basquemtb.com\/wp-content\/uploads\/Essential-Spares-for-MTB-Holidays-1-1-150x84.jpg\" class=\"attachment-thumbnail size-thumbnail\" alt=\"\" srcset=\"https:\/\/www.basquemtb.com\/wp-content\/uploads\/Essential-Spares-for-MTB-Holidays-1-1-150x84.jpg 150w, https:\/\/www.basquemtb.com\/wp-content\/uploads\/Essential-Spares-for-MTB-Holidays-1-1-300x169.jpg 300w, https:\/\/www.basquemtb.com\/wp-content\/uploads\/Essential-Spares-for-MTB-Holidays-1-1-1024x576.jpg 1024w, https:\/\/www.basquemtb.com\/wp-content\/uploads\/Essential-Spares-for-MTB-Holidays-1-1-768x432.jpg 768w, https:\/\/www.basquemtb.com\/wp-content\/uploads\/Essential-Spares-for-MTB-Holidays-1-1-1536x864.jpg 1536w, https:\/\/www.basquemtb.com\/wp-content\/uploads\/Essential-Spares-for-MTB-Holidays-1-1-18x10.jpg 18w, https:\/\/www.basquemtb.com\/wp-content\/uploads\/Essential-Spares-for-MTB-Holidays-1-1-250x141.jpg 250w, https:\/\/www.basquemtb.com\/wp-content\/uploads\/Essential-Spares-for-MTB-Holidays-1-1.jpg 1867w\" sizes=\"(max-width: 150px) 100vw, 150px\" \/><\/a><\/div><div class=\"gb-block-post-grid-text\"><header class=\"gb-block-post-grid-header\"><h3 class=\"gb-block-post-grid-title\"><a href=\"https:\/\/www.basquemtb.com\/es\/telas-esenciales-para-vacaciones-de-ciclismo-de-montana\/\" rel=\"bookmark\">Esenciales para unas vacaciones de MTB<\/a><\/h3><div class=\"gb-block-post-grid-byline\"><time datetime=\"2025-08-27T15:15:48+00:00\" class=\"gb-block-post-grid-date\" itemprop=\"datePublished\">27 de agosto de 2025<\/time><\/div><\/header><div class=\"gb-block-post-grid-excerpt\"><p><a class=\"gb-block-post-grid-more-link gb-text-link\" href=\"https:\/\/www.basquemtb.com\/es\/telas-esenciales-para-vacaciones-de-ciclismo-de-montana\/\" rel=\"bookmark\">Seguir leyendo <span class=\"screen-reader-text\">Esenciales para unas vacaciones de MTB<\/span><\/a><\/p><\/div><\/div><\/article>\n<article id=\"post-45369\" class=\"gb-post-grid-item post-45369 post type-post status-publish format-standard has-post-thumbnail hentry category-mtb-holiday\"><div class=\"gb-block-post-grid-image\"><a href=\"https:\/\/www.basquemtb.com\/es\/nuestros-viajes-en-btt-pirineos-en-primavera-2025\/\" rel=\"bookmark\" aria-hidden=\"true\" tabindex=\"-1\"><img decoding=\"async\" width=\"150\" height=\"84\" src=\"https:\/\/www.basquemtb.com\/wp-content\/uploads\/Backcountry-Pyrenees-Feedback-1-1-150x84.jpg\" class=\"attachment-thumbnail size-thumbnail\" alt=\"\" srcset=\"https:\/\/www.basquemtb.com\/wp-content\/uploads\/Backcountry-Pyrenees-Feedback-1-1-150x84.jpg 150w, https:\/\/www.basquemtb.com\/wp-content\/uploads\/Backcountry-Pyrenees-Feedback-1-1-300x169.jpg 300w, https:\/\/www.basquemtb.com\/wp-content\/uploads\/Backcountry-Pyrenees-Feedback-1-1-1024x576.jpg 1024w, https:\/\/www.basquemtb.com\/wp-content\/uploads\/Backcountry-Pyrenees-Feedback-1-1-1536x864.jpg 1536w, https:\/\/www.basquemtb.com\/wp-content\/uploads\/Backcountry-Pyrenees-Feedback-1-1-2048x1152.jpg 2048w\" sizes=\"(max-width: 150px) 100vw, 150px\" \/><\/a><\/div><div class=\"gb-block-post-grid-text\"><header class=\"gb-block-post-grid-header\"><h3 class=\"gb-block-post-grid-title\"><a href=\"https:\/\/www.basquemtb.com\/es\/nuestros-viajes-en-btt-pirineos-en-primavera-2025\/\" rel=\"bookmark\">En marcha: \u00danete a una excursi\u00f3n en BTT por los Pirineos en primavera de 2025<\/a><\/h3><div class=\"gb-block-post-grid-byline\"><time datetime=\"2025-01-11T12:15:52+00:00\" class=\"gb-block-post-grid-date\" itemprop=\"datePublished\">11 de enero de 2025<\/time><\/div><\/header><div class=\"gb-block-post-grid-excerpt\"><p><a class=\"gb-block-post-grid-more-link gb-text-link\" href=\"https:\/\/www.basquemtb.com\/es\/nuestros-viajes-en-btt-pirineos-en-primavera-2025\/\" rel=\"bookmark\">Seguir leyendo <span class=\"screen-reader-text\">En marcha: \u00danete a una excursi\u00f3n en BTT por los Pirineos en primavera de 2025<\/span><\/a><\/p><\/div><\/div><\/article>\n<article id=\"post-45177\" class=\"gb-post-grid-item post-45177 post type-post status-publish format-standard has-post-thumbnail hentry category-mountain-bike-images category-singletrack-news\"><div class=\"gb-block-post-grid-image\"><a href=\"https:\/\/www.basquemtb.com\/es\/bicicleta-de-montana-en-los-pirineos-senderos-locales\/\" rel=\"bookmark\" aria-hidden=\"true\" tabindex=\"-1\"><img decoding=\"async\" width=\"150\" height=\"100\" src=\"https:\/\/www.basquemtb.com\/wp-content\/uploads\/Pyrenees-Mountain-Bike-Evolution-Trail-Tales-18-150x100.jpg\" class=\"attachment-thumbnail size-thumbnail\" alt=\"\" srcset=\"https:\/\/www.basquemtb.com\/wp-content\/uploads\/Pyrenees-Mountain-Bike-Evolution-Trail-Tales-18-150x100.jpg 150w, https:\/\/www.basquemtb.com\/wp-content\/uploads\/Pyrenees-Mountain-Bike-Evolution-Trail-Tales-18-300x200.jpg 300w, https:\/\/www.basquemtb.com\/wp-content\/uploads\/Pyrenees-Mountain-Bike-Evolution-Trail-Tales-18-1024x682.jpg 1024w, https:\/\/www.basquemtb.com\/wp-content\/uploads\/Pyrenees-Mountain-Bike-Evolution-Trail-Tales-18-768x512.jpg 768w, https:\/\/www.basquemtb.com\/wp-content\/uploads\/Pyrenees-Mountain-Bike-Evolution-Trail-Tales-18-1536x1024.jpg 1536w, https:\/\/www.basquemtb.com\/wp-content\/uploads\/Pyrenees-Mountain-Bike-Evolution-Trail-Tales-18-250x167.jpg 250w, https:\/\/www.basquemtb.com\/wp-content\/uploads\/Pyrenees-Mountain-Bike-Evolution-Trail-Tales-18-600x400.jpg 600w, https:\/\/www.basquemtb.com\/wp-content\/uploads\/Pyrenees-Mountain-Bike-Evolution-Trail-Tales-18.jpg 2000w\" sizes=\"(max-width: 150px) 100vw, 150px\" \/><\/a><\/div><div class=\"gb-block-post-grid-text\"><header class=\"gb-block-post-grid-header\"><h3 class=\"gb-block-post-grid-title\"><a href=\"https:\/\/www.basquemtb.com\/es\/bicicleta-de-montana-en-los-pirineos-senderos-locales\/\" rel=\"bookmark\">Bicicleta de monta\u00f1a en los Pirineos: Senderos y h\u00e9roes locales<\/a><\/h3><div class=\"gb-block-post-grid-byline\"><time datetime=\"2024-12-28T18:26:44+00:00\" class=\"gb-block-post-grid-date\" itemprop=\"datePublished\">28 de diciembre de 2024<\/time><\/div><\/header><div class=\"gb-block-post-grid-excerpt\"><p><a class=\"gb-block-post-grid-more-link gb-text-link\" href=\"https:\/\/www.basquemtb.com\/es\/bicicleta-de-montana-en-los-pirineos-senderos-locales\/\" rel=\"bookmark\">Seguir leyendo <span class=\"screen-reader-text\">Bicicleta de monta\u00f1a en los Pirineos: Senderos y h\u00e9roes locales<\/span><\/a><\/p><\/div><\/div><\/article>\n<\/div><\/section><\/div><\/div><\/div>","protected":false},"excerpt":{"rendered":"<p>Tour Odisea Pirineos, nuestro mayor tour de bicicletas de monta\u00f1a. Detalles para despu\u00e9s de la reserva. <\/p>","protected":false},"author":1,"featured_media":42549,"comment_status":"closed","ping_status":"closed","sticky":false,"template":"","format":"standard","meta":{"_monsterinsights_skip_tracking":false,"_monsterinsights_sitenote_active":false,"_monsterinsights_sitenote_note":"","_monsterinsights_sitenote_category":0,"footnotes":""},"categories":[1938],"tags":[],"class_list":["post-45341","post","type-post","status-publish","format-standard","has-post-thumbnail","hentry","category-welcome-information-packs"],"featured_image_src":"https:\/\/www.basquemtb.com\/wp-content\/uploads\/Pyrenees-Odyssey-235-600x400.jpg","featured_image_src_square":"https:\/\/www.basquemtb.com\/wp-content\/uploads\/Pyrenees-Odyssey-235-600x600.jpg","author_info":{"display_name":"admin","author_link":"https:\/\/www.basquemtb.com\/es\/author\/admin\/"},"_links":{"self":[{"href":"https:\/\/www.basquemtb.com\/es\/wp-json\/wp\/v2\/posts\/45341","targetHints":{"allow":["GET"]}}],"collection":[{"href":"https:\/\/www.basquemtb.com\/es\/wp-json\/wp\/v2\/posts"}],"about":[{"href":"https:\/\/www.basquemtb.com\/es\/wp-json\/wp\/v2\/types\/post"}],"author":[{"embeddable":true,"href":"https:\/\/www.basquemtb.com\/es\/wp-json\/wp\/v2\/users\/1"}],"replies":[{"embeddable":true,"href":"https:\/\/www.basquemtb.com\/es\/wp-json\/wp\/v2\/comments?post=45341"}],"version-history":[{"count":0,"href":"https:\/\/www.basquemtb.com\/es\/wp-json\/wp\/v2\/posts\/45341\/revisions"}],"wp:featuredmedia":[{"embeddable":true,"href":"https:\/\/www.basquemtb.com\/es\/wp-json\/wp\/v2\/media\/42549"}],"wp:attachment":[{"href":"https:\/\/www.basquemtb.com\/es\/wp-json\/wp\/v2\/media?parent=45341"}],"wp:term":[{"taxonomy":"category","embeddable":true,"href":"https:\/\/www.basquemtb.com\/es\/wp-json\/wp\/v2\/categories?post=45341"},{"taxonomy":"post_tag","embeddable":true,"href":"https:\/\/www.basquemtb.com\/es\/wp-json\/wp\/v2\/tags?post=45341"}],"curies":[{"name":"wp","href":"https:\/\/api.w.org\/{rel}","templated":true}]}}