{"id":4971,"date":"2012-02-13T16:46:24","date_gmt":"2012-02-13T16:46:24","guid":{"rendered":"http:\/\/localhost\/basquemtb\/?p=4971"},"modified":"2012-02-13T16:46:24","modified_gmt":"2012-02-13T16:46:24","slug":"recent-mountain-bike-photos-spain","status":"publish","type":"post","link":"https:\/\/www.basquemtb.com\/es\/fotos-recientes-de-bicicleta-de-montana-espana\/","title":{"rendered":"Algunas Fotos Recientes de Bicicleta de Monta\u00f1a"},"content":{"rendered":"Es incre\u00edble pensar que ya estamos a mitad de febrero.\u00a0<em><strong>Estaremos comenzando a ofrecer <a href=\"https:\/\/www.basquemtb.com\/es\/vacaciones-en-bicicleta-de-montana\/vacaciones-en-bicicleta-de-montana-en-espana\/\">vacaciones en bicicleta de monta\u00f1a <\/a>otra vez el mes que viene.<\/strong><\/em> \u00a1El tiempo vuela y ya las semanas se empiezan a llenar! Estas fotos han sido tomadas desde principios de 2012 y son de diversas zonas, desde la Costa Vasca hasta los Pirineos. Cada foto tiene una historia, que podr\u00e1s leer en el <a href=\"https:\/\/www.basquemtb.com\/es\/noticias-y-opiniones\/\">Secci\u00f3n de blog<\/a> de mi sitio web. \u00a1Haz clic en m\u00e1s para ver el resto de las fotos! <!--more-->Hemos estado haciendo mucho ciclismo de monta\u00f1a estas \u00faltimas semanas. Gran parte de esto ha sido para buscar nuevas \u00e1reas y nuevas rutas, aunque parte de ello ha sido simplemente para preparar las piernas para las pr\u00f3ximas vacaciones. Estas fotos son algunas de nuestras favoritas y esperamos que las disfrutes. Como siempre, los comentarios son bienvenidos, ya sea en el espacio de abajo, en nuestro <a href=\"https:\/\/www.facebook.com\/BasqueMTB\" rel=\"no-follow noopener\" target=\"_blank\">p\u00e1gina de Facebook<\/a> o en persona.\n[AFG_gallery id=\u20193\u2032]","protected":false},"excerpt":{"rendered":"<p>Algunas fotos recientes de Espa\u00f1a. <\/p>","protected":false},"author":1,"featured_media":4974,"comment_status":"open","ping_status":"open","sticky":false,"template":"","format":"standard","meta":{"_monsterinsights_skip_tracking":false,"_monsterinsights_sitenote_active":false,"_monsterinsights_sitenote_note":"","_monsterinsights_sitenote_category":0,"footnotes":""},"categories":[],"tags":[],"class_list":["post-4971","post","type-post","status-publish","format-standard","has-post-thumbnail","hentry"],"featured_image_src":"https:\/\/www.basquemtb.com\/wp-content\/uploads\/mountain-bike-holiday-spain-3.jpg","featured_image_src_square":"https:\/\/www.basquemtb.com\/wp-content\/uploads\/mountain-bike-holiday-spain-3.jpg","author_info":{"display_name":"admin","author_link":"https:\/\/www.basquemtb.com\/es\/author\/admin\/"},"_links":{"self":[{"href":"https:\/\/www.basquemtb.com\/es\/wp-json\/wp\/v2\/posts\/4971","targetHints":{"allow":["GET"]}}],"collection":[{"href":"https:\/\/www.basquemtb.com\/es\/wp-json\/wp\/v2\/posts"}],"about":[{"href":"https:\/\/www.basquemtb.com\/es\/wp-json\/wp\/v2\/types\/post"}],"author":[{"embeddable":true,"href":"https:\/\/www.basquemtb.com\/es\/wp-json\/wp\/v2\/users\/1"}],"replies":[{"embeddable":true,"href":"https:\/\/www.basquemtb.com\/es\/wp-json\/wp\/v2\/comments?post=4971"}],"version-history":[{"count":0,"href":"https:\/\/www.basquemtb.com\/es\/wp-json\/wp\/v2\/posts\/4971\/revisions"}],"wp:featuredmedia":[{"embeddable":true,"href":"https:\/\/www.basquemtb.com\/es\/wp-json\/wp\/v2\/media\/4974"}],"wp:attachment":[{"href":"https:\/\/www.basquemtb.com\/es\/wp-json\/wp\/v2\/media?parent=4971"}],"wp:term":[{"taxonomy":"category","embeddable":true,"href":"https:\/\/www.basquemtb.com\/es\/wp-json\/wp\/v2\/categories?post=4971"},{"taxonomy":"post_tag","embeddable":true,"href":"https:\/\/www.basquemtb.com\/es\/wp-json\/wp\/v2\/tags?post=4971"}],"curies":[{"name":"wp","href":"https:\/\/api.w.org\/{rel}","templated":true}]}}