{"id":5023,"date":"2012-02-20T08:18:23","date_gmt":"2012-02-20T08:18:23","guid":{"rendered":"http:\/\/localhost\/basquemtb\/?p=5023"},"modified":"2020-12-10T10:27:39","modified_gmt":"2020-12-10T10:27:39","slug":"latest-mountain-bike-video-rocky-hell-road","status":"publish","type":"post","link":"https:\/\/www.basquemtb.com\/es\/ultimo-video-de-bicicleta-de-montana-camino-infernal-rocoso\/","title":{"rendered":"\u00daltimo video de bicicleta de monta\u00f1a: \"Rocky Hell Road\""},"content":{"rendered":"<figure class=\"wp-block-embed-vimeo wp-block-embed is-type-video is-provider-vimeo wp-embed-aspect-16-9 wp-has-aspect-ratio text-fullscreen\"><div class=\"wp-block-embed__wrapper\">\nhttps:\/\/vimeo.com\/37061894\n<\/div><\/figure>\n\n\n\n<h2 class=\"wp-block-heading\">\u00a1Si quieres venir aqu\u00ed en tus vacaciones de ciclismo de monta\u00f1a, solo h\u00e1zmelo saber!<\/h2>\n\n\n\n<p class=\"text-fullscreen\">Este fin de semana Carlos y yo nos llevamos nuestras Cove G-Spots a una monta\u00f1a local que se encuentra en el Pa\u00eds Vasco, en la frontera entre Espa\u00f1a y Francia. Esta no es una ruta que gu\u00ede a menudo durante nuestro\u00a0<a rel=\"noopener noreferrer\" href=\"\/es\/\" target=\"_blank\" class=\"rank-math-link\">vacaciones en bicicleta de monta\u00f1a<\/a>es muy rocoso y duro. La subida es corta pero muy empinada, la mayor\u00eda de la gente tendr\u00e1 que empujar su bicicleta en alg\u00fan momento. El descenso es un antiguo camino de monta\u00f1a que serpentea todo el camino hasta Francia. La primera vez que lo hicimos, Carlos coment\u00f3 que era como un \"camino rocoso al infierno\", el nombre \"Rocky Hell Road\" se qued\u00f3, en realidad no es un camino; no es infernal; <strong>\u00a1Es solo ciclismo de monta\u00f1a rocoso y divertido!<\/strong><\/p>\n\n\n\n<p class=\"text-fullscreen\">Este sendero es parte del <a href=\"https:\/\/www.basquemtb.com\/es\/vacaciones-en-bicicleta-de-montana\/vacaciones-en-bicicleta-de-montana-en-espana\/\" class=\"rank-math-link\">Vacaciones en bicicleta de monta\u00f1a en la Costa Vasca. <\/a><\/p>\n\n\n\n<p class=\"text-fullscreen\">Larun es el m\u00e1s occidental de los <strong>Pirineos<\/strong>, sentado a casi un kil\u00f3metro sobre Biarritz. Siempre ha ocupado un lugar especial en la cultura y mitolog\u00eda vascas, y puedes ver la evidencia de ello en los numerosos d\u00f3lmenes, c\u00edrculos de piedras y monumentos neol\u00edticos. Algunas personas dicen que el nombre proviene de las runas encontradas talladas en las piedras de all\u00ed, otras personas dicen que significa \"buen pasto\". Ha sido utilizado como posici\u00f3n defensiva a lo largo de la historia y tambi\u00e9n como refugio para brujas. En 1912 se construy\u00f3 un tren cremallera que recorre los 905 m (3000 pies) hasta la cumbre en una ruta muy directa de 4,2 km y transporta a los turistas al bar de all\u00ed. Desafortunadamente, actualmente no se permiten bicicletas en el tren, \u00a1aunque seguimos trabajando para cambiar eso!<\/p>\n\n\n\n<p class=\"text-fullscreen\">En <strong>Puntos G de Cove<\/strong> realmente se lucen en este tipo de senderos. Es una bicicleta que se sube f\u00e1cilmente a la cima, pero que realmente te permite disfrutar del descenso. He hecho este sendero con algunas bicicletas diferentes, pero la G-Spot simplemente lleva tanta velocidad sobre las rocas que realmente la hace divertida. Esta tambi\u00e9n fue mi primera prueba real de mis Marzocchi 55 y mis impresiones iniciales de amortiguaci\u00f3n bien controlada y suavidad se reforzaron enormemente. Parecen ser suaves en todo tipo de impactos, desde la torpeza de borde cuadrado que casi toca fondo hasta el traqueteo de alta velocidad en las secciones m\u00e1s r\u00e1pidas. <\/p>\n\n\n\n<div style=\"text-align:center\" class=\"wp-block-genesis-blocks-gb-cta gb-block-cta\"><div class=\"gb-cta-content\"><h2 class=\"gb-cta-title gb-font-size-32\" style=\"color:#32373c\">\u00a1Reserve sus vacaciones en bicicleta de monta\u00f1a BasqueMTB!<\/h2><div class=\"gb-cta-text gb-font-size-32\" style=\"color:#32373c\"><p>M\u00e1s informaci\u00f3n<\/p><\/div><\/div><div class=\"gb-cta-button\"><a href=\"https:\/\/www.basquemtb.com\/es\/\" target=\"_self\" rel=\"noopener noreferrer\" class=\"gb-button gb-button-shape-rounded gb-button-size-medium\" style=\"color:#ffffff;background-color:#3373dc\">M\u00e1s informaci\u00f3n<\/a><\/div><\/div>\n\n\n\n<h2 class=\"wp-block-heading has-text-align-center h2_post\">Consulte nuestras \u00faltimas historias<\/h2>\n\n\n<div class=\"gb-block-post-grid featuredpost aligncenter text-smaller blog_footer\"><div class=\"gb-post-grid-items is-grid columns-4\"><article id=\"post-45776\" class=\"gb-post-grid-item post-45776 post type-post status-publish format-standard has-post-thumbnail hentry category-singletrack-news\"><div class=\"gb-block-post-grid-image\"><a href=\"https:\/\/www.basquemtb.com\/es\/construccion-de-senderos-de-bicicleta-de-montana-en-el-pais-vasco\/\" rel=\"bookmark\" aria-hidden=\"true\" tabindex=\"-1\"><img decoding=\"async\" width=\"350\" height=\"250\" src=\"https:\/\/www.basquemtb.com\/wp-content\/uploads\/RP-80-80-350x250.jpg\" class=\"attachment-rta_thumb_center_center_350x250 size-rta_thumb_center_center_350x250\" alt=\"Parque de bicicletas Bera\" srcset=\"https:\/\/www.basquemtb.com\/wp-content\/uploads\/RP-80-80-350x250.jpg 350w, https:\/\/www.basquemtb.com\/wp-content\/uploads\/RP-80-80-18x12.jpg 18w, https:\/\/www.basquemtb.com\/wp-content\/uploads\/RP-80-80-630x450.jpg 630w\" sizes=\"(max-width: 350px) 100vw, 350px\" \/><\/a><\/div><div class=\"gb-block-post-grid-text\"><header class=\"gb-block-post-grid-header\"><h3 class=\"gb-block-post-grid-title\"><a href=\"https:\/\/www.basquemtb.com\/es\/construccion-de-senderos-de-bicicleta-de-montana-en-el-pais-vasco\/\" rel=\"bookmark\">Construcci\u00f3n de senderos para bicicletas de monta\u00f1a en el Pa\u00eds Vasco y construcci\u00f3n de comunidad<\/a><\/h3><div class=\"gb-block-post-grid-byline\"><\/div><\/header><div class=\"gb-block-post-grid-excerpt\"><\/div><\/div><\/article>\n<article id=\"post-45777\" class=\"gb-post-grid-item post-45777 post type-post status-publish format-standard has-post-thumbnail hentry category-mountain-bike-holiday-advice\"><div class=\"gb-block-post-grid-image\"><a href=\"https:\/\/www.basquemtb.com\/es\/telas-esenciales-para-vacaciones-de-ciclismo-de-montana\/\" rel=\"bookmark\" aria-hidden=\"true\" tabindex=\"-1\"><img decoding=\"async\" width=\"350\" height=\"250\" src=\"https:\/\/www.basquemtb.com\/wp-content\/uploads\/Essential-Spares-for-MTB-Holidays-1-1-350x250.jpg\" class=\"attachment-rta_thumb_center_center_350x250 size-rta_thumb_center_center_350x250\" alt=\"\" srcset=\"https:\/\/www.basquemtb.com\/wp-content\/uploads\/Essential-Spares-for-MTB-Holidays-1-1-350x250.jpg 350w, https:\/\/www.basquemtb.com\/wp-content\/uploads\/Essential-Spares-for-MTB-Holidays-1-1-630x450.jpg 630w\" sizes=\"(max-width: 350px) 100vw, 350px\" \/><\/a><\/div><div class=\"gb-block-post-grid-text\"><header class=\"gb-block-post-grid-header\"><h3 class=\"gb-block-post-grid-title\"><a href=\"https:\/\/www.basquemtb.com\/es\/telas-esenciales-para-vacaciones-de-ciclismo-de-montana\/\" rel=\"bookmark\">Esenciales para unas vacaciones de MTB<\/a><\/h3><div class=\"gb-block-post-grid-byline\"><\/div><\/header><div class=\"gb-block-post-grid-excerpt\"><\/div><\/div><\/article>\n<article id=\"post-45369\" class=\"gb-post-grid-item post-45369 post type-post status-publish format-standard has-post-thumbnail hentry category-mtb-holiday\"><div class=\"gb-block-post-grid-image\"><a href=\"https:\/\/www.basquemtb.com\/es\/nuestros-viajes-en-btt-pirineos-en-primavera-2025\/\" rel=\"bookmark\" aria-hidden=\"true\" tabindex=\"-1\"><img decoding=\"async\" width=\"350\" height=\"250\" src=\"https:\/\/www.basquemtb.com\/wp-content\/uploads\/Backcountry-Pyrenees-Feedback-1-1-350x250.jpg\" class=\"attachment-rta_thumb_center_center_350x250 size-rta_thumb_center_center_350x250\" alt=\"\" srcset=\"https:\/\/www.basquemtb.com\/wp-content\/uploads\/Backcountry-Pyrenees-Feedback-1-1-350x250.jpg 350w, https:\/\/www.basquemtb.com\/wp-content\/uploads\/Backcountry-Pyrenees-Feedback-1-1-630x450.jpg 630w\" sizes=\"(max-width: 350px) 100vw, 350px\" \/><\/a><\/div><div class=\"gb-block-post-grid-text\"><header class=\"gb-block-post-grid-header\"><h3 class=\"gb-block-post-grid-title\"><a href=\"https:\/\/www.basquemtb.com\/es\/nuestros-viajes-en-btt-pirineos-en-primavera-2025\/\" rel=\"bookmark\">En marcha: \u00danete a una excursi\u00f3n en BTT por los Pirineos en primavera de 2025<\/a><\/h3><div class=\"gb-block-post-grid-byline\"><\/div><\/header><div class=\"gb-block-post-grid-excerpt\"><\/div><\/div><\/article>\n<article id=\"post-45177\" class=\"gb-post-grid-item post-45177 post type-post status-publish format-standard has-post-thumbnail hentry category-mountain-bike-images category-singletrack-news\"><div class=\"gb-block-post-grid-image\"><a href=\"https:\/\/www.basquemtb.com\/es\/bicicleta-de-montana-en-los-pirineos-senderos-locales\/\" rel=\"bookmark\" aria-hidden=\"true\" tabindex=\"-1\"><img decoding=\"async\" width=\"350\" height=\"250\" src=\"https:\/\/www.basquemtb.com\/wp-content\/uploads\/Pyrenees-Mountain-Bike-Evolution-Trail-Tales-18-350x250.jpg\" class=\"attachment-rta_thumb_center_center_350x250 size-rta_thumb_center_center_350x250\" alt=\"\" srcset=\"https:\/\/www.basquemtb.com\/wp-content\/uploads\/Pyrenees-Mountain-Bike-Evolution-Trail-Tales-18-350x250.jpg 350w, https:\/\/www.basquemtb.com\/wp-content\/uploads\/Pyrenees-Mountain-Bike-Evolution-Trail-Tales-18-630x450.jpg 630w\" sizes=\"(max-width: 350px) 100vw, 350px\" \/><\/a><\/div><div class=\"gb-block-post-grid-text\"><header class=\"gb-block-post-grid-header\"><h3 class=\"gb-block-post-grid-title\"><a href=\"https:\/\/www.basquemtb.com\/es\/bicicleta-de-montana-en-los-pirineos-senderos-locales\/\" rel=\"bookmark\">Bicicleta de monta\u00f1a en los Pirineos: Senderos y h\u00e9roes locales<\/a><\/h3><div class=\"gb-block-post-grid-byline\"><\/div><\/header><div class=\"gb-block-post-grid-excerpt\"><\/div><\/div><\/article>\n<\/div><\/div>","protected":false},"excerpt":{"rendered":"<p>Nuestro \u00faltimo video de ciclismo de monta\u00f1a. Av\u00edsanos si quieres rodar aqu\u00ed en tus vacaciones de ciclismo de monta\u00f1a con Basque MTB.<\/p>","protected":false},"author":1,"featured_media":9763,"comment_status":"open","ping_status":"open","sticky":false,"template":"","format":"standard","meta":{"_monsterinsights_skip_tracking":false,"_monsterinsights_sitenote_active":false,"_monsterinsights_sitenote_note":"","_monsterinsights_sitenote_category":0,"footnotes":""},"categories":[134],"tags":[],"class_list":["post-5023","post","type-post","status-publish","format-standard","has-post-thumbnail","hentry","category-mountain-bike-images"],"featured_image_src":"https:\/\/www.basquemtb.com\/wp-content\/uploads\/254461094_6401-600x360.jpg","featured_image_src_square":"https:\/\/www.basquemtb.com\/wp-content\/uploads\/254461094_6401-600x360.jpg","author_info":{"display_name":"admin","author_link":"https:\/\/www.basquemtb.com\/es\/author\/admin\/"},"_links":{"self":[{"href":"https:\/\/www.basquemtb.com\/es\/wp-json\/wp\/v2\/posts\/5023","targetHints":{"allow":["GET"]}}],"collection":[{"href":"https:\/\/www.basquemtb.com\/es\/wp-json\/wp\/v2\/posts"}],"about":[{"href":"https:\/\/www.basquemtb.com\/es\/wp-json\/wp\/v2\/types\/post"}],"author":[{"embeddable":true,"href":"https:\/\/www.basquemtb.com\/es\/wp-json\/wp\/v2\/users\/1"}],"replies":[{"embeddable":true,"href":"https:\/\/www.basquemtb.com\/es\/wp-json\/wp\/v2\/comments?post=5023"}],"version-history":[{"count":0,"href":"https:\/\/www.basquemtb.com\/es\/wp-json\/wp\/v2\/posts\/5023\/revisions"}],"wp:featuredmedia":[{"embeddable":true,"href":"https:\/\/www.basquemtb.com\/es\/wp-json\/wp\/v2\/media\/9763"}],"wp:attachment":[{"href":"https:\/\/www.basquemtb.com\/es\/wp-json\/wp\/v2\/media?parent=5023"}],"wp:term":[{"taxonomy":"category","embeddable":true,"href":"https:\/\/www.basquemtb.com\/es\/wp-json\/wp\/v2\/categories?post=5023"},{"taxonomy":"post_tag","embeddable":true,"href":"https:\/\/www.basquemtb.com\/es\/wp-json\/wp\/v2\/tags?post=5023"}],"curies":[{"name":"wp","href":"https:\/\/api.w.org\/{rel}","templated":true}]}}