{"id":5058,"date":"2012-03-02T15:22:13","date_gmt":"2012-03-02T15:22:13","guid":{"rendered":"http:\/\/localhost\/basquemtb\/?p=5058"},"modified":"2012-03-02T15:33:46","modified_gmt":"2012-03-02T15:33:46","slug":"trail-finding-for-south-pyrenees-mountain-bike-holidays","status":"publish","type":"post","link":"https:\/\/www.basquemtb.com\/es\/rutas-para-vacaciones-en-bicicleta-de-montana-en-los-pirineos-del-sur\/","title":{"rendered":"Vacaciones de BTT en los Pirineos Orientales: B\u00fasqueda de Rutas"},"content":{"rendered":"[singlepic id=2701 w=590px float=\u201dcentre\u201d]\r\n<h2>Un \u00e1rea definida que utilizaremos para nuestros Holiday en bicicleta de monta\u00f1a en los Pirineos del Sur.<\/h2>\r\n\u00a1La ruta de hoy ha sido incre\u00edble, dura, emocionante y dolorosa en partes pr\u00e1cticamente iguales! Llevo unos d\u00edas limpiando y construyendo senderos nuevos y he tenido un par de d\u00edas duros entre grabaciones (\u00a1estad atentos!) y hoy me han pasado factura. Sab\u00eda que estaba en problemas en la primera subida, me dol\u00edan much\u00edsimo los hombros y la espalda. En realidad, fue cuesti\u00f3n de apretar los dientes e intentar disfrutar de las impresionantes vistas mientras avanz\u00e1bamos a duras penas. Javito se distanciaba de m\u00ed con una facilidad asombrosa en todas las subidas y yo no pod\u00eda hacer nada al respecto. Me dej\u00e9 la piel en los tramos f\u00e1ciles y para cuando llegaron los m\u00e1s duros ya lo hab\u00eda dado todo, as\u00ed que tuve que recurrir al viejo truco de empujar con los pies. \u00a1Seguid leyendo para conocer la historia completa y descubrir por qu\u00e9 sonre\u00eda entre l\u00e1grimas! <!--more-->\r\n<table>\r\n<tbody>\r\n<tr>\r\n<td colspan=\"2\">[singlepic id=2702 w=590px float=\u201dcentre\u201d]<\/td>\r\n<\/tr>\r\n<tr>\r\n<td style=\"text-align: center;\" colspan=\"2\"><em><span style=\"color: #888888;\">\u00bfQuieres que tus pr\u00f3ximas vacaciones de ciclismo de monta\u00f1a incluyan vistas como esta?<\/span><\/em><\/td>\r\n<\/tr>\r\n<tr>\r\n<td colspan=\"2\">En primer lugar, no habr\u00e1 tantas fotos de esta ruta. Esto se debe a que estaba tan atr\u00e1s que no pod\u00eda adelantar para hacer fotos. Incluso cuando me puse al d\u00eda, estaba tan ocupado tratando de recuperarme que no pens\u00e9 en la c\u00e1mara. El d\u00eda comenz\u00f3 con una subida por una mezcla de pistas irregulares y senderos impresionantes hasta llegar a un peque\u00f1o y hermoso pueblo construido alrededor de una iglesia antigua. Desde aqu\u00ed, subimos un descenso incre\u00edble para llegar a un monasterio en la cima. Tambi\u00e9n existe la opci\u00f3n de subir por carretera, y podr\u00edamos subirlo en la furgoneta durante nuestro <a href=\"https:\/\/www.basquemtb.com\/es\/mountain-bike-tours-spain\/spanish-pyrenees-mountain-bike-tour\/\" target=\"_blank\">Vacaciones en bicicleta de monta\u00f1a en los Pirineos del Sur<\/a>La pista que subimos ser\u00eda un descenso impresionante, t\u00e9cnico y expuesto, pero un sendero especial. Creo que tal como hicimos el sendero hoy es un poco largo para unas vacaciones de mountain bike promedio, as\u00ed que podr\u00edamos dividirlo en dos y a\u00f1adir este descenso el primer d\u00eda. \u00a1Tantas opciones!<\/td>\r\n<\/tr>\r\n<tr>\r\n<td>[singlepic id=2696 w=280px float=\u201dcentre\u201d]<\/td>\r\n<td>[singlepic id=2699 w=280px float=\u201dcentre\u201d]<\/td>\r\n<\/tr>\r\n<tr>\r\n<td style=\"text-align: center;\"><span style=\"color: #888888;\"><em>Ciclismo de monta\u00f1a en medio de la nada.<\/em><\/span><\/td>\r\n<td style=\"text-align: center;\"><span style=\"color: #888888;\"><em>\u00a0\u00a1Polvoriento, polvoriento, polvoriento!<\/em><\/span><\/td>\r\n<\/tr>\r\n<tr>\r\n<td colspan=\"2\">\u00a0Hoy nos ofrecieron un clima perfecto para el ciclismo de monta\u00f1a, un verdadero anticipo de lo que vendr\u00e1. El aire a\u00fan estaba fresco pero el sol calentaba. Los senderos estaban secos y polvorientos, pero no demasiado. \u00a1Tambi\u00e9n fue la primera vez este a\u00f1o que usamos protector solar! Mientras serpente\u00e1bamos por valles en viejos senderos, era f\u00e1cil olvidar que est\u00e1bamos a solo unos pocos kil\u00f3metros de Jaca, se sent\u00eda como si estuvi\u00e9ramos en bicicleta de monta\u00f1a por una tierra olvidada. Amo el Pa\u00eds Vasco y sus senderos verdes y gran variedad, pero no tenemos este tipo de terreno. Cada vez que conduzco una o dos horas al sur, se siente como un peque\u00f1o <a href=\"https:\/\/www.basquemtb.com\/es\/\" target=\"_blank\">vacaciones en bicicleta de monta\u00f1a <\/a>\u00a1solo para m\u00ed! Un cambio es tan bueno como un descanso, como dicen.<\/td>\r\n<\/tr>\r\n<tr>\r\n<td>[singlepic id=2700 w=280px float=\u201dcentre\u201d]<\/td>\r\n<td>[singlepic id=2697 w=280px float=\u201dcentre\u201d]<\/td>\r\n<\/tr>\r\n<tr>\r\n<td style=\"text-align: center;\"><em><span style=\"color: #888888;\"><em>El \u00faltimo ascenso del d\u00eda.<\/em><\/span><\/em><\/td>\r\n<td style=\"text-align: center;\"><em><span style=\"color: #888888;\">La cima del sendero despu\u00e9s de un almuerzo muy pintoresco. <\/span><\/em><\/td>\r\n<\/tr>\r\n<tr>\r\n<td colspan=\"2\">[singlepic id=2695 w=580px float=\u201dcentre\u201d]<\/td>\r\n<\/tr>\r\n<tr>\r\n<td style=\"text-align: center;\" colspan=\"2\">\u00a0<span style=\"color: #888888;\"><em>Este tramo de sendero \u00fanico fue muy divertido. Peque\u00f1as subidas y peque\u00f1as bajadas. <\/em><\/span><\/td>\r\n<\/tr>\r\n<tr>\r\n<td colspan=\"2\">\u00a0Hoy hemos recorrido algo menos de 2.000 m de desnivel y 64 km. Los descensos han sido incre\u00edbles. El primer descenso ha sido por acantilados, con grandes vistas de los Pirineos a la izquierda y del Prepirineo al sur. Era una bajada floja y sinuosa, pero daba la sensaci\u00f3n de que pod\u00edas empujar la moto contra el suelo y ganar mucho agarre cuando lo necesitabas. Despu\u00e9s de esto tuvimos una corta subida de singletrack antes de llegar al segundo descenso del d\u00eda. \u00c9ste era mucho m\u00e1s t\u00e9cnico. Las curvas sueltas nos llevaron cuesta abajo y en algunos lugares era necesario saltar un poco sobre la parte trasera de la bicicleta para avanzar. El camino estaba plagado de desniveles, desde unos pocos cent\u00edmetros hasta alrededor de un metro o metro y pico. Tengo que admitir que a estas alturas estaba tan cansado que una de ellas la hice andando, pero normalmente estar\u00eda bien. Despu\u00e9s de esta GRAN bajada subimos, todo por sendero, hasta otra cresta y la \u00faltima bajada del d\u00eda. Este era el tipo de singletrack con el que sue\u00f1as. Era r\u00e1pido y fluido, con curvas lo suficientemente anchas como para poder rodearlas. Nada de saltos. M\u00e1s abajo se volvi\u00f3 m\u00e1s duro, pero segu\u00eda siendo fluido. Al final nos llev\u00f3 de vuelta a Jaca y a la furgoneta que nos esperaba. Un d\u00eda realmente magn\u00edfico y gracias a Javito por compartirlo conmigo. Fue duro. En parte porque estaba muy cansado de tanto cortar y cavar. En parte porque era duro.\u00a0\u00a0<strong>Un gran d\u00eda de ciclismo de monta\u00f1a y un sendero definitivo para nuestras vacaciones en bicicleta de monta\u00f1a en el sur de los Pirineos.<\/strong>\r\n\r\nTambi\u00e9n puedes ver algunas fotos de un viaje anterior en <a href=\"http:\/\/javitobike.blogspot.com\/2012\/01\/san-juan-de-la-pina.html\" target=\"_blank\" rel=\"noopener\">El excelente blog de Javito aqu\u00ed. <\/a><\/td>\r\n<\/tr>\r\n<\/tbody>\r\n<\/table>","protected":false},"excerpt":{"rendered":"<p>B\u00fasqueda de senderos para nuestras vacaciones de bicicleta de monta\u00f1a en los Pirineos del Sur.<\/p>","protected":false},"author":1,"featured_media":5071,"comment_status":"open","ping_status":"open","sticky":false,"template":"","format":"standard","meta":{"_monsterinsights_skip_tracking":false,"_monsterinsights_sitenote_active":false,"_monsterinsights_sitenote_note":"","_monsterinsights_sitenote_category":0,"footnotes":""},"categories":[],"tags":[],"class_list":["post-5058","post","type-post","status-publish","format-standard","has-post-thumbnail","hentry"],"featured_image_src":"https:\/\/www.basquemtb.com\/wp-content\/uploads\/mountain-bike-holiday-dust-11.jpg","featured_image_src_square":"https:\/\/www.basquemtb.com\/wp-content\/uploads\/mountain-bike-holiday-dust-11.jpg","author_info":{"display_name":"admin","author_link":"https:\/\/www.basquemtb.com\/es\/author\/admin\/"},"_links":{"self":[{"href":"https:\/\/www.basquemtb.com\/es\/wp-json\/wp\/v2\/posts\/5058","targetHints":{"allow":["GET"]}}],"collection":[{"href":"https:\/\/www.basquemtb.com\/es\/wp-json\/wp\/v2\/posts"}],"about":[{"href":"https:\/\/www.basquemtb.com\/es\/wp-json\/wp\/v2\/types\/post"}],"author":[{"embeddable":true,"href":"https:\/\/www.basquemtb.com\/es\/wp-json\/wp\/v2\/users\/1"}],"replies":[{"embeddable":true,"href":"https:\/\/www.basquemtb.com\/es\/wp-json\/wp\/v2\/comments?post=5058"}],"version-history":[{"count":0,"href":"https:\/\/www.basquemtb.com\/es\/wp-json\/wp\/v2\/posts\/5058\/revisions"}],"wp:featuredmedia":[{"embeddable":true,"href":"https:\/\/www.basquemtb.com\/es\/wp-json\/wp\/v2\/media\/5071"}],"wp:attachment":[{"href":"https:\/\/www.basquemtb.com\/es\/wp-json\/wp\/v2\/media?parent=5058"}],"wp:term":[{"taxonomy":"category","embeddable":true,"href":"https:\/\/www.basquemtb.com\/es\/wp-json\/wp\/v2\/categories?post=5058"},{"taxonomy":"post_tag","embeddable":true,"href":"https:\/\/www.basquemtb.com\/es\/wp-json\/wp\/v2\/tags?post=5058"}],"curies":[{"name":"wp","href":"https:\/\/api.w.org\/{rel}","templated":true}]}}